{"id":10608,"date":"2020-11-16T16:07:11","date_gmt":"2020-11-16T16:07:11","guid":{"rendered":"https:\/\/laprensacristiana.com\/?p=10608"},"modified":"2020-11-16T16:07:12","modified_gmt":"2020-11-16T16:07:12","slug":"la-desconexion-del-evangelio","status":"publish","type":"post","link":"https:\/\/laprensacristiana.com\/?p=10608","title":{"rendered":"La desconexi\u00f3n del evangelio"},"content":{"rendered":"\n<p>Cabe la posibilidad muy fuerte que muchas personas se acostumbren a la nueva normalidad, por cuidar su salud o la de su familia, deciden congregarse en l\u00ednea, pero debemos entender a profundidad qu\u00e9 es congregarnos en l\u00ednea, es la opci\u00f3n de estar conectados como en una iglesia en f\u00edsico, en el caso del d\u00eda domingo a una hora exacta, o la decisi\u00f3n de congregarse a la hora de su conveniencia.<\/p>\n\n\n\n<p>La misi\u00f3n pastoral siempre es ubicar a las personas en la necesidad espiritual que existe en cada individuo de acercarse a Dios, hablamos a las personas que Dios est\u00e1 en todos lados, y por supuesto que as\u00ed es, pero, vemos todo el Nuevo Testamento como un bloque de cartas enviadas a lugares llamados iglesia, para los que eran parte de esa congregaci\u00f3n, pudieron recibir la ense\u00f1anza y discipulado; estos tiempos han sido tan complejos que estamos tratando de interpretarlos, y para muchas personas el periodo prolongado sin asistencia a la iglesia puede derivar en un letargo espiritual, aunque es valedero el punto del temor al contagio, no debemos olvidar que el Dios todo poderoso nos llama a ser y hacer iglesia, esto debe imperar en la vida de todo cristiano, el resultado que puede haber en una persona al no congregarse, al no reunirse, es un enfriamiento espiritual, con el riego de volver al mundo, o simplemente una pasividad en la cual no hayan frutos del esp\u00edritu por no alimentarse correctamente, en l\u00ednea existen una diversidad de iglesias que pueden ser de utilidad, pero, la persona debe ser consciente de la responsabilidad de congregarse y participar de las actividades en l\u00ednea de la iglesia como si estuviera en f\u00edsico.<\/p>\n\n\n\n<p>Como pastores no podemos perder de vista que las ovejas necesitan escuchar nuestra voz, manteniendo una cercan\u00eda para que no pierdan la conexi\u00f3n, se debe tener los contactos de los miembros de la congregaci\u00f3n, esto es posible, seg\u00fan el tama\u00f1o de la congregaci\u00f3n, debemos habilitar nuestros tel\u00e9fonos y horarios para poder conversar, valdr\u00eda la pena que los integrantes de la iglesia tuvieran acceso al tel\u00e9fono del pastor para poder conversar con \u00e9l sobre cualquier situaci\u00f3n, toda persona necesita ser pastoreada, y es el soplo del Esp\u00edritu Santo a trav\u00e9s de la palabra, el rhema hace que las personas puedan tener esa pr\u00e1ctica de fe cristiana, no solo ser oidores sino ser hacedores, este es el punto vital que si estamos en l\u00ednea o si estamos en f\u00edsico procuremos ser hacedores de la palabra y darle prioridad a ella.<\/p>\n\n\n\n<p>El evangelismo es una responsabilidad del cristiano, antes lo hac\u00edamos de otra manera, sin embargo siempre es emocionante ver como algunas personas invitan a otros a participar o conectarse v\u00eda redes sociales, o compartir el culto de sus iglesias y tambi\u00e9n acompa\u00f1ar a personas que tienen una necesidad fuerte para que puedan asistir a la iglesia si las condiciones existen.<\/p>\n\n\n\n<p>S\u00e9 que despu\u00e9s de este periodo vendr\u00e1 un gran avivamiento, y ese avivamiento lo vamos a celebrar y agradecer como cristianos, pero no podemos dejar de recordar la responsabilidad del sembrador, el sembrador sali\u00f3 a sembrar, no podemos dejar de sembrar esa semilla.<\/p>\n","protected":false},"excerpt":{"rendered":"<p>Cabe la posibilidad muy fuerte que muchas personas se acostumbren a la nueva normalidad, por cuidar su salud o la de su familia, deciden congregarse en l\u00ednea, pero debemos entender a profundidad qu\u00e9 es congregarnos en l\u00ednea, es la opci\u00f3n de estar conectados como en una iglesia en f\u00edsico, en el caso del d\u00eda domingo [&hellip;]<\/p>\n","protected":false},"author":3,"featured_media":9965,"comment_status":"open","ping_status":"open","sticky":false,"template":"","format":"standard","meta":[],"categories":[23],"tags":[],"yoast_head":"<!-- This site is optimized with the Yoast SEO plugin v20.8 - https:\/\/yoast.com\/wordpress\/plugins\/seo\/ -->\n<title>La desconexi\u00f3n del evangelio - La Prensa Cristiana<\/title>\n<meta name=\"robots\" content=\"index, follow, max-snippet:-1, max-image-preview:large, max-video-preview:-1\" \/>\n<link rel=\"canonical\" href=\"https:\/\/laprensacristiana.com\/?p=10608\" \/>\n<meta property=\"og:locale\" content=\"es_ES\" \/>\n<meta property=\"og:type\" content=\"article\" \/>\n<meta property=\"og:title\" content=\"La desconexi\u00f3n del evangelio - La Prensa Cristiana\" \/>\n<meta property=\"og:description\" content=\"Cabe la posibilidad muy fuerte que muchas personas se acostumbren a la nueva normalidad, por cuidar su salud o la de su familia, deciden congregarse en l\u00ednea, pero debemos entender a profundidad qu\u00e9 es congregarnos en l\u00ednea, es la opci\u00f3n de estar conectados como en una iglesia en f\u00edsico, en el caso del d\u00eda domingo [&hellip;]\" \/>\n<meta property=\"og:url\" content=\"https:\/\/laprensacristiana.com\/?p=10608\" \/>\n<meta property=\"og:site_name\" content=\"La Prensa Cristiana\" \/>\n<meta property=\"article:published_time\" content=\"2020-11-16T16:07:11+00:00\" \/>\n<meta property=\"article:modified_time\" content=\"2020-11-16T16:07:12+00:00\" \/>\n<meta property=\"og:image\" content=\"https:\/\/laprensacristiana.com\/wp-content\/uploads\/2020\/08\/IMG-20200806-WA0055.jpg\" \/>\n\t<meta property=\"og:image:width\" content=\"776\" \/>\n\t<meta property=\"og:image:height\" content=\"393\" \/>\n\t<meta property=\"og:image:type\" content=\"image\/jpeg\" \/>\n<meta name=\"author\" content=\"EDITOR\" \/>\n<meta name=\"twitter:card\" content=\"summary_large_image\" \/>\n<meta name=\"twitter:label1\" content=\"Escrito por\" \/>\n\t<meta name=\"twitter:data1\" content=\"EDITOR\" \/>\n\t<meta name=\"twitter:label2\" content=\"Tiempo de lectura\" \/>\n\t<meta name=\"twitter:data2\" content=\"3 minutos\" \/>\n<script type=\"application\/ld+json\" class=\"yoast-schema-graph\">{\"@context\":\"https:\/\/schema.org\",\"@graph\":[{\"@type\":\"WebPage\",\"@id\":\"https:\/\/laprensacristiana.com\/?p=10608\",\"url\":\"https:\/\/laprensacristiana.com\/?p=10608\",\"name\":\"La desconexi\u00f3n del evangelio - La Prensa Cristiana\",\"isPartOf\":{\"@id\":\"https:\/\/laprensacristiana.com\/#website\"},\"datePublished\":\"2020-11-16T16:07:11+00:00\",\"dateModified\":\"2020-11-16T16:07:12+00:00\",\"author\":{\"@id\":\"https:\/\/laprensacristiana.com\/#\/schema\/person\/3e7d82c6bfd6b1fa67010f8f7cd5256e\"},\"breadcrumb\":{\"@id\":\"https:\/\/laprensacristiana.com\/?p=10608#breadcrumb\"},\"inLanguage\":\"es\",\"potentialAction\":[{\"@type\":\"ReadAction\",\"target\":[\"https:\/\/laprensacristiana.com\/?p=10608\"]}]},{\"@type\":\"BreadcrumbList\",\"@id\":\"https:\/\/laprensacristiana.com\/?p=10608#breadcrumb\",\"itemListElement\":[{\"@type\":\"ListItem\",\"position\":1,\"name\":\"Portada\",\"item\":\"https:\/\/laprensacristiana.com\/\"},{\"@type\":\"ListItem\",\"position\":2,\"name\":\"La desconexi\u00f3n del evangelio\"}]},{\"@type\":\"WebSite\",\"@id\":\"https:\/\/laprensacristiana.com\/#website\",\"url\":\"https:\/\/laprensacristiana.com\/\",\"name\":\"La Prensa Cristiana\",\"description\":\"Anunciando Las Buenas Nuevas\",\"potentialAction\":[{\"@type\":\"SearchAction\",\"target\":{\"@type\":\"EntryPoint\",\"urlTemplate\":\"https:\/\/laprensacristiana.com\/?s={search_term_string}\"},\"query-input\":\"required name=search_term_string\"}],\"inLanguage\":\"es\"},{\"@type\":\"Person\",\"@id\":\"https:\/\/laprensacristiana.com\/#\/schema\/person\/3e7d82c6bfd6b1fa67010f8f7cd5256e\",\"name\":\"EDITOR\",\"image\":{\"@type\":\"ImageObject\",\"inLanguage\":\"es\",\"@id\":\"https:\/\/laprensacristiana.com\/#\/schema\/person\/image\/\",\"url\":\"https:\/\/secure.gravatar.com\/avatar\/72069dfb6c13772d9e8381e3638666d2?s=96&d=mm&r=g\",\"contentUrl\":\"https:\/\/secure.gravatar.com\/avatar\/72069dfb6c13772d9e8381e3638666d2?s=96&d=mm&r=g\",\"caption\":\"EDITOR\"},\"url\":\"https:\/\/laprensacristiana.com\/?author=3\"}]}<\/script>\n<!-- \/ Yoast SEO plugin. -->","yoast_head_json":{"title":"La desconexi\u00f3n del evangelio - La Prensa Cristiana","robots":{"index":"index","follow":"follow","max-snippet":"max-snippet:-1","max-image-preview":"max-image-preview:large","max-video-preview":"max-video-preview:-1"},"canonical":"https:\/\/laprensacristiana.com\/?p=10608","og_locale":"es_ES","og_type":"article","og_title":"La desconexi\u00f3n del evangelio - La Prensa Cristiana","og_description":"Cabe la posibilidad muy fuerte que muchas personas se acostumbren a la nueva normalidad, por cuidar su salud o la de su familia, deciden congregarse en l\u00ednea, pero debemos entender a profundidad qu\u00e9 es congregarnos en l\u00ednea, es la opci\u00f3n de estar conectados como en una iglesia en f\u00edsico, en el caso del d\u00eda domingo [&hellip;]","og_url":"https:\/\/laprensacristiana.com\/?p=10608","og_site_name":"La Prensa Cristiana","article_published_time":"2020-11-16T16:07:11+00:00","article_modified_time":"2020-11-16T16:07:12+00:00","og_image":[{"width":776,"height":393,"url":"https:\/\/laprensacristiana.com\/wp-content\/uploads\/2020\/08\/IMG-20200806-WA0055.jpg","type":"image\/jpeg"}],"author":"EDITOR","twitter_card":"summary_large_image","twitter_misc":{"Escrito por":"EDITOR","Tiempo de lectura":"3 minutos"},"schema":{"@context":"https:\/\/schema.org","@graph":[{"@type":"WebPage","@id":"https:\/\/laprensacristiana.com\/?p=10608","url":"https:\/\/laprensacristiana.com\/?p=10608","name":"La desconexi\u00f3n del evangelio - La Prensa Cristiana","isPartOf":{"@id":"https:\/\/laprensacristiana.com\/#website"},"datePublished":"2020-11-16T16:07:11+00:00","dateModified":"2020-11-16T16:07:12+00:00","author":{"@id":"https:\/\/laprensacristiana.com\/#\/schema\/person\/3e7d82c6bfd6b1fa67010f8f7cd5256e"},"breadcrumb":{"@id":"https:\/\/laprensacristiana.com\/?p=10608#breadcrumb"},"inLanguage":"es","potentialAction":[{"@type":"ReadAction","target":["https:\/\/laprensacristiana.com\/?p=10608"]}]},{"@type":"BreadcrumbList","@id":"https:\/\/laprensacristiana.com\/?p=10608#breadcrumb","itemListElement":[{"@type":"ListItem","position":1,"name":"Portada","item":"https:\/\/laprensacristiana.com\/"},{"@type":"ListItem","position":2,"name":"La desconexi\u00f3n del evangelio"}]},{"@type":"WebSite","@id":"https:\/\/laprensacristiana.com\/#website","url":"https:\/\/laprensacristiana.com\/","name":"La Prensa Cristiana","description":"Anunciando Las Buenas Nuevas","potentialAction":[{"@type":"SearchAction","target":{"@type":"EntryPoint","urlTemplate":"https:\/\/laprensacristiana.com\/?s={search_term_string}"},"query-input":"required name=search_term_string"}],"inLanguage":"es"},{"@type":"Person","@id":"https:\/\/laprensacristiana.com\/#\/schema\/person\/3e7d82c6bfd6b1fa67010f8f7cd5256e","name":"EDITOR","image":{"@type":"ImageObject","inLanguage":"es","@id":"https:\/\/laprensacristiana.com\/#\/schema\/person\/image\/","url":"https:\/\/secure.gravatar.com\/avatar\/72069dfb6c13772d9e8381e3638666d2?s=96&d=mm&r=g","contentUrl":"https:\/\/secure.gravatar.com\/avatar\/72069dfb6c13772d9e8381e3638666d2?s=96&d=mm&r=g","caption":"EDITOR"},"url":"https:\/\/laprensacristiana.com\/?author=3"}]}},"_links":{"self":[{"href":"https:\/\/laprensacristiana.com\/index.php?rest_route=\/wp\/v2\/posts\/10608"}],"collection":[{"href":"https:\/\/laprensacristiana.com\/index.php?rest_route=\/wp\/v2\/posts"}],"about":[{"href":"https:\/\/laprensacristiana.com\/index.php?rest_route=\/wp\/v2\/types\/post"}],"author":[{"embeddable":true,"href":"https:\/\/laprensacristiana.com\/index.php?rest_route=\/wp\/v2\/users\/3"}],"replies":[{"embeddable":true,"href":"https:\/\/laprensacristiana.com\/index.php?rest_route=%2Fwp%2Fv2%2Fcomments&post=10608"}],"version-history":[{"count":1,"href":"https:\/\/laprensacristiana.com\/index.php?rest_route=\/wp\/v2\/posts\/10608\/revisions"}],"predecessor-version":[{"id":10609,"href":"https:\/\/laprensacristiana.com\/index.php?rest_route=\/wp\/v2\/posts\/10608\/revisions\/10609"}],"wp:featuredmedia":[{"embeddable":true,"href":"https:\/\/laprensacristiana.com\/index.php?rest_route=\/wp\/v2\/media\/9965"}],"wp:attachment":[{"href":"https:\/\/laprensacristiana.com\/index.php?rest_route=%2Fwp%2Fv2%2Fmedia&parent=10608"}],"wp:term":[{"taxonomy":"category","embeddable":true,"href":"https:\/\/laprensacristiana.com\/index.php?rest_route=%2Fwp%2Fv2%2Fcategories&post=10608"},{"taxonomy":"post_tag","embeddable":true,"href":"https:\/\/laprensacristiana.com\/index.php?rest_route=%2Fwp%2Fv2%2Ftags&post=10608"}],"curies":[{"name":"wp","href":"https:\/\/api.w.org\/{rel}","templated":true}]}}