{"id":10632,"date":"2020-11-18T14:07:50","date_gmt":"2020-11-18T14:07:50","guid":{"rendered":"https:\/\/laprensacristiana.com\/?p=10632"},"modified":"2020-11-18T14:07:51","modified_gmt":"2020-11-18T14:07:51","slug":"balido-de-ovejas-y-vacas","status":"publish","type":"post","link":"https:\/\/laprensacristiana.com\/?p=10632","title":{"rendered":"Balido de ovejas y vacas"},"content":{"rendered":"\n<p>1 Samuel 15:14 \u201c\u00bfQu\u00e9 es este balido de ovejas en mis o\u00eddos y el mugido de bueyes que oigo?\u201d<\/p>\n\n\n\n<p>\u00a1He orado a Dios y no me escucha! He clamado, llorado, ayunado e ido a la iglesia a pedir mi milagro pero no hay manera que sea atendida mi petici\u00f3n.<\/p>\n\n\n\n<p>Esa es la queja de mucha gente que asiste a los templos a acompa\u00f1ar a otros en los cantos, en los ritos y toda la parafernalia eclesi\u00e1stica que se acostumbra para tranquilizar sus conciencias y justificar que est\u00e1n en paz con Dios. Por lo tanto, creen que son merecedores de que Dios los escuche en sus ruegos y les conceda sus gustos. Normalmente son personas que no se han convertido de todo coraz\u00f3n al Se\u00f1or. Quiz\u00e1 lo han confesado por compromiso o por ser parte de una sociedad que se distingue por su cristianismo verdadero como aquellos que en tiempos de Pablo predicaban por envidia a Jesucristo, \u00bfrecuerdan?<\/p>\n\n\n\n<p>Son personas que viven vidas dobles. Su doble moral los mantiene tan ocupados en las cosas del mundo que no quieren dejarlas por que ese es precisamente su estilo de vida. Se niegan a abandonar sus deseos carnales y ego\u00edstas en un mundo egoc\u00e9ntrico y lleno de deleites para la carne. Son los que emulan a Sa\u00fal cuando se reserv\u00f3 lo mejor del bot\u00edn cuando la batalla con Amalec. Guard\u00f3 sus ovejas y bueyes para su propio sustento. Con eso ten\u00eda asegurada su cena para varios meses sin necesidad de acudir al Dios que lo hab\u00eda puesto como rey de Israel.<\/p>\n\n\n\n<p>Hoy, cuando pasan situaciones extremas, cuando la realidad los atenaza y los hace doblar la cerviz, acuden a Jesus. Le piden, le exigen, lo chantajean con lagrimitas fingidas para que les atienda. Pero no sucede tal cosa: Hay tanto balido de ovejas y bueyes en su coraz\u00f3n que no pueden ser escuchados. Ni modo, as\u00ed es la cosa mis amigos.<\/p>\n\n\n\n<p>SOLI DEO GLORIA<\/p>\n","protected":false},"excerpt":{"rendered":"<p>1 Samuel 15:14 \u201c\u00bfQu\u00e9 es este balido de ovejas en mis o\u00eddos y el mugido de bueyes que oigo?\u201d \u00a1He orado a Dios y no me escucha! He clamado, llorado, ayunado e ido a la iglesia a pedir mi milagro pero no hay manera que sea atendida mi petici\u00f3n. Esa es la queja de mucha [&hellip;]<\/p>\n","protected":false},"author":3,"featured_media":10593,"comment_status":"open","ping_status":"open","sticky":false,"template":"","format":"standard","meta":[],"categories":[36],"tags":[],"yoast_head":"<!-- This site is optimized with the Yoast SEO plugin v20.8 - https:\/\/yoast.com\/wordpress\/plugins\/seo\/ -->\n<title>Balido de ovejas y vacas - La Prensa Cristiana<\/title>\n<meta name=\"robots\" content=\"index, follow, max-snippet:-1, max-image-preview:large, max-video-preview:-1\" \/>\n<link rel=\"canonical\" href=\"https:\/\/laprensacristiana.com\/?p=10632\" \/>\n<meta property=\"og:locale\" content=\"es_ES\" \/>\n<meta property=\"og:type\" content=\"article\" \/>\n<meta property=\"og:title\" content=\"Balido de ovejas y vacas - La Prensa Cristiana\" \/>\n<meta property=\"og:description\" content=\"1 Samuel 15:14 \u201c\u00bfQu\u00e9 es este balido de ovejas en mis o\u00eddos y el mugido de bueyes que oigo?\u201d \u00a1He orado a Dios y no me escucha! He clamado, llorado, ayunado e ido a la iglesia a pedir mi milagro pero no hay manera que sea atendida mi petici\u00f3n. Esa es la queja de mucha [&hellip;]\" \/>\n<meta property=\"og:url\" content=\"https:\/\/laprensacristiana.com\/?p=10632\" \/>\n<meta property=\"og:site_name\" content=\"La Prensa Cristiana\" \/>\n<meta property=\"article:published_time\" content=\"2020-11-18T14:07:50+00:00\" \/>\n<meta property=\"article:modified_time\" content=\"2020-11-18T14:07:51+00:00\" \/>\n<meta property=\"og:image\" content=\"https:\/\/laprensacristiana.com\/wp-content\/uploads\/2020\/11\/IMG_20201109_121125_873.jpg\" \/>\n\t<meta property=\"og:image:width\" content=\"1280\" \/>\n\t<meta property=\"og:image:height\" content=\"714\" \/>\n\t<meta property=\"og:image:type\" content=\"image\/jpeg\" \/>\n<meta name=\"author\" content=\"EDITOR\" \/>\n<meta name=\"twitter:card\" content=\"summary_large_image\" \/>\n<meta name=\"twitter:label1\" content=\"Escrito por\" \/>\n\t<meta name=\"twitter:data1\" content=\"EDITOR\" \/>\n\t<meta name=\"twitter:label2\" content=\"Tiempo de lectura\" \/>\n\t<meta name=\"twitter:data2\" content=\"2 minutos\" \/>\n<script type=\"application\/ld+json\" class=\"yoast-schema-graph\">{\"@context\":\"https:\/\/schema.org\",\"@graph\":[{\"@type\":\"WebPage\",\"@id\":\"https:\/\/laprensacristiana.com\/?p=10632\",\"url\":\"https:\/\/laprensacristiana.com\/?p=10632\",\"name\":\"Balido de ovejas y vacas - La Prensa Cristiana\",\"isPartOf\":{\"@id\":\"https:\/\/laprensacristiana.com\/#website\"},\"datePublished\":\"2020-11-18T14:07:50+00:00\",\"dateModified\":\"2020-11-18T14:07:51+00:00\",\"author\":{\"@id\":\"https:\/\/laprensacristiana.com\/#\/schema\/person\/3e7d82c6bfd6b1fa67010f8f7cd5256e\"},\"breadcrumb\":{\"@id\":\"https:\/\/laprensacristiana.com\/?p=10632#breadcrumb\"},\"inLanguage\":\"es\",\"potentialAction\":[{\"@type\":\"ReadAction\",\"target\":[\"https:\/\/laprensacristiana.com\/?p=10632\"]}]},{\"@type\":\"BreadcrumbList\",\"@id\":\"https:\/\/laprensacristiana.com\/?p=10632#breadcrumb\",\"itemListElement\":[{\"@type\":\"ListItem\",\"position\":1,\"name\":\"Portada\",\"item\":\"https:\/\/laprensacristiana.com\/\"},{\"@type\":\"ListItem\",\"position\":2,\"name\":\"Balido de ovejas y vacas\"}]},{\"@type\":\"WebSite\",\"@id\":\"https:\/\/laprensacristiana.com\/#website\",\"url\":\"https:\/\/laprensacristiana.com\/\",\"name\":\"La Prensa Cristiana\",\"description\":\"Anunciando Las Buenas Nuevas\",\"potentialAction\":[{\"@type\":\"SearchAction\",\"target\":{\"@type\":\"EntryPoint\",\"urlTemplate\":\"https:\/\/laprensacristiana.com\/?s={search_term_string}\"},\"query-input\":\"required name=search_term_string\"}],\"inLanguage\":\"es\"},{\"@type\":\"Person\",\"@id\":\"https:\/\/laprensacristiana.com\/#\/schema\/person\/3e7d82c6bfd6b1fa67010f8f7cd5256e\",\"name\":\"EDITOR\",\"image\":{\"@type\":\"ImageObject\",\"inLanguage\":\"es\",\"@id\":\"https:\/\/laprensacristiana.com\/#\/schema\/person\/image\/\",\"url\":\"https:\/\/secure.gravatar.com\/avatar\/72069dfb6c13772d9e8381e3638666d2?s=96&d=mm&r=g\",\"contentUrl\":\"https:\/\/secure.gravatar.com\/avatar\/72069dfb6c13772d9e8381e3638666d2?s=96&d=mm&r=g\",\"caption\":\"EDITOR\"},\"url\":\"https:\/\/laprensacristiana.com\/?author=3\"}]}<\/script>\n<!-- \/ Yoast SEO plugin. -->","yoast_head_json":{"title":"Balido de ovejas y vacas - La Prensa Cristiana","robots":{"index":"index","follow":"follow","max-snippet":"max-snippet:-1","max-image-preview":"max-image-preview:large","max-video-preview":"max-video-preview:-1"},"canonical":"https:\/\/laprensacristiana.com\/?p=10632","og_locale":"es_ES","og_type":"article","og_title":"Balido de ovejas y vacas - La Prensa Cristiana","og_description":"1 Samuel 15:14 \u201c\u00bfQu\u00e9 es este balido de ovejas en mis o\u00eddos y el mugido de bueyes que oigo?\u201d \u00a1He orado a Dios y no me escucha! He clamado, llorado, ayunado e ido a la iglesia a pedir mi milagro pero no hay manera que sea atendida mi petici\u00f3n. Esa es la queja de mucha [&hellip;]","og_url":"https:\/\/laprensacristiana.com\/?p=10632","og_site_name":"La Prensa Cristiana","article_published_time":"2020-11-18T14:07:50+00:00","article_modified_time":"2020-11-18T14:07:51+00:00","og_image":[{"width":1280,"height":714,"url":"https:\/\/laprensacristiana.com\/wp-content\/uploads\/2020\/11\/IMG_20201109_121125_873.jpg","type":"image\/jpeg"}],"author":"EDITOR","twitter_card":"summary_large_image","twitter_misc":{"Escrito por":"EDITOR","Tiempo de lectura":"2 minutos"},"schema":{"@context":"https:\/\/schema.org","@graph":[{"@type":"WebPage","@id":"https:\/\/laprensacristiana.com\/?p=10632","url":"https:\/\/laprensacristiana.com\/?p=10632","name":"Balido de ovejas y vacas - La Prensa Cristiana","isPartOf":{"@id":"https:\/\/laprensacristiana.com\/#website"},"datePublished":"2020-11-18T14:07:50+00:00","dateModified":"2020-11-18T14:07:51+00:00","author":{"@id":"https:\/\/laprensacristiana.com\/#\/schema\/person\/3e7d82c6bfd6b1fa67010f8f7cd5256e"},"breadcrumb":{"@id":"https:\/\/laprensacristiana.com\/?p=10632#breadcrumb"},"inLanguage":"es","potentialAction":[{"@type":"ReadAction","target":["https:\/\/laprensacristiana.com\/?p=10632"]}]},{"@type":"BreadcrumbList","@id":"https:\/\/laprensacristiana.com\/?p=10632#breadcrumb","itemListElement":[{"@type":"ListItem","position":1,"name":"Portada","item":"https:\/\/laprensacristiana.com\/"},{"@type":"ListItem","position":2,"name":"Balido de ovejas y vacas"}]},{"@type":"WebSite","@id":"https:\/\/laprensacristiana.com\/#website","url":"https:\/\/laprensacristiana.com\/","name":"La Prensa Cristiana","description":"Anunciando Las Buenas Nuevas","potentialAction":[{"@type":"SearchAction","target":{"@type":"EntryPoint","urlTemplate":"https:\/\/laprensacristiana.com\/?s={search_term_string}"},"query-input":"required name=search_term_string"}],"inLanguage":"es"},{"@type":"Person","@id":"https:\/\/laprensacristiana.com\/#\/schema\/person\/3e7d82c6bfd6b1fa67010f8f7cd5256e","name":"EDITOR","image":{"@type":"ImageObject","inLanguage":"es","@id":"https:\/\/laprensacristiana.com\/#\/schema\/person\/image\/","url":"https:\/\/secure.gravatar.com\/avatar\/72069dfb6c13772d9e8381e3638666d2?s=96&d=mm&r=g","contentUrl":"https:\/\/secure.gravatar.com\/avatar\/72069dfb6c13772d9e8381e3638666d2?s=96&d=mm&r=g","caption":"EDITOR"},"url":"https:\/\/laprensacristiana.com\/?author=3"}]}},"_links":{"self":[{"href":"https:\/\/laprensacristiana.com\/index.php?rest_route=\/wp\/v2\/posts\/10632"}],"collection":[{"href":"https:\/\/laprensacristiana.com\/index.php?rest_route=\/wp\/v2\/posts"}],"about":[{"href":"https:\/\/laprensacristiana.com\/index.php?rest_route=\/wp\/v2\/types\/post"}],"author":[{"embeddable":true,"href":"https:\/\/laprensacristiana.com\/index.php?rest_route=\/wp\/v2\/users\/3"}],"replies":[{"embeddable":true,"href":"https:\/\/laprensacristiana.com\/index.php?rest_route=%2Fwp%2Fv2%2Fcomments&post=10632"}],"version-history":[{"count":1,"href":"https:\/\/laprensacristiana.com\/index.php?rest_route=\/wp\/v2\/posts\/10632\/revisions"}],"predecessor-version":[{"id":10633,"href":"https:\/\/laprensacristiana.com\/index.php?rest_route=\/wp\/v2\/posts\/10632\/revisions\/10633"}],"wp:featuredmedia":[{"embeddable":true,"href":"https:\/\/laprensacristiana.com\/index.php?rest_route=\/wp\/v2\/media\/10593"}],"wp:attachment":[{"href":"https:\/\/laprensacristiana.com\/index.php?rest_route=%2Fwp%2Fv2%2Fmedia&parent=10632"}],"wp:term":[{"taxonomy":"category","embeddable":true,"href":"https:\/\/laprensacristiana.com\/index.php?rest_route=%2Fwp%2Fv2%2Fcategories&post=10632"},{"taxonomy":"post_tag","embeddable":true,"href":"https:\/\/laprensacristiana.com\/index.php?rest_route=%2Fwp%2Fv2%2Ftags&post=10632"}],"curies":[{"name":"wp","href":"https:\/\/api.w.org\/{rel}","templated":true}]}}