{"id":10642,"date":"2020-11-20T06:00:00","date_gmt":"2020-11-20T06:00:00","guid":{"rendered":"https:\/\/laprensacristiana.com\/?p=10642"},"modified":"2020-11-20T06:00:01","modified_gmt":"2020-11-20T06:00:01","slug":"fundacion-el-gran-yo-soy-lleva-ayuda-a-san-juan-nonualco","status":"publish","type":"post","link":"https:\/\/laprensacristiana.com\/?p=10642","title":{"rendered":"Fundaci\u00f3n El Gran Yo Soy lleva ayuda a San Juan Nonualco"},"content":{"rendered":"\n<p>Por segundo d\u00eda consecutivo la Fundaci\u00f3n El Gran Yo Soy est\u00e1 llevando ayuda a las familias salvadore\u00f1as, en esta ocasi\u00f3n han beneficiado a 100 familias de la comunidad Padre Cosme Spessotto, en el municipio de San Juan Nonualco, departamento de La Paz.<\/p>\n\n\n\n<p>Pedro Mart\u00ednez Rosales representante de la ADESCO de la Comunidad Spessotto expres\u00f3 sentirse agradecido con el Se\u00f1or y con la Fundaci\u00f3n El Gran Yo Soy\u201cGracias por tomarnos en cuenta con esta bendici\u00f3n, es una bendici\u00f3n m\u00e1s que ha venido a nuestra comunidad, gracias infinitas, esperamos que exista otra oportunidad\u201drecalc\u00f3.<\/p>\n\n\n\n<p>\u201cEstamos agradecidos primeramente con Dios y con la Fundaci\u00f3n El Gran Yo Soy por la bendici\u00f3n que nos ha tra\u00eddo, es una bendici\u00f3n para la comunidad y para cada familia\u201dacot\u00f3 Moris Romero, residente del lugar y miembro de Misi\u00f3n Cristiana Elim Zacatecoluca.<\/p>\n\n\n\n<p>Fundaci\u00f3n El Gran Yo Soy &nbsp;seg\u00fan su fundador Jefferson Flores naci\u00f3 en el coraz\u00f3n de Dios, fue el quien deposit\u00f3 ese deseo en su coraz\u00f3n y en el liderazgo de su iglesia Ministerio Rey de Reyes, ha venido a El Salvador varias veces y ha podido ver la necesidad que hay en el pa\u00eds, espec\u00edficamente en los ni\u00f1os, madres solteras y adultos mayores, y el enfoque de la fundaci\u00f3n es dar esperanza y compartir con el necesitado. &nbsp;<\/p>\n\n\n\n<p>\u201cEs una bendici\u00f3n estar en el segundo d\u00eda de entrega de bolsas de alimentos, uno se siente muy alegre de poder estar aqu\u00ed compartiendo con el pueblo salvadore\u00f1o, nuestro prop\u00f3sito es traer esperanza en tiempos de crisis, esta es una forma de predicar a Jesucristo, estamos muy agradecidos con Dios por este privilegio\u201dconcluy\u00f3 Jefferson Flores, representante de la Fundaci\u00f3n El Gran Yo Soy.<\/p>\n\n\n\n<figure class=\"wp-block-image size-large\"><img decoding=\"async\" loading=\"lazy\" width=\"1024\" height=\"683\" src=\"https:\/\/laprensacristiana.com\/wp-content\/uploads\/2020\/11\/IMG_2709-1024x683.jpg\" alt=\"\" class=\"wp-image-10644\" srcset=\"https:\/\/laprensacristiana.com\/wp-content\/uploads\/2020\/11\/IMG_2709-1024x683.jpg 1024w, https:\/\/laprensacristiana.com\/wp-content\/uploads\/2020\/11\/IMG_2709-300x200.jpg 300w, https:\/\/laprensacristiana.com\/wp-content\/uploads\/2020\/11\/IMG_2709-768x512.jpg 768w, https:\/\/laprensacristiana.com\/wp-content\/uploads\/2020\/11\/IMG_2709-1536x1024.jpg 1536w, https:\/\/laprensacristiana.com\/wp-content\/uploads\/2020\/11\/IMG_2709-2048x1365.jpg 2048w, https:\/\/laprensacristiana.com\/wp-content\/uploads\/2020\/11\/IMG_2709-696x464.jpg 696w, https:\/\/laprensacristiana.com\/wp-content\/uploads\/2020\/11\/IMG_2709-1068x712.jpg 1068w, https:\/\/laprensacristiana.com\/wp-content\/uploads\/2020\/11\/IMG_2709-1920x1280.jpg 1920w, https:\/\/laprensacristiana.com\/wp-content\/uploads\/2020\/11\/IMG_2709-600x400.jpg 600w\" sizes=\"(max-width: 1024px) 100vw, 1024px\" \/><\/figure>\n","protected":false},"excerpt":{"rendered":"<p>Por segundo d\u00eda consecutivo la Fundaci\u00f3n El Gran Yo Soy est\u00e1 llevando ayuda a las familias salvadore\u00f1as, en esta ocasi\u00f3n han beneficiado a 100 familias de la comunidad Padre Cosme Spessotto, en el municipio de San Juan Nonualco, departamento de La Paz. Pedro Mart\u00ednez Rosales representante de la ADESCO de la Comunidad Spessotto expres\u00f3 sentirse [&hellip;]<\/p>\n","protected":false},"author":3,"featured_media":10643,"comment_status":"open","ping_status":"open","sticky":false,"template":"","format":"standard","meta":[],"categories":[56],"tags":[],"yoast_head":"<!-- This site is optimized with the Yoast SEO plugin v20.8 - https:\/\/yoast.com\/wordpress\/plugins\/seo\/ -->\n<title>Fundaci\u00f3n El Gran Yo Soy lleva ayuda a San Juan Nonualco - La Prensa Cristiana<\/title>\n<meta name=\"robots\" content=\"index, follow, max-snippet:-1, max-image-preview:large, max-video-preview:-1\" \/>\n<link rel=\"canonical\" href=\"https:\/\/laprensacristiana.com\/?p=10642\" \/>\n<meta property=\"og:locale\" content=\"es_ES\" \/>\n<meta property=\"og:type\" content=\"article\" \/>\n<meta property=\"og:title\" content=\"Fundaci\u00f3n El Gran Yo Soy lleva ayuda a San Juan Nonualco - La Prensa Cristiana\" \/>\n<meta property=\"og:description\" content=\"Por segundo d\u00eda consecutivo la Fundaci\u00f3n El Gran Yo Soy est\u00e1 llevando ayuda a las familias salvadore\u00f1as, en esta ocasi\u00f3n han beneficiado a 100 familias de la comunidad Padre Cosme Spessotto, en el municipio de San Juan Nonualco, departamento de La Paz. Pedro Mart\u00ednez Rosales representante de la ADESCO de la Comunidad Spessotto expres\u00f3 sentirse [&hellip;]\" \/>\n<meta property=\"og:url\" content=\"https:\/\/laprensacristiana.com\/?p=10642\" \/>\n<meta property=\"og:site_name\" content=\"La Prensa Cristiana\" \/>\n<meta property=\"article:published_time\" content=\"2020-11-20T06:00:00+00:00\" \/>\n<meta property=\"article:modified_time\" content=\"2020-11-20T06:00:01+00:00\" \/>\n<meta property=\"og:image\" content=\"https:\/\/laprensacristiana.com\/wp-content\/uploads\/2020\/11\/IMG_2766-scaled.jpg\" \/>\n\t<meta property=\"og:image:width\" content=\"2560\" \/>\n\t<meta property=\"og:image:height\" content=\"1707\" \/>\n\t<meta property=\"og:image:type\" content=\"image\/jpeg\" \/>\n<meta name=\"author\" content=\"EDITOR\" \/>\n<meta name=\"twitter:card\" content=\"summary_large_image\" \/>\n<meta name=\"twitter:label1\" content=\"Escrito por\" \/>\n\t<meta name=\"twitter:data1\" content=\"EDITOR\" \/>\n\t<meta name=\"twitter:label2\" content=\"Tiempo de lectura\" \/>\n\t<meta name=\"twitter:data2\" content=\"2 minutos\" \/>\n<script type=\"application\/ld+json\" class=\"yoast-schema-graph\">{\"@context\":\"https:\/\/schema.org\",\"@graph\":[{\"@type\":\"WebPage\",\"@id\":\"https:\/\/laprensacristiana.com\/?p=10642\",\"url\":\"https:\/\/laprensacristiana.com\/?p=10642\",\"name\":\"Fundaci\u00f3n El Gran Yo Soy lleva ayuda a San Juan Nonualco - La Prensa Cristiana\",\"isPartOf\":{\"@id\":\"https:\/\/laprensacristiana.com\/#website\"},\"datePublished\":\"2020-11-20T06:00:00+00:00\",\"dateModified\":\"2020-11-20T06:00:01+00:00\",\"author\":{\"@id\":\"https:\/\/laprensacristiana.com\/#\/schema\/person\/3e7d82c6bfd6b1fa67010f8f7cd5256e\"},\"breadcrumb\":{\"@id\":\"https:\/\/laprensacristiana.com\/?p=10642#breadcrumb\"},\"inLanguage\":\"es\",\"potentialAction\":[{\"@type\":\"ReadAction\",\"target\":[\"https:\/\/laprensacristiana.com\/?p=10642\"]}]},{\"@type\":\"BreadcrumbList\",\"@id\":\"https:\/\/laprensacristiana.com\/?p=10642#breadcrumb\",\"itemListElement\":[{\"@type\":\"ListItem\",\"position\":1,\"name\":\"Portada\",\"item\":\"https:\/\/laprensacristiana.com\/\"},{\"@type\":\"ListItem\",\"position\":2,\"name\":\"Fundaci\u00f3n El Gran Yo Soy lleva ayuda a San Juan Nonualco\"}]},{\"@type\":\"WebSite\",\"@id\":\"https:\/\/laprensacristiana.com\/#website\",\"url\":\"https:\/\/laprensacristiana.com\/\",\"name\":\"La Prensa Cristiana\",\"description\":\"Anunciando Las Buenas Nuevas\",\"potentialAction\":[{\"@type\":\"SearchAction\",\"target\":{\"@type\":\"EntryPoint\",\"urlTemplate\":\"https:\/\/laprensacristiana.com\/?s={search_term_string}\"},\"query-input\":\"required name=search_term_string\"}],\"inLanguage\":\"es\"},{\"@type\":\"Person\",\"@id\":\"https:\/\/laprensacristiana.com\/#\/schema\/person\/3e7d82c6bfd6b1fa67010f8f7cd5256e\",\"name\":\"EDITOR\",\"image\":{\"@type\":\"ImageObject\",\"inLanguage\":\"es\",\"@id\":\"https:\/\/laprensacristiana.com\/#\/schema\/person\/image\/\",\"url\":\"https:\/\/secure.gravatar.com\/avatar\/72069dfb6c13772d9e8381e3638666d2?s=96&d=mm&r=g\",\"contentUrl\":\"https:\/\/secure.gravatar.com\/avatar\/72069dfb6c13772d9e8381e3638666d2?s=96&d=mm&r=g\",\"caption\":\"EDITOR\"},\"url\":\"https:\/\/laprensacristiana.com\/?author=3\"}]}<\/script>\n<!-- \/ Yoast SEO plugin. -->","yoast_head_json":{"title":"Fundaci\u00f3n El Gran Yo Soy lleva ayuda a San Juan Nonualco - La Prensa Cristiana","robots":{"index":"index","follow":"follow","max-snippet":"max-snippet:-1","max-image-preview":"max-image-preview:large","max-video-preview":"max-video-preview:-1"},"canonical":"https:\/\/laprensacristiana.com\/?p=10642","og_locale":"es_ES","og_type":"article","og_title":"Fundaci\u00f3n El Gran Yo Soy lleva ayuda a San Juan Nonualco - La Prensa Cristiana","og_description":"Por segundo d\u00eda consecutivo la Fundaci\u00f3n El Gran Yo Soy est\u00e1 llevando ayuda a las familias salvadore\u00f1as, en esta ocasi\u00f3n han beneficiado a 100 familias de la comunidad Padre Cosme Spessotto, en el municipio de San Juan Nonualco, departamento de La Paz. Pedro Mart\u00ednez Rosales representante de la ADESCO de la Comunidad Spessotto expres\u00f3 sentirse [&hellip;]","og_url":"https:\/\/laprensacristiana.com\/?p=10642","og_site_name":"La Prensa Cristiana","article_published_time":"2020-11-20T06:00:00+00:00","article_modified_time":"2020-11-20T06:00:01+00:00","og_image":[{"width":2560,"height":1707,"url":"https:\/\/laprensacristiana.com\/wp-content\/uploads\/2020\/11\/IMG_2766-scaled.jpg","type":"image\/jpeg"}],"author":"EDITOR","twitter_card":"summary_large_image","twitter_misc":{"Escrito por":"EDITOR","Tiempo de lectura":"2 minutos"},"schema":{"@context":"https:\/\/schema.org","@graph":[{"@type":"WebPage","@id":"https:\/\/laprensacristiana.com\/?p=10642","url":"https:\/\/laprensacristiana.com\/?p=10642","name":"Fundaci\u00f3n El Gran Yo Soy lleva ayuda a San Juan Nonualco - La Prensa Cristiana","isPartOf":{"@id":"https:\/\/laprensacristiana.com\/#website"},"datePublished":"2020-11-20T06:00:00+00:00","dateModified":"2020-11-20T06:00:01+00:00","author":{"@id":"https:\/\/laprensacristiana.com\/#\/schema\/person\/3e7d82c6bfd6b1fa67010f8f7cd5256e"},"breadcrumb":{"@id":"https:\/\/laprensacristiana.com\/?p=10642#breadcrumb"},"inLanguage":"es","potentialAction":[{"@type":"ReadAction","target":["https:\/\/laprensacristiana.com\/?p=10642"]}]},{"@type":"BreadcrumbList","@id":"https:\/\/laprensacristiana.com\/?p=10642#breadcrumb","itemListElement":[{"@type":"ListItem","position":1,"name":"Portada","item":"https:\/\/laprensacristiana.com\/"},{"@type":"ListItem","position":2,"name":"Fundaci\u00f3n El Gran Yo Soy lleva ayuda a San Juan Nonualco"}]},{"@type":"WebSite","@id":"https:\/\/laprensacristiana.com\/#website","url":"https:\/\/laprensacristiana.com\/","name":"La Prensa Cristiana","description":"Anunciando Las Buenas Nuevas","potentialAction":[{"@type":"SearchAction","target":{"@type":"EntryPoint","urlTemplate":"https:\/\/laprensacristiana.com\/?s={search_term_string}"},"query-input":"required name=search_term_string"}],"inLanguage":"es"},{"@type":"Person","@id":"https:\/\/laprensacristiana.com\/#\/schema\/person\/3e7d82c6bfd6b1fa67010f8f7cd5256e","name":"EDITOR","image":{"@type":"ImageObject","inLanguage":"es","@id":"https:\/\/laprensacristiana.com\/#\/schema\/person\/image\/","url":"https:\/\/secure.gravatar.com\/avatar\/72069dfb6c13772d9e8381e3638666d2?s=96&d=mm&r=g","contentUrl":"https:\/\/secure.gravatar.com\/avatar\/72069dfb6c13772d9e8381e3638666d2?s=96&d=mm&r=g","caption":"EDITOR"},"url":"https:\/\/laprensacristiana.com\/?author=3"}]}},"_links":{"self":[{"href":"https:\/\/laprensacristiana.com\/index.php?rest_route=\/wp\/v2\/posts\/10642"}],"collection":[{"href":"https:\/\/laprensacristiana.com\/index.php?rest_route=\/wp\/v2\/posts"}],"about":[{"href":"https:\/\/laprensacristiana.com\/index.php?rest_route=\/wp\/v2\/types\/post"}],"author":[{"embeddable":true,"href":"https:\/\/laprensacristiana.com\/index.php?rest_route=\/wp\/v2\/users\/3"}],"replies":[{"embeddable":true,"href":"https:\/\/laprensacristiana.com\/index.php?rest_route=%2Fwp%2Fv2%2Fcomments&post=10642"}],"version-history":[{"count":1,"href":"https:\/\/laprensacristiana.com\/index.php?rest_route=\/wp\/v2\/posts\/10642\/revisions"}],"predecessor-version":[{"id":10645,"href":"https:\/\/laprensacristiana.com\/index.php?rest_route=\/wp\/v2\/posts\/10642\/revisions\/10645"}],"wp:featuredmedia":[{"embeddable":true,"href":"https:\/\/laprensacristiana.com\/index.php?rest_route=\/wp\/v2\/media\/10643"}],"wp:attachment":[{"href":"https:\/\/laprensacristiana.com\/index.php?rest_route=%2Fwp%2Fv2%2Fmedia&parent=10642"}],"wp:term":[{"taxonomy":"category","embeddable":true,"href":"https:\/\/laprensacristiana.com\/index.php?rest_route=%2Fwp%2Fv2%2Fcategories&post=10642"},{"taxonomy":"post_tag","embeddable":true,"href":"https:\/\/laprensacristiana.com\/index.php?rest_route=%2Fwp%2Fv2%2Ftags&post=10642"}],"curies":[{"name":"wp","href":"https:\/\/api.w.org\/{rel}","templated":true}]}}