{"id":10648,"date":"2020-11-20T13:19:13","date_gmt":"2020-11-20T13:19:13","guid":{"rendered":"https:\/\/laprensacristiana.com\/?p=10648"},"modified":"2020-11-20T13:19:14","modified_gmt":"2020-11-20T13:19:14","slug":"el-que-diran","status":"publish","type":"post","link":"https:\/\/laprensacristiana.com\/?p=10648","title":{"rendered":"El qu\u00e9 diran"},"content":{"rendered":"\n<p>Juan 12:42-43 \u201cSin embargo, muchos, aun de los gobernantes, creyeron en El, pero por causa de los fariseos no lo confesaban, para no ser expulsados de la sinagoga\u201d<\/p>\n\n\n\n<p>Bueno, \u00bfy qu\u00e9 ten\u00eda de especial la sinagoga para que estos fariseos no dejaran entrar a aquellos que confesaban que eran seguidores de Jesus?<\/p>\n\n\n\n<p>Un poco de historia nos puede ayudar a entender sus motivaciones.<\/p>\n\n\n\n<p>En los tiempos del Segundo Templo, la sinagoga era un lugar de reuni\u00f3n no solo para leer la Tor\u00e1 sino tambi\u00e9n para celebrar fiestas, jugar ajedrez, reunir a los gobernantes para tomar decisiones en cuanto a la Ley de Dios, celebrar bodas y, en una palabra, era como se dice hoy, el club social de la colonia. En ese lugar se reun\u00edan los pobres a recibir sus canastas de v\u00edveres como ayuda social, los ricos para debatir sus negocios y los fariseos a discutir sus puntos teol\u00f3gicos. En suma, era el lugar obligado para estar unas horas con la \u00e9lite del gobierno eclesi\u00e1stico. All\u00ed recib\u00edan premios, reconocimientos y toda clase de aplausos por sus logros.<\/p>\n\n\n\n<p>Entonces ya estamos listos para comprender por qu\u00e9 ten\u00edan miedo de expresar abiertamente su simpat\u00eda por Jesus. Si lo hac\u00edan p\u00fablico, los fariseos los expulsar\u00edan de la sinagoga y ya no gozar\u00edan del reconocimiento de la flor y nata de los encargados del Templo: \u201cPorque amaban m\u00e1s el reconocimiento de los hombres que el reconocimiento de Dios\u201d<\/p>\n\n\n\n<p>\u00bfLo ve claro ahora? Y, por pura curiosidad, pregunto: \u00bfSe parecen esos tiempos a los actuales? \u00bfSer\u00e1 que todav\u00eda hay alguien por all\u00ed que no confiesa abiertamente que es un seguidor de Jesus por miedo \u201cal que dir\u00e1n\u201d? \u00bfPor miedo a que lo ridiculicen por ignorante? Le dejo la pregunta para que usted mismo la responda.<\/p>\n\n\n\n<p>SOLI DEO GLORIA<\/p>\n","protected":false},"excerpt":{"rendered":"<p>Juan 12:42-43 \u201cSin embargo, muchos, aun de los gobernantes, creyeron en El, pero por causa de los fariseos no lo confesaban, para no ser expulsados de la sinagoga\u201d Bueno, \u00bfy qu\u00e9 ten\u00eda de especial la sinagoga para que estos fariseos no dejaran entrar a aquellos que confesaban que eran seguidores de Jesus? Un poco de [&hellip;]<\/p>\n","protected":false},"author":3,"featured_media":10593,"comment_status":"open","ping_status":"open","sticky":false,"template":"","format":"standard","meta":[],"categories":[36],"tags":[],"yoast_head":"<!-- This site is optimized with the Yoast SEO plugin v20.8 - https:\/\/yoast.com\/wordpress\/plugins\/seo\/ -->\n<title>El qu\u00e9 diran - La Prensa Cristiana<\/title>\n<meta name=\"robots\" content=\"index, follow, max-snippet:-1, max-image-preview:large, max-video-preview:-1\" \/>\n<link rel=\"canonical\" href=\"https:\/\/laprensacristiana.com\/?p=10648\" \/>\n<meta property=\"og:locale\" content=\"es_ES\" \/>\n<meta property=\"og:type\" content=\"article\" \/>\n<meta property=\"og:title\" content=\"El qu\u00e9 diran - La Prensa Cristiana\" \/>\n<meta property=\"og:description\" content=\"Juan 12:42-43 \u201cSin embargo, muchos, aun de los gobernantes, creyeron en El, pero por causa de los fariseos no lo confesaban, para no ser expulsados de la sinagoga\u201d Bueno, \u00bfy qu\u00e9 ten\u00eda de especial la sinagoga para que estos fariseos no dejaran entrar a aquellos que confesaban que eran seguidores de Jesus? Un poco de [&hellip;]\" \/>\n<meta property=\"og:url\" content=\"https:\/\/laprensacristiana.com\/?p=10648\" \/>\n<meta property=\"og:site_name\" content=\"La Prensa Cristiana\" \/>\n<meta property=\"article:published_time\" content=\"2020-11-20T13:19:13+00:00\" \/>\n<meta property=\"article:modified_time\" content=\"2020-11-20T13:19:14+00:00\" \/>\n<meta property=\"og:image\" content=\"https:\/\/laprensacristiana.com\/wp-content\/uploads\/2020\/11\/IMG_20201109_121125_873.jpg\" \/>\n\t<meta property=\"og:image:width\" content=\"1280\" \/>\n\t<meta property=\"og:image:height\" content=\"714\" \/>\n\t<meta property=\"og:image:type\" content=\"image\/jpeg\" \/>\n<meta name=\"author\" content=\"EDITOR\" \/>\n<meta name=\"twitter:card\" content=\"summary_large_image\" \/>\n<meta name=\"twitter:label1\" content=\"Escrito por\" \/>\n\t<meta name=\"twitter:data1\" content=\"EDITOR\" \/>\n\t<meta name=\"twitter:label2\" content=\"Tiempo de lectura\" \/>\n\t<meta name=\"twitter:data2\" content=\"2 minutos\" \/>\n<script type=\"application\/ld+json\" class=\"yoast-schema-graph\">{\"@context\":\"https:\/\/schema.org\",\"@graph\":[{\"@type\":\"WebPage\",\"@id\":\"https:\/\/laprensacristiana.com\/?p=10648\",\"url\":\"https:\/\/laprensacristiana.com\/?p=10648\",\"name\":\"El qu\u00e9 diran - La Prensa Cristiana\",\"isPartOf\":{\"@id\":\"https:\/\/laprensacristiana.com\/#website\"},\"datePublished\":\"2020-11-20T13:19:13+00:00\",\"dateModified\":\"2020-11-20T13:19:14+00:00\",\"author\":{\"@id\":\"https:\/\/laprensacristiana.com\/#\/schema\/person\/3e7d82c6bfd6b1fa67010f8f7cd5256e\"},\"breadcrumb\":{\"@id\":\"https:\/\/laprensacristiana.com\/?p=10648#breadcrumb\"},\"inLanguage\":\"es\",\"potentialAction\":[{\"@type\":\"ReadAction\",\"target\":[\"https:\/\/laprensacristiana.com\/?p=10648\"]}]},{\"@type\":\"BreadcrumbList\",\"@id\":\"https:\/\/laprensacristiana.com\/?p=10648#breadcrumb\",\"itemListElement\":[{\"@type\":\"ListItem\",\"position\":1,\"name\":\"Portada\",\"item\":\"https:\/\/laprensacristiana.com\/\"},{\"@type\":\"ListItem\",\"position\":2,\"name\":\"El qu\u00e9 diran\"}]},{\"@type\":\"WebSite\",\"@id\":\"https:\/\/laprensacristiana.com\/#website\",\"url\":\"https:\/\/laprensacristiana.com\/\",\"name\":\"La Prensa Cristiana\",\"description\":\"Anunciando Las Buenas Nuevas\",\"potentialAction\":[{\"@type\":\"SearchAction\",\"target\":{\"@type\":\"EntryPoint\",\"urlTemplate\":\"https:\/\/laprensacristiana.com\/?s={search_term_string}\"},\"query-input\":\"required name=search_term_string\"}],\"inLanguage\":\"es\"},{\"@type\":\"Person\",\"@id\":\"https:\/\/laprensacristiana.com\/#\/schema\/person\/3e7d82c6bfd6b1fa67010f8f7cd5256e\",\"name\":\"EDITOR\",\"image\":{\"@type\":\"ImageObject\",\"inLanguage\":\"es\",\"@id\":\"https:\/\/laprensacristiana.com\/#\/schema\/person\/image\/\",\"url\":\"https:\/\/secure.gravatar.com\/avatar\/72069dfb6c13772d9e8381e3638666d2?s=96&d=mm&r=g\",\"contentUrl\":\"https:\/\/secure.gravatar.com\/avatar\/72069dfb6c13772d9e8381e3638666d2?s=96&d=mm&r=g\",\"caption\":\"EDITOR\"},\"url\":\"https:\/\/laprensacristiana.com\/?author=3\"}]}<\/script>\n<!-- \/ Yoast SEO plugin. -->","yoast_head_json":{"title":"El qu\u00e9 diran - La Prensa Cristiana","robots":{"index":"index","follow":"follow","max-snippet":"max-snippet:-1","max-image-preview":"max-image-preview:large","max-video-preview":"max-video-preview:-1"},"canonical":"https:\/\/laprensacristiana.com\/?p=10648","og_locale":"es_ES","og_type":"article","og_title":"El qu\u00e9 diran - La Prensa Cristiana","og_description":"Juan 12:42-43 \u201cSin embargo, muchos, aun de los gobernantes, creyeron en El, pero por causa de los fariseos no lo confesaban, para no ser expulsados de la sinagoga\u201d Bueno, \u00bfy qu\u00e9 ten\u00eda de especial la sinagoga para que estos fariseos no dejaran entrar a aquellos que confesaban que eran seguidores de Jesus? Un poco de [&hellip;]","og_url":"https:\/\/laprensacristiana.com\/?p=10648","og_site_name":"La Prensa Cristiana","article_published_time":"2020-11-20T13:19:13+00:00","article_modified_time":"2020-11-20T13:19:14+00:00","og_image":[{"width":1280,"height":714,"url":"https:\/\/laprensacristiana.com\/wp-content\/uploads\/2020\/11\/IMG_20201109_121125_873.jpg","type":"image\/jpeg"}],"author":"EDITOR","twitter_card":"summary_large_image","twitter_misc":{"Escrito por":"EDITOR","Tiempo de lectura":"2 minutos"},"schema":{"@context":"https:\/\/schema.org","@graph":[{"@type":"WebPage","@id":"https:\/\/laprensacristiana.com\/?p=10648","url":"https:\/\/laprensacristiana.com\/?p=10648","name":"El qu\u00e9 diran - La Prensa Cristiana","isPartOf":{"@id":"https:\/\/laprensacristiana.com\/#website"},"datePublished":"2020-11-20T13:19:13+00:00","dateModified":"2020-11-20T13:19:14+00:00","author":{"@id":"https:\/\/laprensacristiana.com\/#\/schema\/person\/3e7d82c6bfd6b1fa67010f8f7cd5256e"},"breadcrumb":{"@id":"https:\/\/laprensacristiana.com\/?p=10648#breadcrumb"},"inLanguage":"es","potentialAction":[{"@type":"ReadAction","target":["https:\/\/laprensacristiana.com\/?p=10648"]}]},{"@type":"BreadcrumbList","@id":"https:\/\/laprensacristiana.com\/?p=10648#breadcrumb","itemListElement":[{"@type":"ListItem","position":1,"name":"Portada","item":"https:\/\/laprensacristiana.com\/"},{"@type":"ListItem","position":2,"name":"El qu\u00e9 diran"}]},{"@type":"WebSite","@id":"https:\/\/laprensacristiana.com\/#website","url":"https:\/\/laprensacristiana.com\/","name":"La Prensa Cristiana","description":"Anunciando Las Buenas Nuevas","potentialAction":[{"@type":"SearchAction","target":{"@type":"EntryPoint","urlTemplate":"https:\/\/laprensacristiana.com\/?s={search_term_string}"},"query-input":"required name=search_term_string"}],"inLanguage":"es"},{"@type":"Person","@id":"https:\/\/laprensacristiana.com\/#\/schema\/person\/3e7d82c6bfd6b1fa67010f8f7cd5256e","name":"EDITOR","image":{"@type":"ImageObject","inLanguage":"es","@id":"https:\/\/laprensacristiana.com\/#\/schema\/person\/image\/","url":"https:\/\/secure.gravatar.com\/avatar\/72069dfb6c13772d9e8381e3638666d2?s=96&d=mm&r=g","contentUrl":"https:\/\/secure.gravatar.com\/avatar\/72069dfb6c13772d9e8381e3638666d2?s=96&d=mm&r=g","caption":"EDITOR"},"url":"https:\/\/laprensacristiana.com\/?author=3"}]}},"_links":{"self":[{"href":"https:\/\/laprensacristiana.com\/index.php?rest_route=\/wp\/v2\/posts\/10648"}],"collection":[{"href":"https:\/\/laprensacristiana.com\/index.php?rest_route=\/wp\/v2\/posts"}],"about":[{"href":"https:\/\/laprensacristiana.com\/index.php?rest_route=\/wp\/v2\/types\/post"}],"author":[{"embeddable":true,"href":"https:\/\/laprensacristiana.com\/index.php?rest_route=\/wp\/v2\/users\/3"}],"replies":[{"embeddable":true,"href":"https:\/\/laprensacristiana.com\/index.php?rest_route=%2Fwp%2Fv2%2Fcomments&post=10648"}],"version-history":[{"count":1,"href":"https:\/\/laprensacristiana.com\/index.php?rest_route=\/wp\/v2\/posts\/10648\/revisions"}],"predecessor-version":[{"id":10649,"href":"https:\/\/laprensacristiana.com\/index.php?rest_route=\/wp\/v2\/posts\/10648\/revisions\/10649"}],"wp:featuredmedia":[{"embeddable":true,"href":"https:\/\/laprensacristiana.com\/index.php?rest_route=\/wp\/v2\/media\/10593"}],"wp:attachment":[{"href":"https:\/\/laprensacristiana.com\/index.php?rest_route=%2Fwp%2Fv2%2Fmedia&parent=10648"}],"wp:term":[{"taxonomy":"category","embeddable":true,"href":"https:\/\/laprensacristiana.com\/index.php?rest_route=%2Fwp%2Fv2%2Fcategories&post=10648"},{"taxonomy":"post_tag","embeddable":true,"href":"https:\/\/laprensacristiana.com\/index.php?rest_route=%2Fwp%2Fv2%2Ftags&post=10648"}],"curies":[{"name":"wp","href":"https:\/\/api.w.org\/{rel}","templated":true}]}}