{"id":10686,"date":"2020-11-23T15:24:12","date_gmt":"2020-11-23T15:24:12","guid":{"rendered":"https:\/\/laprensacristiana.com\/?p=10686"},"modified":"2020-11-23T15:24:13","modified_gmt":"2020-11-23T15:24:13","slug":"pura-gracia","status":"publish","type":"post","link":"https:\/\/laprensacristiana.com\/?p=10686","title":{"rendered":"Pura gracia"},"content":{"rendered":"\n<p>Mateo 27:54 \u201cEl centuri\u00f3n y los que estaban con \u00e9l custodiando a Jes\u00fas, cuando vieron el terremoto y las cosas que suced\u00edan, se asustaron mucho, y dijeron: En verdad \u00e9ste era Hijo de Dios\u201d<\/p>\n\n\n\n<p>El hombre se levant\u00f3 de madrugada, hizo sus oraciones a sus dioses Lares, se encomend\u00f3 a su patr\u00f3n celestial, se visti\u00f3 su parafernalia militar, bes\u00f3 a su esposa y a sus hijos y sali\u00f3 en medio de la semi oscuridad. Afuera lo esperaban sus hombres. Hac\u00eda unas horas le hab\u00edan enviado una orden perentoria: \u201cPresentese inmediatamente en el Monte G\u00f3lgota a custodiar un ajusticiamiento, especialmente para controlar a los que se re\u00fanan en ese lugar para evitar aglomeraciones\u201d.<\/p>\n\n\n\n<p>Lleg\u00f3 mucho antes que los criminales. Rodearon el Monte para formar un vallado en el lugar donde iban a poner las cruces. Horas despu\u00e9s el cortejo se hizo presente. Un Hombre llam\u00f3 su atenci\u00f3n. No gritaba, no insultaba ni profer\u00eda palabra alguna. Iba en silencio como abstra\u00eddo en un pensamiento m\u00e1s all\u00e1 de toda raz\u00f3n. Ensangrentado, herido en todo su cuerpo y con una corona de espinas llevaba su cruz a cuestas. Su Rostro brillaba no por el sudor sino por un resplandor dif\u00edcil de explicar por el centuri\u00f3n. Sus miradas se cruzaron por un leve y fugaz instante, pero fue suficiente para que el soldado ya no pudiera dejar de pensar en \u00c9l. Un estremecimiento recorri\u00f3 todo su interior. Tres horas controlando la situaci\u00f3n, pero sin poder controlar un temblor que afectaba todo su interior. Algo hab\u00eda pasado en esa mirada que en un segundo trastorn\u00f3 todo el ser del militar.<\/p>\n\n\n\n<p>Sab\u00eda que algo hab\u00eda cambiado en \u00e9l. Su coraz\u00f3n palpitaba escandalosamente en su pecho y necesitaba hacer algo. Y entonces lo supo: El temblor de su cuerpo era la se\u00f1al de que ese Hombre hab\u00eda hecho algo en su interior. Pero necesit\u00f3 otro temblor: el de la tierra para darse cuenta que \u00c9l era el Hijo de Dios. Fue cuando reconoci\u00f3 que su vida hab\u00eda sido afectada por un terremoto de Misericordia y Bondad.<\/p>\n","protected":false},"excerpt":{"rendered":"<p>Mateo 27:54 \u201cEl centuri\u00f3n y los que estaban con \u00e9l custodiando a Jes\u00fas, cuando vieron el terremoto y las cosas que suced\u00edan, se asustaron mucho, y dijeron: En verdad \u00e9ste era Hijo de Dios\u201d El hombre se levant\u00f3 de madrugada, hizo sus oraciones a sus dioses Lares, se encomend\u00f3 a su patr\u00f3n celestial, se visti\u00f3 [&hellip;]<\/p>\n","protected":false},"author":3,"featured_media":10593,"comment_status":"open","ping_status":"open","sticky":false,"template":"","format":"standard","meta":[],"categories":[36],"tags":[],"yoast_head":"<!-- This site is optimized with the Yoast SEO plugin v20.8 - https:\/\/yoast.com\/wordpress\/plugins\/seo\/ -->\n<title>Pura gracia - La Prensa Cristiana<\/title>\n<meta name=\"robots\" content=\"index, follow, max-snippet:-1, max-image-preview:large, max-video-preview:-1\" \/>\n<link rel=\"canonical\" href=\"https:\/\/laprensacristiana.com\/?p=10686\" \/>\n<meta property=\"og:locale\" content=\"es_ES\" \/>\n<meta property=\"og:type\" content=\"article\" \/>\n<meta property=\"og:title\" content=\"Pura gracia - La Prensa Cristiana\" \/>\n<meta property=\"og:description\" content=\"Mateo 27:54 \u201cEl centuri\u00f3n y los que estaban con \u00e9l custodiando a Jes\u00fas, cuando vieron el terremoto y las cosas que suced\u00edan, se asustaron mucho, y dijeron: En verdad \u00e9ste era Hijo de Dios\u201d El hombre se levant\u00f3 de madrugada, hizo sus oraciones a sus dioses Lares, se encomend\u00f3 a su patr\u00f3n celestial, se visti\u00f3 [&hellip;]\" \/>\n<meta property=\"og:url\" content=\"https:\/\/laprensacristiana.com\/?p=10686\" \/>\n<meta property=\"og:site_name\" content=\"La Prensa Cristiana\" \/>\n<meta property=\"article:published_time\" content=\"2020-11-23T15:24:12+00:00\" \/>\n<meta property=\"article:modified_time\" content=\"2020-11-23T15:24:13+00:00\" \/>\n<meta property=\"og:image\" content=\"https:\/\/laprensacristiana.com\/wp-content\/uploads\/2020\/11\/IMG_20201109_121125_873.jpg\" \/>\n\t<meta property=\"og:image:width\" content=\"1280\" \/>\n\t<meta property=\"og:image:height\" content=\"714\" \/>\n\t<meta property=\"og:image:type\" content=\"image\/jpeg\" \/>\n<meta name=\"author\" content=\"EDITOR\" \/>\n<meta name=\"twitter:card\" content=\"summary_large_image\" \/>\n<meta name=\"twitter:label1\" content=\"Escrito por\" \/>\n\t<meta name=\"twitter:data1\" content=\"EDITOR\" \/>\n\t<meta name=\"twitter:label2\" content=\"Tiempo de lectura\" \/>\n\t<meta name=\"twitter:data2\" content=\"2 minutos\" \/>\n<script type=\"application\/ld+json\" class=\"yoast-schema-graph\">{\"@context\":\"https:\/\/schema.org\",\"@graph\":[{\"@type\":\"WebPage\",\"@id\":\"https:\/\/laprensacristiana.com\/?p=10686\",\"url\":\"https:\/\/laprensacristiana.com\/?p=10686\",\"name\":\"Pura gracia - La Prensa Cristiana\",\"isPartOf\":{\"@id\":\"https:\/\/laprensacristiana.com\/#website\"},\"datePublished\":\"2020-11-23T15:24:12+00:00\",\"dateModified\":\"2020-11-23T15:24:13+00:00\",\"author\":{\"@id\":\"https:\/\/laprensacristiana.com\/#\/schema\/person\/3e7d82c6bfd6b1fa67010f8f7cd5256e\"},\"breadcrumb\":{\"@id\":\"https:\/\/laprensacristiana.com\/?p=10686#breadcrumb\"},\"inLanguage\":\"es\",\"potentialAction\":[{\"@type\":\"ReadAction\",\"target\":[\"https:\/\/laprensacristiana.com\/?p=10686\"]}]},{\"@type\":\"BreadcrumbList\",\"@id\":\"https:\/\/laprensacristiana.com\/?p=10686#breadcrumb\",\"itemListElement\":[{\"@type\":\"ListItem\",\"position\":1,\"name\":\"Portada\",\"item\":\"https:\/\/laprensacristiana.com\/\"},{\"@type\":\"ListItem\",\"position\":2,\"name\":\"Pura gracia\"}]},{\"@type\":\"WebSite\",\"@id\":\"https:\/\/laprensacristiana.com\/#website\",\"url\":\"https:\/\/laprensacristiana.com\/\",\"name\":\"La Prensa Cristiana\",\"description\":\"Anunciando Las Buenas Nuevas\",\"potentialAction\":[{\"@type\":\"SearchAction\",\"target\":{\"@type\":\"EntryPoint\",\"urlTemplate\":\"https:\/\/laprensacristiana.com\/?s={search_term_string}\"},\"query-input\":\"required name=search_term_string\"}],\"inLanguage\":\"es\"},{\"@type\":\"Person\",\"@id\":\"https:\/\/laprensacristiana.com\/#\/schema\/person\/3e7d82c6bfd6b1fa67010f8f7cd5256e\",\"name\":\"EDITOR\",\"image\":{\"@type\":\"ImageObject\",\"inLanguage\":\"es\",\"@id\":\"https:\/\/laprensacristiana.com\/#\/schema\/person\/image\/\",\"url\":\"https:\/\/secure.gravatar.com\/avatar\/72069dfb6c13772d9e8381e3638666d2?s=96&d=mm&r=g\",\"contentUrl\":\"https:\/\/secure.gravatar.com\/avatar\/72069dfb6c13772d9e8381e3638666d2?s=96&d=mm&r=g\",\"caption\":\"EDITOR\"},\"url\":\"https:\/\/laprensacristiana.com\/?author=3\"}]}<\/script>\n<!-- \/ Yoast SEO plugin. -->","yoast_head_json":{"title":"Pura gracia - La Prensa Cristiana","robots":{"index":"index","follow":"follow","max-snippet":"max-snippet:-1","max-image-preview":"max-image-preview:large","max-video-preview":"max-video-preview:-1"},"canonical":"https:\/\/laprensacristiana.com\/?p=10686","og_locale":"es_ES","og_type":"article","og_title":"Pura gracia - La Prensa Cristiana","og_description":"Mateo 27:54 \u201cEl centuri\u00f3n y los que estaban con \u00e9l custodiando a Jes\u00fas, cuando vieron el terremoto y las cosas que suced\u00edan, se asustaron mucho, y dijeron: En verdad \u00e9ste era Hijo de Dios\u201d El hombre se levant\u00f3 de madrugada, hizo sus oraciones a sus dioses Lares, se encomend\u00f3 a su patr\u00f3n celestial, se visti\u00f3 [&hellip;]","og_url":"https:\/\/laprensacristiana.com\/?p=10686","og_site_name":"La Prensa Cristiana","article_published_time":"2020-11-23T15:24:12+00:00","article_modified_time":"2020-11-23T15:24:13+00:00","og_image":[{"width":1280,"height":714,"url":"https:\/\/laprensacristiana.com\/wp-content\/uploads\/2020\/11\/IMG_20201109_121125_873.jpg","type":"image\/jpeg"}],"author":"EDITOR","twitter_card":"summary_large_image","twitter_misc":{"Escrito por":"EDITOR","Tiempo de lectura":"2 minutos"},"schema":{"@context":"https:\/\/schema.org","@graph":[{"@type":"WebPage","@id":"https:\/\/laprensacristiana.com\/?p=10686","url":"https:\/\/laprensacristiana.com\/?p=10686","name":"Pura gracia - La Prensa Cristiana","isPartOf":{"@id":"https:\/\/laprensacristiana.com\/#website"},"datePublished":"2020-11-23T15:24:12+00:00","dateModified":"2020-11-23T15:24:13+00:00","author":{"@id":"https:\/\/laprensacristiana.com\/#\/schema\/person\/3e7d82c6bfd6b1fa67010f8f7cd5256e"},"breadcrumb":{"@id":"https:\/\/laprensacristiana.com\/?p=10686#breadcrumb"},"inLanguage":"es","potentialAction":[{"@type":"ReadAction","target":["https:\/\/laprensacristiana.com\/?p=10686"]}]},{"@type":"BreadcrumbList","@id":"https:\/\/laprensacristiana.com\/?p=10686#breadcrumb","itemListElement":[{"@type":"ListItem","position":1,"name":"Portada","item":"https:\/\/laprensacristiana.com\/"},{"@type":"ListItem","position":2,"name":"Pura gracia"}]},{"@type":"WebSite","@id":"https:\/\/laprensacristiana.com\/#website","url":"https:\/\/laprensacristiana.com\/","name":"La Prensa Cristiana","description":"Anunciando Las Buenas Nuevas","potentialAction":[{"@type":"SearchAction","target":{"@type":"EntryPoint","urlTemplate":"https:\/\/laprensacristiana.com\/?s={search_term_string}"},"query-input":"required name=search_term_string"}],"inLanguage":"es"},{"@type":"Person","@id":"https:\/\/laprensacristiana.com\/#\/schema\/person\/3e7d82c6bfd6b1fa67010f8f7cd5256e","name":"EDITOR","image":{"@type":"ImageObject","inLanguage":"es","@id":"https:\/\/laprensacristiana.com\/#\/schema\/person\/image\/","url":"https:\/\/secure.gravatar.com\/avatar\/72069dfb6c13772d9e8381e3638666d2?s=96&d=mm&r=g","contentUrl":"https:\/\/secure.gravatar.com\/avatar\/72069dfb6c13772d9e8381e3638666d2?s=96&d=mm&r=g","caption":"EDITOR"},"url":"https:\/\/laprensacristiana.com\/?author=3"}]}},"_links":{"self":[{"href":"https:\/\/laprensacristiana.com\/index.php?rest_route=\/wp\/v2\/posts\/10686"}],"collection":[{"href":"https:\/\/laprensacristiana.com\/index.php?rest_route=\/wp\/v2\/posts"}],"about":[{"href":"https:\/\/laprensacristiana.com\/index.php?rest_route=\/wp\/v2\/types\/post"}],"author":[{"embeddable":true,"href":"https:\/\/laprensacristiana.com\/index.php?rest_route=\/wp\/v2\/users\/3"}],"replies":[{"embeddable":true,"href":"https:\/\/laprensacristiana.com\/index.php?rest_route=%2Fwp%2Fv2%2Fcomments&post=10686"}],"version-history":[{"count":1,"href":"https:\/\/laprensacristiana.com\/index.php?rest_route=\/wp\/v2\/posts\/10686\/revisions"}],"predecessor-version":[{"id":10687,"href":"https:\/\/laprensacristiana.com\/index.php?rest_route=\/wp\/v2\/posts\/10686\/revisions\/10687"}],"wp:featuredmedia":[{"embeddable":true,"href":"https:\/\/laprensacristiana.com\/index.php?rest_route=\/wp\/v2\/media\/10593"}],"wp:attachment":[{"href":"https:\/\/laprensacristiana.com\/index.php?rest_route=%2Fwp%2Fv2%2Fmedia&parent=10686"}],"wp:term":[{"taxonomy":"category","embeddable":true,"href":"https:\/\/laprensacristiana.com\/index.php?rest_route=%2Fwp%2Fv2%2Fcategories&post=10686"},{"taxonomy":"post_tag","embeddable":true,"href":"https:\/\/laprensacristiana.com\/index.php?rest_route=%2Fwp%2Fv2%2Ftags&post=10686"}],"curies":[{"name":"wp","href":"https:\/\/api.w.org\/{rel}","templated":true}]}}