{"id":10698,"date":"2020-11-26T05:01:13","date_gmt":"2020-11-26T05:01:13","guid":{"rendered":"https:\/\/laprensacristiana.com\/?p=10698"},"modified":"2020-11-26T05:01:15","modified_gmt":"2020-11-26T05:01:15","slug":"espiral-de-odio","status":"publish","type":"post","link":"https:\/\/laprensacristiana.com\/?p=10698","title":{"rendered":"Espiral de odio"},"content":{"rendered":"\n<p>Por: Mario Vega | Pastor general de Misi\u00f3n Cristiana Elim <\/p>\n\n\n\n<p>Durante miles de a\u00f1os el odio ha sido el factor que ha dominado al hombre y ha provocado que durante todo ese tiempo recoja su amarga cosecha.\u00a0Ya no tiene sentido esperar que algo bueno pueda venir del odio ya que nada duradero se puede construir sobre \u00e9l. Desafortunadamente, mientras haya personas d\u00e9biles siempre habr\u00e1 odio pues este es el recurso de las personas inseguras. Es f\u00e1cil de producir pues responde a los instintos m\u00e1s primitivos de la criatura humana en su af\u00e1n de terminar con aquello que no puede vencer con la racionalidad. Es una reacci\u00f3n b\u00e1sica que pretende amedrentar y cambiar la realidad por la fuerza. No hay dudas de que el odio genera una presi\u00f3n. Pero se trata de una presi\u00f3n ciega y de mala voluntad que no lleva a ning\u00fan lugar. Por su parte, la racionalidad ejerce una presi\u00f3n mucho m\u00e1s eficaz pues procede de la buena voluntad y la bondad. Si la luz pudiera surgir de las tinieblas, solo entonces lo constructivo podr\u00eda surgir del odio.<\/p>\n\n\n\n<p>Si es f\u00e1cil producir el odio, es mucho m\u00e1s f\u00e1cil reproducirlo, pues el mundo est\u00e1 lleno de personas que siempre escogen el camino c\u00f3modo: los que piensan que es mejor eliminar al adversario que convertirlo para una causa justa. Ganarlo supone el esfuerzo del di\u00e1logo, la ense\u00f1anza y la tolerancia. Por eso el odio siempre conduce a la dictadura pues niega los espacios de entendimiento y privilegia el rechazo y la fuerza. Lo que se alcanza por la imposici\u00f3n del odio destruye la individualidad. Solo cuando el cambio se realiza mediante la persuasi\u00f3n de la raz\u00f3n se puede preservar el fundamento de la individualidad y asegurar el progreso real. Solo la l\u00f3gica del razonamiento puede conducir a una aut\u00e9ntica democracia.<\/p>\n\n\n\n<p>El odio es esencialmente destructor. Toda la energ\u00eda que demanda termina enfoc\u00e1ndose en un impulso que fulmina. La gran paradoja es que el odio es incapaz de destruir la ra\u00edz y las ramificaciones del mal que pretende remediar, por el contrario, lo perpet\u00faa. No lo logra porque las personas pueden ser solo el signo visible de un sistema corrupto. En el supuesto de que eliminara a quienes lo dirigen no implica que el modelo haya sido desmontado. Quienes tratan de eliminar a los seres humanos y no a sus m\u00e9todos, acaban adoptando \u00e9stos y haci\u00e9ndose peores que aquellos a quienes combaten, pensando err\u00f3neamente que los m\u00e9todos desaparecen con sus defensores. En realidad, no saben cu\u00e1l es la ra\u00edz del mal. Por ello, el \u00e9xito del odio es ef\u00edmero, porque siempre desencadena un odio mayor. Es incapaz de destruir la ra\u00edz y las ramificaciones del mal.<\/p>\n\n\n\n<p>Lo que se construye sobre el odio no puede tener \u00e9xito nunca. Aunque el odio sea dirigido contra quien parece merecerlo solo tendr\u00e1 un resultado temporal, pero el mal que ocasiona en quien lo ejerce es permanente. Si el odio lograra eliminar a los odiados, ese ser\u00eda el menor bien para el pa\u00eds y quienes odiaron se encontrar\u00e1n en condiciones a\u00fan m\u00e1s penosas que las de hoy. Con el odio todos perdemos, incluso el que odia. No hay ninguna grandeza donde falta la bondad y la verdad. Jes\u00fas, en cambio, indica el mejor camino: \u00abOyeron que fue dicho: Amar\u00e1s a tu pr\u00f3jimo, y aborrecer\u00e1s a tu enemigo. Pero yo les digo: Amen a sus enemigos, bendigan a los que los maldicen, hagan bien a los que los aborrecen, y oren por los que los ultrajan y los persiguen\u00bb (Mateo 5:43-44).<\/p>\n","protected":false},"excerpt":{"rendered":"<p>Por: Mario Vega | Pastor general de Misi\u00f3n Cristiana Elim Durante miles de a\u00f1os el odio ha sido el factor que ha dominado al hombre y ha provocado que durante todo ese tiempo recoja su amarga cosecha.\u00a0Ya no tiene sentido esperar que algo bueno pueda venir del odio ya que nada duradero se puede construir [&hellip;]<\/p>\n","protected":false},"author":3,"featured_media":6072,"comment_status":"open","ping_status":"open","sticky":false,"template":"","format":"standard","meta":[],"categories":[23],"tags":[],"yoast_head":"<!-- This site is optimized with the Yoast SEO plugin v20.8 - https:\/\/yoast.com\/wordpress\/plugins\/seo\/ -->\n<title>Espiral de odio - La Prensa Cristiana<\/title>\n<meta name=\"robots\" content=\"index, follow, max-snippet:-1, max-image-preview:large, max-video-preview:-1\" \/>\n<link rel=\"canonical\" href=\"https:\/\/laprensacristiana.com\/?p=10698\" \/>\n<meta property=\"og:locale\" content=\"es_ES\" \/>\n<meta property=\"og:type\" content=\"article\" \/>\n<meta property=\"og:title\" content=\"Espiral de odio - La Prensa Cristiana\" \/>\n<meta property=\"og:description\" content=\"Por: Mario Vega | Pastor general de Misi\u00f3n Cristiana Elim Durante miles de a\u00f1os el odio ha sido el factor que ha dominado al hombre y ha provocado que durante todo ese tiempo recoja su amarga cosecha.\u00a0Ya no tiene sentido esperar que algo bueno pueda venir del odio ya que nada duradero se puede construir [&hellip;]\" \/>\n<meta property=\"og:url\" content=\"https:\/\/laprensacristiana.com\/?p=10698\" \/>\n<meta property=\"og:site_name\" content=\"La Prensa Cristiana\" \/>\n<meta property=\"article:published_time\" content=\"2020-11-26T05:01:13+00:00\" \/>\n<meta property=\"article:modified_time\" content=\"2020-11-26T05:01:15+00:00\" \/>\n<meta property=\"og:image\" content=\"https:\/\/laprensacristiana.com\/wp-content\/uploads\/2019\/06\/OPINION-01-scaled.jpg\" \/>\n\t<meta property=\"og:image:width\" content=\"2560\" \/>\n\t<meta property=\"og:image:height\" content=\"1429\" \/>\n\t<meta property=\"og:image:type\" content=\"image\/jpeg\" \/>\n<meta name=\"author\" content=\"EDITOR\" \/>\n<meta name=\"twitter:card\" content=\"summary_large_image\" \/>\n<meta name=\"twitter:label1\" content=\"Escrito por\" \/>\n\t<meta name=\"twitter:data1\" content=\"EDITOR\" \/>\n\t<meta name=\"twitter:label2\" content=\"Tiempo de lectura\" \/>\n\t<meta name=\"twitter:data2\" content=\"3 minutos\" \/>\n<script type=\"application\/ld+json\" class=\"yoast-schema-graph\">{\"@context\":\"https:\/\/schema.org\",\"@graph\":[{\"@type\":\"WebPage\",\"@id\":\"https:\/\/laprensacristiana.com\/?p=10698\",\"url\":\"https:\/\/laprensacristiana.com\/?p=10698\",\"name\":\"Espiral de odio - La Prensa Cristiana\",\"isPartOf\":{\"@id\":\"https:\/\/laprensacristiana.com\/#website\"},\"datePublished\":\"2020-11-26T05:01:13+00:00\",\"dateModified\":\"2020-11-26T05:01:15+00:00\",\"author\":{\"@id\":\"https:\/\/laprensacristiana.com\/#\/schema\/person\/3e7d82c6bfd6b1fa67010f8f7cd5256e\"},\"breadcrumb\":{\"@id\":\"https:\/\/laprensacristiana.com\/?p=10698#breadcrumb\"},\"inLanguage\":\"es\",\"potentialAction\":[{\"@type\":\"ReadAction\",\"target\":[\"https:\/\/laprensacristiana.com\/?p=10698\"]}]},{\"@type\":\"BreadcrumbList\",\"@id\":\"https:\/\/laprensacristiana.com\/?p=10698#breadcrumb\",\"itemListElement\":[{\"@type\":\"ListItem\",\"position\":1,\"name\":\"Portada\",\"item\":\"https:\/\/laprensacristiana.com\/\"},{\"@type\":\"ListItem\",\"position\":2,\"name\":\"Espiral de odio\"}]},{\"@type\":\"WebSite\",\"@id\":\"https:\/\/laprensacristiana.com\/#website\",\"url\":\"https:\/\/laprensacristiana.com\/\",\"name\":\"La Prensa Cristiana\",\"description\":\"Anunciando Las Buenas Nuevas\",\"potentialAction\":[{\"@type\":\"SearchAction\",\"target\":{\"@type\":\"EntryPoint\",\"urlTemplate\":\"https:\/\/laprensacristiana.com\/?s={search_term_string}\"},\"query-input\":\"required name=search_term_string\"}],\"inLanguage\":\"es\"},{\"@type\":\"Person\",\"@id\":\"https:\/\/laprensacristiana.com\/#\/schema\/person\/3e7d82c6bfd6b1fa67010f8f7cd5256e\",\"name\":\"EDITOR\",\"image\":{\"@type\":\"ImageObject\",\"inLanguage\":\"es\",\"@id\":\"https:\/\/laprensacristiana.com\/#\/schema\/person\/image\/\",\"url\":\"https:\/\/secure.gravatar.com\/avatar\/72069dfb6c13772d9e8381e3638666d2?s=96&d=mm&r=g\",\"contentUrl\":\"https:\/\/secure.gravatar.com\/avatar\/72069dfb6c13772d9e8381e3638666d2?s=96&d=mm&r=g\",\"caption\":\"EDITOR\"},\"url\":\"https:\/\/laprensacristiana.com\/?author=3\"}]}<\/script>\n<!-- \/ Yoast SEO plugin. -->","yoast_head_json":{"title":"Espiral de odio - La Prensa Cristiana","robots":{"index":"index","follow":"follow","max-snippet":"max-snippet:-1","max-image-preview":"max-image-preview:large","max-video-preview":"max-video-preview:-1"},"canonical":"https:\/\/laprensacristiana.com\/?p=10698","og_locale":"es_ES","og_type":"article","og_title":"Espiral de odio - La Prensa Cristiana","og_description":"Por: Mario Vega | Pastor general de Misi\u00f3n Cristiana Elim Durante miles de a\u00f1os el odio ha sido el factor que ha dominado al hombre y ha provocado que durante todo ese tiempo recoja su amarga cosecha.\u00a0Ya no tiene sentido esperar que algo bueno pueda venir del odio ya que nada duradero se puede construir [&hellip;]","og_url":"https:\/\/laprensacristiana.com\/?p=10698","og_site_name":"La Prensa Cristiana","article_published_time":"2020-11-26T05:01:13+00:00","article_modified_time":"2020-11-26T05:01:15+00:00","og_image":[{"width":2560,"height":1429,"url":"https:\/\/laprensacristiana.com\/wp-content\/uploads\/2019\/06\/OPINION-01-scaled.jpg","type":"image\/jpeg"}],"author":"EDITOR","twitter_card":"summary_large_image","twitter_misc":{"Escrito por":"EDITOR","Tiempo de lectura":"3 minutos"},"schema":{"@context":"https:\/\/schema.org","@graph":[{"@type":"WebPage","@id":"https:\/\/laprensacristiana.com\/?p=10698","url":"https:\/\/laprensacristiana.com\/?p=10698","name":"Espiral de odio - La Prensa Cristiana","isPartOf":{"@id":"https:\/\/laprensacristiana.com\/#website"},"datePublished":"2020-11-26T05:01:13+00:00","dateModified":"2020-11-26T05:01:15+00:00","author":{"@id":"https:\/\/laprensacristiana.com\/#\/schema\/person\/3e7d82c6bfd6b1fa67010f8f7cd5256e"},"breadcrumb":{"@id":"https:\/\/laprensacristiana.com\/?p=10698#breadcrumb"},"inLanguage":"es","potentialAction":[{"@type":"ReadAction","target":["https:\/\/laprensacristiana.com\/?p=10698"]}]},{"@type":"BreadcrumbList","@id":"https:\/\/laprensacristiana.com\/?p=10698#breadcrumb","itemListElement":[{"@type":"ListItem","position":1,"name":"Portada","item":"https:\/\/laprensacristiana.com\/"},{"@type":"ListItem","position":2,"name":"Espiral de odio"}]},{"@type":"WebSite","@id":"https:\/\/laprensacristiana.com\/#website","url":"https:\/\/laprensacristiana.com\/","name":"La Prensa Cristiana","description":"Anunciando Las Buenas Nuevas","potentialAction":[{"@type":"SearchAction","target":{"@type":"EntryPoint","urlTemplate":"https:\/\/laprensacristiana.com\/?s={search_term_string}"},"query-input":"required name=search_term_string"}],"inLanguage":"es"},{"@type":"Person","@id":"https:\/\/laprensacristiana.com\/#\/schema\/person\/3e7d82c6bfd6b1fa67010f8f7cd5256e","name":"EDITOR","image":{"@type":"ImageObject","inLanguage":"es","@id":"https:\/\/laprensacristiana.com\/#\/schema\/person\/image\/","url":"https:\/\/secure.gravatar.com\/avatar\/72069dfb6c13772d9e8381e3638666d2?s=96&d=mm&r=g","contentUrl":"https:\/\/secure.gravatar.com\/avatar\/72069dfb6c13772d9e8381e3638666d2?s=96&d=mm&r=g","caption":"EDITOR"},"url":"https:\/\/laprensacristiana.com\/?author=3"}]}},"_links":{"self":[{"href":"https:\/\/laprensacristiana.com\/index.php?rest_route=\/wp\/v2\/posts\/10698"}],"collection":[{"href":"https:\/\/laprensacristiana.com\/index.php?rest_route=\/wp\/v2\/posts"}],"about":[{"href":"https:\/\/laprensacristiana.com\/index.php?rest_route=\/wp\/v2\/types\/post"}],"author":[{"embeddable":true,"href":"https:\/\/laprensacristiana.com\/index.php?rest_route=\/wp\/v2\/users\/3"}],"replies":[{"embeddable":true,"href":"https:\/\/laprensacristiana.com\/index.php?rest_route=%2Fwp%2Fv2%2Fcomments&post=10698"}],"version-history":[{"count":1,"href":"https:\/\/laprensacristiana.com\/index.php?rest_route=\/wp\/v2\/posts\/10698\/revisions"}],"predecessor-version":[{"id":10699,"href":"https:\/\/laprensacristiana.com\/index.php?rest_route=\/wp\/v2\/posts\/10698\/revisions\/10699"}],"wp:featuredmedia":[{"embeddable":true,"href":"https:\/\/laprensacristiana.com\/index.php?rest_route=\/wp\/v2\/media\/6072"}],"wp:attachment":[{"href":"https:\/\/laprensacristiana.com\/index.php?rest_route=%2Fwp%2Fv2%2Fmedia&parent=10698"}],"wp:term":[{"taxonomy":"category","embeddable":true,"href":"https:\/\/laprensacristiana.com\/index.php?rest_route=%2Fwp%2Fv2%2Fcategories&post=10698"},{"taxonomy":"post_tag","embeddable":true,"href":"https:\/\/laprensacristiana.com\/index.php?rest_route=%2Fwp%2Fv2%2Ftags&post=10698"}],"curies":[{"name":"wp","href":"https:\/\/api.w.org\/{rel}","templated":true}]}}