{"id":10725,"date":"2020-11-30T22:09:28","date_gmt":"2020-11-30T22:09:28","guid":{"rendered":"https:\/\/laprensacristiana.com\/?p=10725"},"modified":"2020-11-30T22:09:29","modified_gmt":"2020-11-30T22:09:29","slug":"alberto-motessi-habla-sobre-el-aborto","status":"publish","type":"post","link":"https:\/\/laprensacristiana.com\/?p=10725","title":{"rendered":"Alberto Motessi habla sobre el aborto"},"content":{"rendered":"\n<p>El tema aborto es muy controversial a nivel mundial, hay grupos que piden la legalizaci\u00f3n del mismo y existe otro grande tambi\u00e9n que se denomina pro vida.&nbsp;<\/p>\n\n\n\n<p>El Evangelista Alberto Motessi habla abiertamente en sus redes sociales este d\u00eda sobre este tema tan controversial a\u00fan dentro de las Iglesias.<\/p>\n\n\n\n<p>\u00abComo un muy imperfecto seguidor de Jes\u00fas creo en el valor sagrado de la vida, desde la concepci\u00f3n hasta la muerte, incluyendo cada \u00e9poca y cada aspecto de la vida. Creo que si un evang\u00e9lico, o un cat\u00f3lico, o un jud\u00edo es coherente con su fe, debiera ser pro vida. En caso contrario se contradice con su comunidad de fe. Si usted es cat\u00f3lico, consulte con su autoridad espiritual y descubrir\u00e1 que su iglesia es ciento por ciento provida. Oro por todos los gobernantes, de derecha y de izquierda. Me he reunido con una veintena de ellos. He podido predicar tambi\u00e9n frente a muchos senadores, diputados, jueces y personas en capacidad de tomar decisiones. A todos por igual he tratado de compartirles lo sagrado de la justicia, los derechos humanos, lo sagrado de la vida, y por sobre todo la necesidad de dar cuentas a Dios y a nuestros pueblos\u00bb expres\u00f3&nbsp; el evangelista Motessi.<\/p>\n\n\n\n<p>Alberto Motessi tambi\u00e9n enfatiz\u00f3 que dentro de las congregaciones&nbsp; est\u00e1n personas imperfectas, perdonadas, que tratan de servir a Dios y al pr\u00f3jimo.&nbsp;&nbsp;<\/p>\n\n\n\n<p>\u00abTambi\u00e9n creo en los muchos errores que Iglesias evang\u00e9licas cometen, de los cuales nos arrepentimos y daremos cuenta\u00bb agreg\u00f3 en su discurso.&nbsp;<\/p>\n\n\n\n<p>Motessi dijo estar abierto al di\u00e1logo, reflexi\u00f3n y al cambio, pero afirm\u00f3:&nbsp;<\/p>\n\n\n\n<p>\u00abLA GRITER\u00cdA&nbsp; DE LOS PRO ABORTO ES SUFICIENTE PARA TAPAR EL GRITO DE LOS NI\u00d1OS A\u00daN NO NACIDOS\u00bb<\/p>\n","protected":false},"excerpt":{"rendered":"<p>El tema aborto es muy controversial a nivel mundial, hay grupos que piden la legalizaci\u00f3n del mismo y existe otro grande tambi\u00e9n que se denomina pro vida.&nbsp; El Evangelista Alberto Motessi habla abiertamente en sus redes sociales este d\u00eda sobre este tema tan controversial a\u00fan dentro de las Iglesias. \u00abComo un muy imperfecto seguidor de [&hellip;]<\/p>\n","protected":false},"author":3,"featured_media":7960,"comment_status":"open","ping_status":"open","sticky":false,"template":"","format":"standard","meta":[],"categories":[56],"tags":[],"yoast_head":"<!-- This site is optimized with the Yoast SEO plugin v20.8 - https:\/\/yoast.com\/wordpress\/plugins\/seo\/ -->\n<title>Alberto Motessi habla sobre el aborto - La Prensa Cristiana<\/title>\n<meta name=\"robots\" content=\"index, follow, max-snippet:-1, max-image-preview:large, max-video-preview:-1\" \/>\n<link rel=\"canonical\" href=\"https:\/\/laprensacristiana.com\/?p=10725\" \/>\n<meta property=\"og:locale\" content=\"es_ES\" \/>\n<meta property=\"og:type\" content=\"article\" \/>\n<meta property=\"og:title\" content=\"Alberto Motessi habla sobre el aborto - La Prensa Cristiana\" \/>\n<meta property=\"og:description\" content=\"El tema aborto es muy controversial a nivel mundial, hay grupos que piden la legalizaci\u00f3n del mismo y existe otro grande tambi\u00e9n que se denomina pro vida.&nbsp; El Evangelista Alberto Motessi habla abiertamente en sus redes sociales este d\u00eda sobre este tema tan controversial a\u00fan dentro de las Iglesias. \u00abComo un muy imperfecto seguidor de [&hellip;]\" \/>\n<meta property=\"og:url\" content=\"https:\/\/laprensacristiana.com\/?p=10725\" \/>\n<meta property=\"og:site_name\" content=\"La Prensa Cristiana\" \/>\n<meta property=\"article:published_time\" content=\"2020-11-30T22:09:28+00:00\" \/>\n<meta property=\"article:modified_time\" content=\"2020-11-30T22:09:29+00:00\" \/>\n<meta property=\"og:image\" content=\"https:\/\/laprensacristiana.com\/wp-content\/uploads\/2020\/01\/WhatsApp-Image-2020-01-27-at-15.02.57.jpeg\" \/>\n\t<meta property=\"og:image:width\" content=\"720\" \/>\n\t<meta property=\"og:image:height\" content=\"434\" \/>\n\t<meta property=\"og:image:type\" content=\"image\/jpeg\" \/>\n<meta name=\"author\" content=\"EDITOR\" \/>\n<meta name=\"twitter:card\" content=\"summary_large_image\" \/>\n<meta name=\"twitter:label1\" content=\"Escrito por\" \/>\n\t<meta name=\"twitter:data1\" content=\"EDITOR\" \/>\n\t<meta name=\"twitter:label2\" content=\"Tiempo de lectura\" \/>\n\t<meta name=\"twitter:data2\" content=\"2 minutos\" \/>\n<script type=\"application\/ld+json\" class=\"yoast-schema-graph\">{\"@context\":\"https:\/\/schema.org\",\"@graph\":[{\"@type\":\"WebPage\",\"@id\":\"https:\/\/laprensacristiana.com\/?p=10725\",\"url\":\"https:\/\/laprensacristiana.com\/?p=10725\",\"name\":\"Alberto Motessi habla sobre el aborto - La Prensa Cristiana\",\"isPartOf\":{\"@id\":\"https:\/\/laprensacristiana.com\/#website\"},\"datePublished\":\"2020-11-30T22:09:28+00:00\",\"dateModified\":\"2020-11-30T22:09:29+00:00\",\"author\":{\"@id\":\"https:\/\/laprensacristiana.com\/#\/schema\/person\/3e7d82c6bfd6b1fa67010f8f7cd5256e\"},\"breadcrumb\":{\"@id\":\"https:\/\/laprensacristiana.com\/?p=10725#breadcrumb\"},\"inLanguage\":\"es\",\"potentialAction\":[{\"@type\":\"ReadAction\",\"target\":[\"https:\/\/laprensacristiana.com\/?p=10725\"]}]},{\"@type\":\"BreadcrumbList\",\"@id\":\"https:\/\/laprensacristiana.com\/?p=10725#breadcrumb\",\"itemListElement\":[{\"@type\":\"ListItem\",\"position\":1,\"name\":\"Portada\",\"item\":\"https:\/\/laprensacristiana.com\/\"},{\"@type\":\"ListItem\",\"position\":2,\"name\":\"Alberto Motessi habla sobre el aborto\"}]},{\"@type\":\"WebSite\",\"@id\":\"https:\/\/laprensacristiana.com\/#website\",\"url\":\"https:\/\/laprensacristiana.com\/\",\"name\":\"La Prensa Cristiana\",\"description\":\"Anunciando Las Buenas Nuevas\",\"potentialAction\":[{\"@type\":\"SearchAction\",\"target\":{\"@type\":\"EntryPoint\",\"urlTemplate\":\"https:\/\/laprensacristiana.com\/?s={search_term_string}\"},\"query-input\":\"required name=search_term_string\"}],\"inLanguage\":\"es\"},{\"@type\":\"Person\",\"@id\":\"https:\/\/laprensacristiana.com\/#\/schema\/person\/3e7d82c6bfd6b1fa67010f8f7cd5256e\",\"name\":\"EDITOR\",\"image\":{\"@type\":\"ImageObject\",\"inLanguage\":\"es\",\"@id\":\"https:\/\/laprensacristiana.com\/#\/schema\/person\/image\/\",\"url\":\"https:\/\/secure.gravatar.com\/avatar\/72069dfb6c13772d9e8381e3638666d2?s=96&d=mm&r=g\",\"contentUrl\":\"https:\/\/secure.gravatar.com\/avatar\/72069dfb6c13772d9e8381e3638666d2?s=96&d=mm&r=g\",\"caption\":\"EDITOR\"},\"url\":\"https:\/\/laprensacristiana.com\/?author=3\"}]}<\/script>\n<!-- \/ Yoast SEO plugin. -->","yoast_head_json":{"title":"Alberto Motessi habla sobre el aborto - La Prensa Cristiana","robots":{"index":"index","follow":"follow","max-snippet":"max-snippet:-1","max-image-preview":"max-image-preview:large","max-video-preview":"max-video-preview:-1"},"canonical":"https:\/\/laprensacristiana.com\/?p=10725","og_locale":"es_ES","og_type":"article","og_title":"Alberto Motessi habla sobre el aborto - La Prensa Cristiana","og_description":"El tema aborto es muy controversial a nivel mundial, hay grupos que piden la legalizaci\u00f3n del mismo y existe otro grande tambi\u00e9n que se denomina pro vida.&nbsp; El Evangelista Alberto Motessi habla abiertamente en sus redes sociales este d\u00eda sobre este tema tan controversial a\u00fan dentro de las Iglesias. \u00abComo un muy imperfecto seguidor de [&hellip;]","og_url":"https:\/\/laprensacristiana.com\/?p=10725","og_site_name":"La Prensa Cristiana","article_published_time":"2020-11-30T22:09:28+00:00","article_modified_time":"2020-11-30T22:09:29+00:00","og_image":[{"width":720,"height":434,"url":"https:\/\/laprensacristiana.com\/wp-content\/uploads\/2020\/01\/WhatsApp-Image-2020-01-27-at-15.02.57.jpeg","type":"image\/jpeg"}],"author":"EDITOR","twitter_card":"summary_large_image","twitter_misc":{"Escrito por":"EDITOR","Tiempo de lectura":"2 minutos"},"schema":{"@context":"https:\/\/schema.org","@graph":[{"@type":"WebPage","@id":"https:\/\/laprensacristiana.com\/?p=10725","url":"https:\/\/laprensacristiana.com\/?p=10725","name":"Alberto Motessi habla sobre el aborto - La Prensa Cristiana","isPartOf":{"@id":"https:\/\/laprensacristiana.com\/#website"},"datePublished":"2020-11-30T22:09:28+00:00","dateModified":"2020-11-30T22:09:29+00:00","author":{"@id":"https:\/\/laprensacristiana.com\/#\/schema\/person\/3e7d82c6bfd6b1fa67010f8f7cd5256e"},"breadcrumb":{"@id":"https:\/\/laprensacristiana.com\/?p=10725#breadcrumb"},"inLanguage":"es","potentialAction":[{"@type":"ReadAction","target":["https:\/\/laprensacristiana.com\/?p=10725"]}]},{"@type":"BreadcrumbList","@id":"https:\/\/laprensacristiana.com\/?p=10725#breadcrumb","itemListElement":[{"@type":"ListItem","position":1,"name":"Portada","item":"https:\/\/laprensacristiana.com\/"},{"@type":"ListItem","position":2,"name":"Alberto Motessi habla sobre el aborto"}]},{"@type":"WebSite","@id":"https:\/\/laprensacristiana.com\/#website","url":"https:\/\/laprensacristiana.com\/","name":"La Prensa Cristiana","description":"Anunciando Las Buenas Nuevas","potentialAction":[{"@type":"SearchAction","target":{"@type":"EntryPoint","urlTemplate":"https:\/\/laprensacristiana.com\/?s={search_term_string}"},"query-input":"required name=search_term_string"}],"inLanguage":"es"},{"@type":"Person","@id":"https:\/\/laprensacristiana.com\/#\/schema\/person\/3e7d82c6bfd6b1fa67010f8f7cd5256e","name":"EDITOR","image":{"@type":"ImageObject","inLanguage":"es","@id":"https:\/\/laprensacristiana.com\/#\/schema\/person\/image\/","url":"https:\/\/secure.gravatar.com\/avatar\/72069dfb6c13772d9e8381e3638666d2?s=96&d=mm&r=g","contentUrl":"https:\/\/secure.gravatar.com\/avatar\/72069dfb6c13772d9e8381e3638666d2?s=96&d=mm&r=g","caption":"EDITOR"},"url":"https:\/\/laprensacristiana.com\/?author=3"}]}},"_links":{"self":[{"href":"https:\/\/laprensacristiana.com\/index.php?rest_route=\/wp\/v2\/posts\/10725"}],"collection":[{"href":"https:\/\/laprensacristiana.com\/index.php?rest_route=\/wp\/v2\/posts"}],"about":[{"href":"https:\/\/laprensacristiana.com\/index.php?rest_route=\/wp\/v2\/types\/post"}],"author":[{"embeddable":true,"href":"https:\/\/laprensacristiana.com\/index.php?rest_route=\/wp\/v2\/users\/3"}],"replies":[{"embeddable":true,"href":"https:\/\/laprensacristiana.com\/index.php?rest_route=%2Fwp%2Fv2%2Fcomments&post=10725"}],"version-history":[{"count":1,"href":"https:\/\/laprensacristiana.com\/index.php?rest_route=\/wp\/v2\/posts\/10725\/revisions"}],"predecessor-version":[{"id":10726,"href":"https:\/\/laprensacristiana.com\/index.php?rest_route=\/wp\/v2\/posts\/10725\/revisions\/10726"}],"wp:featuredmedia":[{"embeddable":true,"href":"https:\/\/laprensacristiana.com\/index.php?rest_route=\/wp\/v2\/media\/7960"}],"wp:attachment":[{"href":"https:\/\/laprensacristiana.com\/index.php?rest_route=%2Fwp%2Fv2%2Fmedia&parent=10725"}],"wp:term":[{"taxonomy":"category","embeddable":true,"href":"https:\/\/laprensacristiana.com\/index.php?rest_route=%2Fwp%2Fv2%2Fcategories&post=10725"},{"taxonomy":"post_tag","embeddable":true,"href":"https:\/\/laprensacristiana.com\/index.php?rest_route=%2Fwp%2Fv2%2Ftags&post=10725"}],"curies":[{"name":"wp","href":"https:\/\/api.w.org\/{rel}","templated":true}]}}