{"id":10768,"date":"2020-12-04T16:17:48","date_gmt":"2020-12-04T16:17:48","guid":{"rendered":"https:\/\/laprensacristiana.com\/?p=10768"},"modified":"2020-12-04T16:17:50","modified_gmt":"2020-12-04T16:17:50","slug":"rios-de-babilonia","status":"publish","type":"post","link":"https:\/\/laprensacristiana.com\/?p=10768","title":{"rendered":"Rios de Babilonia"},"content":{"rendered":"\n<p>Salmos 137:1-3 \u201cJunto a los r\u00edos de Babilonia, nos sent\u00e1bamos y llor\u00e1bamos, al acordarnos de Sion. 2 Sobre los sauces en medio de ella colgamos nuestras arpas. 3 Pues all\u00ed los que nos hab\u00edan llevado cautivos nos ped\u00edan canciones, y los que nos atormentaban nos ped\u00edan alegr\u00eda, diciendo: Cantadnos alguno de los c\u00e1nticos de Sion\u201d<\/p>\n\n\n\n<p>En 1978 estuvo de moda una canci\u00f3n basada en estos versos y fue un \u00e9xito a nivel mundial. Estuvo varias semanas en los primeros lugares del Top 40. \u00bfPor qu\u00e9 fue tan impactante? En aquellos tiempos la m\u00fasica ten\u00eda otros matices. Era m\u00e1s inspiradora y llegaba a un p\u00fablico de la generaci\u00f3n Baby Boom que todav\u00eda conoc\u00eda la Biblia. Hoy, cuando escucho a mi esposa que desde que se levanta lo primero que hace es cantar c\u00e1nticos al Se\u00f1or y su voz suena c\u00e1lida y vivificante, no puedo dejar de recordar esos versos de David.<\/p>\n\n\n\n<p>El pueblo de Israel es un pueblo musical. Desde que cruzaron el Mar Rojo y Mar\u00eda y las mujeres entonaron el c\u00e1ntico de liberaci\u00f3n, fueron conocidos por ser un pueblo que ama la m\u00fasica. Ese es su sello distintivo. Son capaces de hacer de un verso un poema y de un poema una canci\u00f3n y de una canci\u00f3n un salmo.<\/p>\n\n\n\n<p>En Babilonia fueron cautivos y esclavizados. Y en ese momento, colgaron sus arpas y liras. Callaron sus voces. Ya no pudieron cantar ni entonar sus alabanzas porque el cautiverio les quit\u00f3 el deseo de elevar sus eleg\u00edas al Se\u00f1or. Su lamento era en silencio. Sus l\u00e1grimas eran mudos testigos de su dolor. Y es que cuando uno est\u00e1 cautivo por una enfermedad, un dolor que traspasa su alma, un problema agobiante, una situaci\u00f3n que altera su d\u00eda, su coraz\u00f3n se empa\u00f1a de tristeza y su canci\u00f3n enmudece.<\/p>\n\n\n\n<p>Eso me ense\u00f1a que mientras hay libertad, vida, sanidad y gozo, nuestro deber es cantar. Porque quiz\u00e1 vengan d\u00edas en que nuestras arpas tendr\u00e1n que colgarse y callaremos para dejar que nuestro Dios nos escuche cantar en el silencio la canci\u00f3n de nuestro dolor.<\/p>\n\n\n\n<p>Un detalle muy hermoso: \u00bfSer\u00e1 que los israelitas colgaron sus arpas sobre los sauces que tambi\u00e9n se llaman \u201csauces llorones? \u00bfSer\u00e1 que los \u00e1rboles tambi\u00e9n aquietaron sus ramas al ver a los hijos de Dios silenciados por la esclavitud? \u00bfSer\u00e1 que a\u00fan los \u00e1rboles sienten el dolor y la tristeza de los hijos de Dios que ya no cantan cuando sufren? Porque fuimos hechos para alabar, cantar y entonar los c\u00e1nticos de Gloria al Se\u00f1or.<\/p>\n\n\n\n<p>SOLI DEO GLORIA<\/p>\n","protected":false},"excerpt":{"rendered":"<p>Salmos 137:1-3 \u201cJunto a los r\u00edos de Babilonia, nos sent\u00e1bamos y llor\u00e1bamos, al acordarnos de Sion. 2 Sobre los sauces en medio de ella colgamos nuestras arpas. 3 Pues all\u00ed los que nos hab\u00edan llevado cautivos nos ped\u00edan canciones, y los que nos atormentaban nos ped\u00edan alegr\u00eda, diciendo: Cantadnos alguno de los c\u00e1nticos de Sion\u201d [&hellip;]<\/p>\n","protected":false},"author":3,"featured_media":10751,"comment_status":"open","ping_status":"open","sticky":false,"template":"","format":"standard","meta":[],"categories":[36],"tags":[],"yoast_head":"<!-- This site is optimized with the Yoast SEO plugin v20.8 - https:\/\/yoast.com\/wordpress\/plugins\/seo\/ -->\n<title>Rios de Babilonia - La Prensa Cristiana<\/title>\n<meta name=\"robots\" content=\"index, follow, max-snippet:-1, max-image-preview:large, max-video-preview:-1\" \/>\n<link rel=\"canonical\" href=\"https:\/\/laprensacristiana.com\/?p=10768\" \/>\n<meta property=\"og:locale\" content=\"es_ES\" \/>\n<meta property=\"og:type\" content=\"article\" \/>\n<meta property=\"og:title\" content=\"Rios de Babilonia - La Prensa Cristiana\" \/>\n<meta property=\"og:description\" content=\"Salmos 137:1-3 \u201cJunto a los r\u00edos de Babilonia, nos sent\u00e1bamos y llor\u00e1bamos, al acordarnos de Sion. 2 Sobre los sauces en medio de ella colgamos nuestras arpas. 3 Pues all\u00ed los que nos hab\u00edan llevado cautivos nos ped\u00edan canciones, y los que nos atormentaban nos ped\u00edan alegr\u00eda, diciendo: Cantadnos alguno de los c\u00e1nticos de Sion\u201d [&hellip;]\" \/>\n<meta property=\"og:url\" content=\"https:\/\/laprensacristiana.com\/?p=10768\" \/>\n<meta property=\"og:site_name\" content=\"La Prensa Cristiana\" \/>\n<meta property=\"article:published_time\" content=\"2020-12-04T16:17:48+00:00\" \/>\n<meta property=\"article:modified_time\" content=\"2020-12-04T16:17:50+00:00\" \/>\n<meta property=\"og:image\" content=\"https:\/\/laprensacristiana.com\/wp-content\/uploads\/2020\/12\/IMG_20201130_091029_337.jpg\" \/>\n\t<meta property=\"og:image:width\" content=\"1280\" \/>\n\t<meta property=\"og:image:height\" content=\"714\" \/>\n\t<meta property=\"og:image:type\" content=\"image\/jpeg\" \/>\n<meta name=\"author\" content=\"EDITOR\" \/>\n<meta name=\"twitter:card\" content=\"summary_large_image\" \/>\n<meta name=\"twitter:label1\" content=\"Escrito por\" \/>\n\t<meta name=\"twitter:data1\" content=\"EDITOR\" \/>\n\t<meta name=\"twitter:label2\" content=\"Tiempo de lectura\" \/>\n\t<meta name=\"twitter:data2\" content=\"2 minutos\" \/>\n<script type=\"application\/ld+json\" class=\"yoast-schema-graph\">{\"@context\":\"https:\/\/schema.org\",\"@graph\":[{\"@type\":\"WebPage\",\"@id\":\"https:\/\/laprensacristiana.com\/?p=10768\",\"url\":\"https:\/\/laprensacristiana.com\/?p=10768\",\"name\":\"Rios de Babilonia - La Prensa Cristiana\",\"isPartOf\":{\"@id\":\"https:\/\/laprensacristiana.com\/#website\"},\"datePublished\":\"2020-12-04T16:17:48+00:00\",\"dateModified\":\"2020-12-04T16:17:50+00:00\",\"author\":{\"@id\":\"https:\/\/laprensacristiana.com\/#\/schema\/person\/3e7d82c6bfd6b1fa67010f8f7cd5256e\"},\"breadcrumb\":{\"@id\":\"https:\/\/laprensacristiana.com\/?p=10768#breadcrumb\"},\"inLanguage\":\"es\",\"potentialAction\":[{\"@type\":\"ReadAction\",\"target\":[\"https:\/\/laprensacristiana.com\/?p=10768\"]}]},{\"@type\":\"BreadcrumbList\",\"@id\":\"https:\/\/laprensacristiana.com\/?p=10768#breadcrumb\",\"itemListElement\":[{\"@type\":\"ListItem\",\"position\":1,\"name\":\"Portada\",\"item\":\"https:\/\/laprensacristiana.com\/\"},{\"@type\":\"ListItem\",\"position\":2,\"name\":\"Rios de Babilonia\"}]},{\"@type\":\"WebSite\",\"@id\":\"https:\/\/laprensacristiana.com\/#website\",\"url\":\"https:\/\/laprensacristiana.com\/\",\"name\":\"La Prensa Cristiana\",\"description\":\"Anunciando Las Buenas Nuevas\",\"potentialAction\":[{\"@type\":\"SearchAction\",\"target\":{\"@type\":\"EntryPoint\",\"urlTemplate\":\"https:\/\/laprensacristiana.com\/?s={search_term_string}\"},\"query-input\":\"required name=search_term_string\"}],\"inLanguage\":\"es\"},{\"@type\":\"Person\",\"@id\":\"https:\/\/laprensacristiana.com\/#\/schema\/person\/3e7d82c6bfd6b1fa67010f8f7cd5256e\",\"name\":\"EDITOR\",\"image\":{\"@type\":\"ImageObject\",\"inLanguage\":\"es\",\"@id\":\"https:\/\/laprensacristiana.com\/#\/schema\/person\/image\/\",\"url\":\"https:\/\/secure.gravatar.com\/avatar\/72069dfb6c13772d9e8381e3638666d2?s=96&d=mm&r=g\",\"contentUrl\":\"https:\/\/secure.gravatar.com\/avatar\/72069dfb6c13772d9e8381e3638666d2?s=96&d=mm&r=g\",\"caption\":\"EDITOR\"},\"url\":\"https:\/\/laprensacristiana.com\/?author=3\"}]}<\/script>\n<!-- \/ Yoast SEO plugin. -->","yoast_head_json":{"title":"Rios de Babilonia - La Prensa Cristiana","robots":{"index":"index","follow":"follow","max-snippet":"max-snippet:-1","max-image-preview":"max-image-preview:large","max-video-preview":"max-video-preview:-1"},"canonical":"https:\/\/laprensacristiana.com\/?p=10768","og_locale":"es_ES","og_type":"article","og_title":"Rios de Babilonia - La Prensa Cristiana","og_description":"Salmos 137:1-3 \u201cJunto a los r\u00edos de Babilonia, nos sent\u00e1bamos y llor\u00e1bamos, al acordarnos de Sion. 2 Sobre los sauces en medio de ella colgamos nuestras arpas. 3 Pues all\u00ed los que nos hab\u00edan llevado cautivos nos ped\u00edan canciones, y los que nos atormentaban nos ped\u00edan alegr\u00eda, diciendo: Cantadnos alguno de los c\u00e1nticos de Sion\u201d [&hellip;]","og_url":"https:\/\/laprensacristiana.com\/?p=10768","og_site_name":"La Prensa Cristiana","article_published_time":"2020-12-04T16:17:48+00:00","article_modified_time":"2020-12-04T16:17:50+00:00","og_image":[{"width":1280,"height":714,"url":"https:\/\/laprensacristiana.com\/wp-content\/uploads\/2020\/12\/IMG_20201130_091029_337.jpg","type":"image\/jpeg"}],"author":"EDITOR","twitter_card":"summary_large_image","twitter_misc":{"Escrito por":"EDITOR","Tiempo de lectura":"2 minutos"},"schema":{"@context":"https:\/\/schema.org","@graph":[{"@type":"WebPage","@id":"https:\/\/laprensacristiana.com\/?p=10768","url":"https:\/\/laprensacristiana.com\/?p=10768","name":"Rios de Babilonia - La Prensa Cristiana","isPartOf":{"@id":"https:\/\/laprensacristiana.com\/#website"},"datePublished":"2020-12-04T16:17:48+00:00","dateModified":"2020-12-04T16:17:50+00:00","author":{"@id":"https:\/\/laprensacristiana.com\/#\/schema\/person\/3e7d82c6bfd6b1fa67010f8f7cd5256e"},"breadcrumb":{"@id":"https:\/\/laprensacristiana.com\/?p=10768#breadcrumb"},"inLanguage":"es","potentialAction":[{"@type":"ReadAction","target":["https:\/\/laprensacristiana.com\/?p=10768"]}]},{"@type":"BreadcrumbList","@id":"https:\/\/laprensacristiana.com\/?p=10768#breadcrumb","itemListElement":[{"@type":"ListItem","position":1,"name":"Portada","item":"https:\/\/laprensacristiana.com\/"},{"@type":"ListItem","position":2,"name":"Rios de Babilonia"}]},{"@type":"WebSite","@id":"https:\/\/laprensacristiana.com\/#website","url":"https:\/\/laprensacristiana.com\/","name":"La Prensa Cristiana","description":"Anunciando Las Buenas Nuevas","potentialAction":[{"@type":"SearchAction","target":{"@type":"EntryPoint","urlTemplate":"https:\/\/laprensacristiana.com\/?s={search_term_string}"},"query-input":"required name=search_term_string"}],"inLanguage":"es"},{"@type":"Person","@id":"https:\/\/laprensacristiana.com\/#\/schema\/person\/3e7d82c6bfd6b1fa67010f8f7cd5256e","name":"EDITOR","image":{"@type":"ImageObject","inLanguage":"es","@id":"https:\/\/laprensacristiana.com\/#\/schema\/person\/image\/","url":"https:\/\/secure.gravatar.com\/avatar\/72069dfb6c13772d9e8381e3638666d2?s=96&d=mm&r=g","contentUrl":"https:\/\/secure.gravatar.com\/avatar\/72069dfb6c13772d9e8381e3638666d2?s=96&d=mm&r=g","caption":"EDITOR"},"url":"https:\/\/laprensacristiana.com\/?author=3"}]}},"_links":{"self":[{"href":"https:\/\/laprensacristiana.com\/index.php?rest_route=\/wp\/v2\/posts\/10768"}],"collection":[{"href":"https:\/\/laprensacristiana.com\/index.php?rest_route=\/wp\/v2\/posts"}],"about":[{"href":"https:\/\/laprensacristiana.com\/index.php?rest_route=\/wp\/v2\/types\/post"}],"author":[{"embeddable":true,"href":"https:\/\/laprensacristiana.com\/index.php?rest_route=\/wp\/v2\/users\/3"}],"replies":[{"embeddable":true,"href":"https:\/\/laprensacristiana.com\/index.php?rest_route=%2Fwp%2Fv2%2Fcomments&post=10768"}],"version-history":[{"count":1,"href":"https:\/\/laprensacristiana.com\/index.php?rest_route=\/wp\/v2\/posts\/10768\/revisions"}],"predecessor-version":[{"id":10769,"href":"https:\/\/laprensacristiana.com\/index.php?rest_route=\/wp\/v2\/posts\/10768\/revisions\/10769"}],"wp:featuredmedia":[{"embeddable":true,"href":"https:\/\/laprensacristiana.com\/index.php?rest_route=\/wp\/v2\/media\/10751"}],"wp:attachment":[{"href":"https:\/\/laprensacristiana.com\/index.php?rest_route=%2Fwp%2Fv2%2Fmedia&parent=10768"}],"wp:term":[{"taxonomy":"category","embeddable":true,"href":"https:\/\/laprensacristiana.com\/index.php?rest_route=%2Fwp%2Fv2%2Fcategories&post=10768"},{"taxonomy":"post_tag","embeddable":true,"href":"https:\/\/laprensacristiana.com\/index.php?rest_route=%2Fwp%2Fv2%2Ftags&post=10768"}],"curies":[{"name":"wp","href":"https:\/\/api.w.org\/{rel}","templated":true}]}}