{"id":10795,"date":"2020-12-09T20:56:11","date_gmt":"2020-12-09T20:56:11","guid":{"rendered":"https:\/\/laprensacristiana.com\/?p=10795"},"modified":"2020-12-09T20:56:13","modified_gmt":"2020-12-09T20:56:13","slug":"el-rechazo-1","status":"publish","type":"post","link":"https:\/\/laprensacristiana.com\/?p=10795","title":{"rendered":"El rechazo (1)"},"content":{"rendered":"\n<p>Mateo 18:12 \u201c\u00bfQu\u00e9 os parece? Si un hombre tiene cien ovejas y una de ellas se ha descarriado, \u00bfno deja las noventa y nueve en los montes, y va en busca de la descarriada?\u201d<\/p>\n\n\n\n<p>Hace a\u00f1os, cuando viajaba por el interior del pa\u00eds all\u00e1 en Guatemala, tuve el privilegio de platicar con un pastor de ovejas y me cont\u00f3 una interesante an\u00e9cdota sobre su reba\u00f1o: Entre el reba\u00f1o hay corderos que desde que nacen, nacen con la cabeza agachada, como si no tuvieran fuerzas en el cuello para poderla levantar. No logran integrarse al resto del reba\u00f1o, no pueden comer ni beber agua ni ver lo que pasa a su alrededor porque sus miradas siempre est\u00e1n hacia el suelo. Siempre andan solitarias y a punto de morir de inanici\u00f3n. \u00bfCual es el motivo? El rechazo. Su madre la rechaza desde que nace por una \u00fanica raz\u00f3n: sale negra. Y al ver que no se parece a sus otros hijos, cree que ese ser no es parte de ella y la deja abandonada.<\/p>\n\n\n\n<p>All\u00ed es donde entra en acci\u00f3n el pastor. Lo carga, lo cuida, le hace sentir amor, lo alimenta y no lo deja solo hasta que el cordero siente que alguien lo ama y se convierte en una oveja m\u00e1s de su reba\u00f1o. Con su ayuda, lo integra al grupo hasta que lo aceptan los dem\u00e1s.<\/p>\n\n\n\n<p>\u00bfAcaso no es eso lo que ha hecho nuestro Jesus por nosotros? \u00bfNo fue ese el motivo de su venida a este mundo para buscarnos, sacarnos del doloroso estado del rechazo social, familiar, eclesi\u00e1stico y financiero? Entonces, mis amigos, no hay raz\u00f3n para sentirnos solos y abandonados. No hay raz\u00f3n para seguir viviendo con la cabeza gacha y con el cuello doblado y la vista perdida en la tierra. Nuestro Amado Pastor vino a levantar nuestras cabezas para que podamos ver en el horizonte ese oc\u00e9ano de Amor del que quiere llenarnos. El rechazo duele, es cierto y todos lo hemos sufrido, pero para eso apareci\u00f3 Cristo: para vencer las obras del maligno.<\/p>\n\n\n\n<p>SOLI DEO GLORIA<\/p>\n","protected":false},"excerpt":{"rendered":"<p>Mateo 18:12 \u201c\u00bfQu\u00e9 os parece? Si un hombre tiene cien ovejas y una de ellas se ha descarriado, \u00bfno deja las noventa y nueve en los montes, y va en busca de la descarriada?\u201d Hace a\u00f1os, cuando viajaba por el interior del pa\u00eds all\u00e1 en Guatemala, tuve el privilegio de platicar con un pastor de [&hellip;]<\/p>\n","protected":false},"author":3,"featured_media":10751,"comment_status":"open","ping_status":"open","sticky":false,"template":"","format":"standard","meta":[],"categories":[104],"tags":[],"yoast_head":"<!-- This site is optimized with the Yoast SEO plugin v20.8 - https:\/\/yoast.com\/wordpress\/plugins\/seo\/ -->\n<title>El rechazo (1) - La Prensa Cristiana<\/title>\n<meta name=\"robots\" content=\"index, follow, max-snippet:-1, max-image-preview:large, max-video-preview:-1\" \/>\n<link rel=\"canonical\" href=\"https:\/\/laprensacristiana.com\/?p=10795\" \/>\n<meta property=\"og:locale\" content=\"es_ES\" \/>\n<meta property=\"og:type\" content=\"article\" \/>\n<meta property=\"og:title\" content=\"El rechazo (1) - La Prensa Cristiana\" \/>\n<meta property=\"og:description\" content=\"Mateo 18:12 \u201c\u00bfQu\u00e9 os parece? Si un hombre tiene cien ovejas y una de ellas se ha descarriado, \u00bfno deja las noventa y nueve en los montes, y va en busca de la descarriada?\u201d Hace a\u00f1os, cuando viajaba por el interior del pa\u00eds all\u00e1 en Guatemala, tuve el privilegio de platicar con un pastor de [&hellip;]\" \/>\n<meta property=\"og:url\" content=\"https:\/\/laprensacristiana.com\/?p=10795\" \/>\n<meta property=\"og:site_name\" content=\"La Prensa Cristiana\" \/>\n<meta property=\"article:published_time\" content=\"2020-12-09T20:56:11+00:00\" \/>\n<meta property=\"article:modified_time\" content=\"2020-12-09T20:56:13+00:00\" \/>\n<meta property=\"og:image\" content=\"https:\/\/laprensacristiana.com\/wp-content\/uploads\/2020\/12\/IMG_20201130_091029_337.jpg\" \/>\n\t<meta property=\"og:image:width\" content=\"1280\" \/>\n\t<meta property=\"og:image:height\" content=\"714\" \/>\n\t<meta property=\"og:image:type\" content=\"image\/jpeg\" \/>\n<meta name=\"author\" content=\"EDITOR\" \/>\n<meta name=\"twitter:card\" content=\"summary_large_image\" \/>\n<meta name=\"twitter:label1\" content=\"Escrito por\" \/>\n\t<meta name=\"twitter:data1\" content=\"EDITOR\" \/>\n\t<meta name=\"twitter:label2\" content=\"Tiempo de lectura\" \/>\n\t<meta name=\"twitter:data2\" content=\"2 minutos\" \/>\n<script type=\"application\/ld+json\" class=\"yoast-schema-graph\">{\"@context\":\"https:\/\/schema.org\",\"@graph\":[{\"@type\":\"WebPage\",\"@id\":\"https:\/\/laprensacristiana.com\/?p=10795\",\"url\":\"https:\/\/laprensacristiana.com\/?p=10795\",\"name\":\"El rechazo (1) - La Prensa Cristiana\",\"isPartOf\":{\"@id\":\"https:\/\/laprensacristiana.com\/#website\"},\"datePublished\":\"2020-12-09T20:56:11+00:00\",\"dateModified\":\"2020-12-09T20:56:13+00:00\",\"author\":{\"@id\":\"https:\/\/laprensacristiana.com\/#\/schema\/person\/3e7d82c6bfd6b1fa67010f8f7cd5256e\"},\"breadcrumb\":{\"@id\":\"https:\/\/laprensacristiana.com\/?p=10795#breadcrumb\"},\"inLanguage\":\"es\",\"potentialAction\":[{\"@type\":\"ReadAction\",\"target\":[\"https:\/\/laprensacristiana.com\/?p=10795\"]}]},{\"@type\":\"BreadcrumbList\",\"@id\":\"https:\/\/laprensacristiana.com\/?p=10795#breadcrumb\",\"itemListElement\":[{\"@type\":\"ListItem\",\"position\":1,\"name\":\"Portada\",\"item\":\"https:\/\/laprensacristiana.com\/\"},{\"@type\":\"ListItem\",\"position\":2,\"name\":\"El rechazo (1)\"}]},{\"@type\":\"WebSite\",\"@id\":\"https:\/\/laprensacristiana.com\/#website\",\"url\":\"https:\/\/laprensacristiana.com\/\",\"name\":\"La Prensa Cristiana\",\"description\":\"Anunciando Las Buenas Nuevas\",\"potentialAction\":[{\"@type\":\"SearchAction\",\"target\":{\"@type\":\"EntryPoint\",\"urlTemplate\":\"https:\/\/laprensacristiana.com\/?s={search_term_string}\"},\"query-input\":\"required name=search_term_string\"}],\"inLanguage\":\"es\"},{\"@type\":\"Person\",\"@id\":\"https:\/\/laprensacristiana.com\/#\/schema\/person\/3e7d82c6bfd6b1fa67010f8f7cd5256e\",\"name\":\"EDITOR\",\"image\":{\"@type\":\"ImageObject\",\"inLanguage\":\"es\",\"@id\":\"https:\/\/laprensacristiana.com\/#\/schema\/person\/image\/\",\"url\":\"https:\/\/secure.gravatar.com\/avatar\/72069dfb6c13772d9e8381e3638666d2?s=96&d=mm&r=g\",\"contentUrl\":\"https:\/\/secure.gravatar.com\/avatar\/72069dfb6c13772d9e8381e3638666d2?s=96&d=mm&r=g\",\"caption\":\"EDITOR\"},\"url\":\"https:\/\/laprensacristiana.com\/?author=3\"}]}<\/script>\n<!-- \/ Yoast SEO plugin. -->","yoast_head_json":{"title":"El rechazo (1) - La Prensa Cristiana","robots":{"index":"index","follow":"follow","max-snippet":"max-snippet:-1","max-image-preview":"max-image-preview:large","max-video-preview":"max-video-preview:-1"},"canonical":"https:\/\/laprensacristiana.com\/?p=10795","og_locale":"es_ES","og_type":"article","og_title":"El rechazo (1) - La Prensa Cristiana","og_description":"Mateo 18:12 \u201c\u00bfQu\u00e9 os parece? Si un hombre tiene cien ovejas y una de ellas se ha descarriado, \u00bfno deja las noventa y nueve en los montes, y va en busca de la descarriada?\u201d Hace a\u00f1os, cuando viajaba por el interior del pa\u00eds all\u00e1 en Guatemala, tuve el privilegio de platicar con un pastor de [&hellip;]","og_url":"https:\/\/laprensacristiana.com\/?p=10795","og_site_name":"La Prensa Cristiana","article_published_time":"2020-12-09T20:56:11+00:00","article_modified_time":"2020-12-09T20:56:13+00:00","og_image":[{"width":1280,"height":714,"url":"https:\/\/laprensacristiana.com\/wp-content\/uploads\/2020\/12\/IMG_20201130_091029_337.jpg","type":"image\/jpeg"}],"author":"EDITOR","twitter_card":"summary_large_image","twitter_misc":{"Escrito por":"EDITOR","Tiempo de lectura":"2 minutos"},"schema":{"@context":"https:\/\/schema.org","@graph":[{"@type":"WebPage","@id":"https:\/\/laprensacristiana.com\/?p=10795","url":"https:\/\/laprensacristiana.com\/?p=10795","name":"El rechazo (1) - La Prensa Cristiana","isPartOf":{"@id":"https:\/\/laprensacristiana.com\/#website"},"datePublished":"2020-12-09T20:56:11+00:00","dateModified":"2020-12-09T20:56:13+00:00","author":{"@id":"https:\/\/laprensacristiana.com\/#\/schema\/person\/3e7d82c6bfd6b1fa67010f8f7cd5256e"},"breadcrumb":{"@id":"https:\/\/laprensacristiana.com\/?p=10795#breadcrumb"},"inLanguage":"es","potentialAction":[{"@type":"ReadAction","target":["https:\/\/laprensacristiana.com\/?p=10795"]}]},{"@type":"BreadcrumbList","@id":"https:\/\/laprensacristiana.com\/?p=10795#breadcrumb","itemListElement":[{"@type":"ListItem","position":1,"name":"Portada","item":"https:\/\/laprensacristiana.com\/"},{"@type":"ListItem","position":2,"name":"El rechazo (1)"}]},{"@type":"WebSite","@id":"https:\/\/laprensacristiana.com\/#website","url":"https:\/\/laprensacristiana.com\/","name":"La Prensa Cristiana","description":"Anunciando Las Buenas Nuevas","potentialAction":[{"@type":"SearchAction","target":{"@type":"EntryPoint","urlTemplate":"https:\/\/laprensacristiana.com\/?s={search_term_string}"},"query-input":"required name=search_term_string"}],"inLanguage":"es"},{"@type":"Person","@id":"https:\/\/laprensacristiana.com\/#\/schema\/person\/3e7d82c6bfd6b1fa67010f8f7cd5256e","name":"EDITOR","image":{"@type":"ImageObject","inLanguage":"es","@id":"https:\/\/laprensacristiana.com\/#\/schema\/person\/image\/","url":"https:\/\/secure.gravatar.com\/avatar\/72069dfb6c13772d9e8381e3638666d2?s=96&d=mm&r=g","contentUrl":"https:\/\/secure.gravatar.com\/avatar\/72069dfb6c13772d9e8381e3638666d2?s=96&d=mm&r=g","caption":"EDITOR"},"url":"https:\/\/laprensacristiana.com\/?author=3"}]}},"_links":{"self":[{"href":"https:\/\/laprensacristiana.com\/index.php?rest_route=\/wp\/v2\/posts\/10795"}],"collection":[{"href":"https:\/\/laprensacristiana.com\/index.php?rest_route=\/wp\/v2\/posts"}],"about":[{"href":"https:\/\/laprensacristiana.com\/index.php?rest_route=\/wp\/v2\/types\/post"}],"author":[{"embeddable":true,"href":"https:\/\/laprensacristiana.com\/index.php?rest_route=\/wp\/v2\/users\/3"}],"replies":[{"embeddable":true,"href":"https:\/\/laprensacristiana.com\/index.php?rest_route=%2Fwp%2Fv2%2Fcomments&post=10795"}],"version-history":[{"count":1,"href":"https:\/\/laprensacristiana.com\/index.php?rest_route=\/wp\/v2\/posts\/10795\/revisions"}],"predecessor-version":[{"id":10796,"href":"https:\/\/laprensacristiana.com\/index.php?rest_route=\/wp\/v2\/posts\/10795\/revisions\/10796"}],"wp:featuredmedia":[{"embeddable":true,"href":"https:\/\/laprensacristiana.com\/index.php?rest_route=\/wp\/v2\/media\/10751"}],"wp:attachment":[{"href":"https:\/\/laprensacristiana.com\/index.php?rest_route=%2Fwp%2Fv2%2Fmedia&parent=10795"}],"wp:term":[{"taxonomy":"category","embeddable":true,"href":"https:\/\/laprensacristiana.com\/index.php?rest_route=%2Fwp%2Fv2%2Fcategories&post=10795"},{"taxonomy":"post_tag","embeddable":true,"href":"https:\/\/laprensacristiana.com\/index.php?rest_route=%2Fwp%2Fv2%2Ftags&post=10795"}],"curies":[{"name":"wp","href":"https:\/\/api.w.org\/{rel}","templated":true}]}}