{"id":10819,"date":"2020-12-15T15:21:46","date_gmt":"2020-12-15T15:21:46","guid":{"rendered":"https:\/\/laprensacristiana.com\/?p=10819"},"modified":"2020-12-15T15:21:47","modified_gmt":"2020-12-15T15:21:47","slug":"mi-amigo-el-bizco","status":"publish","type":"post","link":"https:\/\/laprensacristiana.com\/?p=10819","title":{"rendered":"Mi amigo el bizco"},"content":{"rendered":"\n<p><\/p>\n\n\n\n<p>Romanos 12:10 \u201cSed afectuosos unos con otros con amor fraternal; con honra, daos preferencia unos a otros\u2026\u201d<\/p>\n\n\n\n<p>\u00bfNo les he contado la historia del bizco de la cuadra?<\/p>\n\n\n\n<p>Cuando \u00e9ramos peque\u00f1os un grupo de amigos en la cuadra donde viv\u00edamos, en esa cuadra viv\u00eda un muchacho de nuestra edad (6-7 a\u00f1os). Era el rico de la cuadra porque su mam\u00e1 ganaba un buen sueldo. Nosotros \u00e9ramos de la otra clase. Los pobres que apenas si alcanzaba para cambiarle media suela a nuestros zapatos cuando se romp\u00edan. En el tac\u00f3n mi pap\u00e1 ped\u00eda que le pusieran unas planchas de hierro para no gastar mucho los tacones. \u00bfAlguien se recuerda de esa \u00e9poca?<\/p>\n\n\n\n<p>Bueno, pues al amigo rico, que adem\u00e1s era bizco, un d\u00eda su mam\u00e1 le regal\u00f3 una pelota de fut. Estaba feliz pues era el \u00fanico que ten\u00eda un regalo de esa clase. Nos reuni\u00f3 a todos y nos invit\u00f3 a jugar con su pelota, por supuesto, \u00e9l era el jugador principal. Claro, era el due\u00f1o. El problema era que como era bizco, no sab\u00eda donde estaba la pelota y la pateaba para todos lados. Pero nosotros lo acept\u00e1bamos porque ni modo. Era el due\u00f1o y si no le pas\u00e1bamos bola, se enojaba, tomaba su pelota y se la llevaba y nos dejaba sin nada para jugar.<\/p>\n\n\n\n<p>As\u00ed hay personas en la iglesia: Tienen un hermoso regalo de parte de Dios para que lo comparta con todos los miembros, que los haga felices, que les ayude a crecer y creer m\u00e1s en el Se\u00f1or, pero un d\u00eda\u2026 se enojan, toman su don y se van, dejando al resto de la congregaci\u00f3n sin la bendici\u00f3n que Dios les ha dado para enriquecer la vida de los otros. Como mi amigo de la infancia, se molestan cuando no se les pasa la pelota de alg\u00fan ministerio, un privilegio o un saludo, o se predica un mensaje que no les gusta y entonces se llevan el regalo que Dios les ha dado y dejan al resto del \u201cequipo\u201d sin disfrutar de la bendici\u00f3n que tienen.<\/p>\n\n\n\n<p>Ah, y no forzosamente porque sean bizcos, disculpen, es que son miopes.<\/p>\n\n\n\n<p>SOLI DEO GLORIA<\/p>\n","protected":false},"excerpt":{"rendered":"<p>Romanos 12:10 \u201cSed afectuosos unos con otros con amor fraternal; con honra, daos preferencia unos a otros\u2026\u201d \u00bfNo les he contado la historia del bizco de la cuadra? Cuando \u00e9ramos peque\u00f1os un grupo de amigos en la cuadra donde viv\u00edamos, en esa cuadra viv\u00eda un muchacho de nuestra edad (6-7 a\u00f1os). Era el rico de [&hellip;]<\/p>\n","protected":false},"author":3,"featured_media":10593,"comment_status":"open","ping_status":"open","sticky":false,"template":"","format":"standard","meta":[],"categories":[36],"tags":[],"yoast_head":"<!-- This site is optimized with the Yoast SEO plugin v20.8 - https:\/\/yoast.com\/wordpress\/plugins\/seo\/ -->\n<title>Mi amigo el bizco - La Prensa Cristiana<\/title>\n<meta name=\"robots\" content=\"index, follow, max-snippet:-1, max-image-preview:large, max-video-preview:-1\" \/>\n<link rel=\"canonical\" href=\"https:\/\/laprensacristiana.com\/?p=10819\" \/>\n<meta property=\"og:locale\" content=\"es_ES\" \/>\n<meta property=\"og:type\" content=\"article\" \/>\n<meta property=\"og:title\" content=\"Mi amigo el bizco - La Prensa Cristiana\" \/>\n<meta property=\"og:description\" content=\"Romanos 12:10 \u201cSed afectuosos unos con otros con amor fraternal; con honra, daos preferencia unos a otros\u2026\u201d \u00bfNo les he contado la historia del bizco de la cuadra? Cuando \u00e9ramos peque\u00f1os un grupo de amigos en la cuadra donde viv\u00edamos, en esa cuadra viv\u00eda un muchacho de nuestra edad (6-7 a\u00f1os). Era el rico de [&hellip;]\" \/>\n<meta property=\"og:url\" content=\"https:\/\/laprensacristiana.com\/?p=10819\" \/>\n<meta property=\"og:site_name\" content=\"La Prensa Cristiana\" \/>\n<meta property=\"article:published_time\" content=\"2020-12-15T15:21:46+00:00\" \/>\n<meta property=\"article:modified_time\" content=\"2020-12-15T15:21:47+00:00\" \/>\n<meta property=\"og:image\" content=\"https:\/\/laprensacristiana.com\/wp-content\/uploads\/2020\/11\/IMG_20201109_121125_873.jpg\" \/>\n\t<meta property=\"og:image:width\" content=\"1280\" \/>\n\t<meta property=\"og:image:height\" content=\"714\" \/>\n\t<meta property=\"og:image:type\" content=\"image\/jpeg\" \/>\n<meta name=\"author\" content=\"EDITOR\" \/>\n<meta name=\"twitter:card\" content=\"summary_large_image\" \/>\n<meta name=\"twitter:label1\" content=\"Escrito por\" \/>\n\t<meta name=\"twitter:data1\" content=\"EDITOR\" \/>\n\t<meta name=\"twitter:label2\" content=\"Tiempo de lectura\" \/>\n\t<meta name=\"twitter:data2\" content=\"2 minutos\" \/>\n<script type=\"application\/ld+json\" class=\"yoast-schema-graph\">{\"@context\":\"https:\/\/schema.org\",\"@graph\":[{\"@type\":\"WebPage\",\"@id\":\"https:\/\/laprensacristiana.com\/?p=10819\",\"url\":\"https:\/\/laprensacristiana.com\/?p=10819\",\"name\":\"Mi amigo el bizco - La Prensa Cristiana\",\"isPartOf\":{\"@id\":\"https:\/\/laprensacristiana.com\/#website\"},\"datePublished\":\"2020-12-15T15:21:46+00:00\",\"dateModified\":\"2020-12-15T15:21:47+00:00\",\"author\":{\"@id\":\"https:\/\/laprensacristiana.com\/#\/schema\/person\/3e7d82c6bfd6b1fa67010f8f7cd5256e\"},\"breadcrumb\":{\"@id\":\"https:\/\/laprensacristiana.com\/?p=10819#breadcrumb\"},\"inLanguage\":\"es\",\"potentialAction\":[{\"@type\":\"ReadAction\",\"target\":[\"https:\/\/laprensacristiana.com\/?p=10819\"]}]},{\"@type\":\"BreadcrumbList\",\"@id\":\"https:\/\/laprensacristiana.com\/?p=10819#breadcrumb\",\"itemListElement\":[{\"@type\":\"ListItem\",\"position\":1,\"name\":\"Portada\",\"item\":\"https:\/\/laprensacristiana.com\/\"},{\"@type\":\"ListItem\",\"position\":2,\"name\":\"Mi amigo el bizco\"}]},{\"@type\":\"WebSite\",\"@id\":\"https:\/\/laprensacristiana.com\/#website\",\"url\":\"https:\/\/laprensacristiana.com\/\",\"name\":\"La Prensa Cristiana\",\"description\":\"Anunciando Las Buenas Nuevas\",\"potentialAction\":[{\"@type\":\"SearchAction\",\"target\":{\"@type\":\"EntryPoint\",\"urlTemplate\":\"https:\/\/laprensacristiana.com\/?s={search_term_string}\"},\"query-input\":\"required name=search_term_string\"}],\"inLanguage\":\"es\"},{\"@type\":\"Person\",\"@id\":\"https:\/\/laprensacristiana.com\/#\/schema\/person\/3e7d82c6bfd6b1fa67010f8f7cd5256e\",\"name\":\"EDITOR\",\"image\":{\"@type\":\"ImageObject\",\"inLanguage\":\"es\",\"@id\":\"https:\/\/laprensacristiana.com\/#\/schema\/person\/image\/\",\"url\":\"https:\/\/secure.gravatar.com\/avatar\/72069dfb6c13772d9e8381e3638666d2?s=96&d=mm&r=g\",\"contentUrl\":\"https:\/\/secure.gravatar.com\/avatar\/72069dfb6c13772d9e8381e3638666d2?s=96&d=mm&r=g\",\"caption\":\"EDITOR\"},\"url\":\"https:\/\/laprensacristiana.com\/?author=3\"}]}<\/script>\n<!-- \/ Yoast SEO plugin. -->","yoast_head_json":{"title":"Mi amigo el bizco - La Prensa Cristiana","robots":{"index":"index","follow":"follow","max-snippet":"max-snippet:-1","max-image-preview":"max-image-preview:large","max-video-preview":"max-video-preview:-1"},"canonical":"https:\/\/laprensacristiana.com\/?p=10819","og_locale":"es_ES","og_type":"article","og_title":"Mi amigo el bizco - La Prensa Cristiana","og_description":"Romanos 12:10 \u201cSed afectuosos unos con otros con amor fraternal; con honra, daos preferencia unos a otros\u2026\u201d \u00bfNo les he contado la historia del bizco de la cuadra? Cuando \u00e9ramos peque\u00f1os un grupo de amigos en la cuadra donde viv\u00edamos, en esa cuadra viv\u00eda un muchacho de nuestra edad (6-7 a\u00f1os). Era el rico de [&hellip;]","og_url":"https:\/\/laprensacristiana.com\/?p=10819","og_site_name":"La Prensa Cristiana","article_published_time":"2020-12-15T15:21:46+00:00","article_modified_time":"2020-12-15T15:21:47+00:00","og_image":[{"width":1280,"height":714,"url":"https:\/\/laprensacristiana.com\/wp-content\/uploads\/2020\/11\/IMG_20201109_121125_873.jpg","type":"image\/jpeg"}],"author":"EDITOR","twitter_card":"summary_large_image","twitter_misc":{"Escrito por":"EDITOR","Tiempo de lectura":"2 minutos"},"schema":{"@context":"https:\/\/schema.org","@graph":[{"@type":"WebPage","@id":"https:\/\/laprensacristiana.com\/?p=10819","url":"https:\/\/laprensacristiana.com\/?p=10819","name":"Mi amigo el bizco - La Prensa Cristiana","isPartOf":{"@id":"https:\/\/laprensacristiana.com\/#website"},"datePublished":"2020-12-15T15:21:46+00:00","dateModified":"2020-12-15T15:21:47+00:00","author":{"@id":"https:\/\/laprensacristiana.com\/#\/schema\/person\/3e7d82c6bfd6b1fa67010f8f7cd5256e"},"breadcrumb":{"@id":"https:\/\/laprensacristiana.com\/?p=10819#breadcrumb"},"inLanguage":"es","potentialAction":[{"@type":"ReadAction","target":["https:\/\/laprensacristiana.com\/?p=10819"]}]},{"@type":"BreadcrumbList","@id":"https:\/\/laprensacristiana.com\/?p=10819#breadcrumb","itemListElement":[{"@type":"ListItem","position":1,"name":"Portada","item":"https:\/\/laprensacristiana.com\/"},{"@type":"ListItem","position":2,"name":"Mi amigo el bizco"}]},{"@type":"WebSite","@id":"https:\/\/laprensacristiana.com\/#website","url":"https:\/\/laprensacristiana.com\/","name":"La Prensa Cristiana","description":"Anunciando Las Buenas Nuevas","potentialAction":[{"@type":"SearchAction","target":{"@type":"EntryPoint","urlTemplate":"https:\/\/laprensacristiana.com\/?s={search_term_string}"},"query-input":"required name=search_term_string"}],"inLanguage":"es"},{"@type":"Person","@id":"https:\/\/laprensacristiana.com\/#\/schema\/person\/3e7d82c6bfd6b1fa67010f8f7cd5256e","name":"EDITOR","image":{"@type":"ImageObject","inLanguage":"es","@id":"https:\/\/laprensacristiana.com\/#\/schema\/person\/image\/","url":"https:\/\/secure.gravatar.com\/avatar\/72069dfb6c13772d9e8381e3638666d2?s=96&d=mm&r=g","contentUrl":"https:\/\/secure.gravatar.com\/avatar\/72069dfb6c13772d9e8381e3638666d2?s=96&d=mm&r=g","caption":"EDITOR"},"url":"https:\/\/laprensacristiana.com\/?author=3"}]}},"_links":{"self":[{"href":"https:\/\/laprensacristiana.com\/index.php?rest_route=\/wp\/v2\/posts\/10819"}],"collection":[{"href":"https:\/\/laprensacristiana.com\/index.php?rest_route=\/wp\/v2\/posts"}],"about":[{"href":"https:\/\/laprensacristiana.com\/index.php?rest_route=\/wp\/v2\/types\/post"}],"author":[{"embeddable":true,"href":"https:\/\/laprensacristiana.com\/index.php?rest_route=\/wp\/v2\/users\/3"}],"replies":[{"embeddable":true,"href":"https:\/\/laprensacristiana.com\/index.php?rest_route=%2Fwp%2Fv2%2Fcomments&post=10819"}],"version-history":[{"count":1,"href":"https:\/\/laprensacristiana.com\/index.php?rest_route=\/wp\/v2\/posts\/10819\/revisions"}],"predecessor-version":[{"id":10820,"href":"https:\/\/laprensacristiana.com\/index.php?rest_route=\/wp\/v2\/posts\/10819\/revisions\/10820"}],"wp:featuredmedia":[{"embeddable":true,"href":"https:\/\/laprensacristiana.com\/index.php?rest_route=\/wp\/v2\/media\/10593"}],"wp:attachment":[{"href":"https:\/\/laprensacristiana.com\/index.php?rest_route=%2Fwp%2Fv2%2Fmedia&parent=10819"}],"wp:term":[{"taxonomy":"category","embeddable":true,"href":"https:\/\/laprensacristiana.com\/index.php?rest_route=%2Fwp%2Fv2%2Fcategories&post=10819"},{"taxonomy":"post_tag","embeddable":true,"href":"https:\/\/laprensacristiana.com\/index.php?rest_route=%2Fwp%2Fv2%2Ftags&post=10819"}],"curies":[{"name":"wp","href":"https:\/\/api.w.org\/{rel}","templated":true}]}}