{"id":10830,"date":"2020-12-16T17:48:08","date_gmt":"2020-12-16T17:48:08","guid":{"rendered":"https:\/\/laprensacristiana.com\/?p=10830"},"modified":"2020-12-16T17:48:09","modified_gmt":"2020-12-16T17:48:09","slug":"la-humildad-de-los-fuertes","status":"publish","type":"post","link":"https:\/\/laprensacristiana.com\/?p=10830","title":{"rendered":"La humildad de los fuertes"},"content":{"rendered":"\n<p>Por: Mario Vega | Pastor General Misi\u00f3n Cristiana Elim<\/p>\n\n\n\n<p>Mientras m\u00e1s conoce una persona de un asunto m\u00e1s humilde se vuelve en ese campo. La vida se encarga de ense\u00f1arle que el universo es mucho m\u00e1s complejo e inesperado de lo que superficialmente se supone. Lo que el ser humano puede llegar a conocer y dominar es demasiado poco, el orgullo queda de lado pues se llega a comprender que realmente no se sabe nada como deber\u00eda saberse. Por el contrario, quien conoce superficialmente o ignora del todo es quien eleva la voz y se vuelve altivo. En realidad, no sabe nada. Esto sucede en todos los campos del conocimiento humano y en todas las actividades. La humildad es expresi\u00f3n de seguridad y conocimiento. La soberbia, en cambio, es la manifestaci\u00f3n de la inseguridad y la ignorancia. Si se busca personas verdaderamente competentes se debe observar su conducta. La verdadera sapiencia siempre va de la mano con la humildad.<\/p>\n\n\n\n<p>En la medida que la posici\u00f3n de responsabilidad se eleva en la sociedad, mayores deben ser las manifestaciones de modestia y respeto. Los l\u00edderes deben ser capaces de unir a grupos divergentes en la forja de un consenso para el camino por delante. Pero eso solo lo hace posible la humildad, un profundo respeto por la dignidad de los dem\u00e1s. El liderazgo es la capacidad de construir relaciones y humildad es el fundamento de las relaciones saludables. El liderazgo humilde puede incrementar el compromiso y la dedicaci\u00f3n, inspira y motiva. Quien afirma que sirve a las personas tiene la obligaci\u00f3n de no airarse con aquellos a quienes dice servir. Un funcionario no es de utilidad si no es humilde. Cuando la autosatisfacci\u00f3n se apodera de \u00e9l, le impide crecer y le hace cada vez menos \u00fatil ante las renovadas coyunturas de la historia. Pero quien se dedica al servicio con esp\u00edritu humilde descubre la medida de su ego\u00edsmo y renueva su prop\u00f3sito de rendirse m\u00e1s y no sentirse satisfecho hasta lograr que su entrega a la causa de las mayor\u00edas sea completa. Su crecimiento nunca se detiene, cada vez es m\u00e1s sabio. El poder no tiene nada que ver con el orgullo. Son los esp\u00edritus pobres los que necesitan renovadas autoafirmaciones de autoridad. Pero quien sabe y puede, no las necesita. Sabe que sabe y sabe que puede. En su momento har\u00e1 lo que la historia le demanda y ser\u00e1n los a\u00f1os que sigan los que mostrar\u00e1n la grandeza de su sabidur\u00eda.<\/p>\n\n\n\n<p>Muchos de nuestros problemas m\u00e1s graves tienen como ra\u00edz el declive de la humildad y la sabidur\u00eda. La sociedad glorifica el ego\u00edsmo, la arrogancia y hasta el narcisismo. Eso sucedi\u00f3 porque, sin advertirlo, las personas se alejaron gradualmente de tratar a aqu\u00e9llas como virtudes y comenzaron a relegarlas porque supuestamente reflejan debilidades o reliquias de la religi\u00f3n. La percepci\u00f3n virtual desplaza a la realidad y las perspectivas equilibradas.<\/p>\n\n\n\n<p>Un retorno a la humildad asegura la mejor esperanza de supervivencia de lo civilizado y amable. En la vida siempre se enfrentar\u00e1 oposici\u00f3n y muchas veces se debe continuar contra corriente. La persona humilde no se irrita por las contrariedades pues sabe que su tolerancia e inclusi\u00f3n generosa ablandar\u00e1 el coraz\u00f3n m\u00e1s duro. El alivio llegar\u00e1 cuando apenas haya esperanzas de que tal cosa ocurra. En lugar de complacernos en exceso, podemos volver a dedicarnos al servicio de los dem\u00e1s. Para que la paciencia sea digna de tal nombre debe durar todo el tiempo. Poco importa cu\u00e1ndo se alcance la meta, con tal de que el esfuerzo no decaiga.<\/p>\n","protected":false},"excerpt":{"rendered":"<p>Por: Mario Vega | Pastor General Misi\u00f3n Cristiana Elim Mientras m\u00e1s conoce una persona de un asunto m\u00e1s humilde se vuelve en ese campo. La vida se encarga de ense\u00f1arle que el universo es mucho m\u00e1s complejo e inesperado de lo que superficialmente se supone. Lo que el ser humano puede llegar a conocer y [&hellip;]<\/p>\n","protected":false},"author":3,"featured_media":6072,"comment_status":"open","ping_status":"open","sticky":false,"template":"","format":"standard","meta":[],"categories":[23],"tags":[],"yoast_head":"<!-- This site is optimized with the Yoast SEO plugin v20.8 - https:\/\/yoast.com\/wordpress\/plugins\/seo\/ -->\n<title>La humildad de los fuertes - La Prensa Cristiana<\/title>\n<meta name=\"robots\" content=\"index, follow, max-snippet:-1, max-image-preview:large, max-video-preview:-1\" \/>\n<link rel=\"canonical\" href=\"https:\/\/laprensacristiana.com\/?p=10830\" \/>\n<meta property=\"og:locale\" content=\"es_ES\" \/>\n<meta property=\"og:type\" content=\"article\" \/>\n<meta property=\"og:title\" content=\"La humildad de los fuertes - La Prensa Cristiana\" \/>\n<meta property=\"og:description\" content=\"Por: Mario Vega | Pastor General Misi\u00f3n Cristiana Elim Mientras m\u00e1s conoce una persona de un asunto m\u00e1s humilde se vuelve en ese campo. La vida se encarga de ense\u00f1arle que el universo es mucho m\u00e1s complejo e inesperado de lo que superficialmente se supone. Lo que el ser humano puede llegar a conocer y [&hellip;]\" \/>\n<meta property=\"og:url\" content=\"https:\/\/laprensacristiana.com\/?p=10830\" \/>\n<meta property=\"og:site_name\" content=\"La Prensa Cristiana\" \/>\n<meta property=\"article:published_time\" content=\"2020-12-16T17:48:08+00:00\" \/>\n<meta property=\"article:modified_time\" content=\"2020-12-16T17:48:09+00:00\" \/>\n<meta property=\"og:image\" content=\"https:\/\/laprensacristiana.com\/wp-content\/uploads\/2019\/06\/OPINION-01-scaled.jpg\" \/>\n\t<meta property=\"og:image:width\" content=\"2560\" \/>\n\t<meta property=\"og:image:height\" content=\"1429\" \/>\n\t<meta property=\"og:image:type\" content=\"image\/jpeg\" \/>\n<meta name=\"author\" content=\"EDITOR\" \/>\n<meta name=\"twitter:card\" content=\"summary_large_image\" \/>\n<meta name=\"twitter:label1\" content=\"Escrito por\" \/>\n\t<meta name=\"twitter:data1\" content=\"EDITOR\" \/>\n\t<meta name=\"twitter:label2\" content=\"Tiempo de lectura\" \/>\n\t<meta name=\"twitter:data2\" content=\"3 minutos\" \/>\n<script type=\"application\/ld+json\" class=\"yoast-schema-graph\">{\"@context\":\"https:\/\/schema.org\",\"@graph\":[{\"@type\":\"WebPage\",\"@id\":\"https:\/\/laprensacristiana.com\/?p=10830\",\"url\":\"https:\/\/laprensacristiana.com\/?p=10830\",\"name\":\"La humildad de los fuertes - La Prensa Cristiana\",\"isPartOf\":{\"@id\":\"https:\/\/laprensacristiana.com\/#website\"},\"datePublished\":\"2020-12-16T17:48:08+00:00\",\"dateModified\":\"2020-12-16T17:48:09+00:00\",\"author\":{\"@id\":\"https:\/\/laprensacristiana.com\/#\/schema\/person\/3e7d82c6bfd6b1fa67010f8f7cd5256e\"},\"breadcrumb\":{\"@id\":\"https:\/\/laprensacristiana.com\/?p=10830#breadcrumb\"},\"inLanguage\":\"es\",\"potentialAction\":[{\"@type\":\"ReadAction\",\"target\":[\"https:\/\/laprensacristiana.com\/?p=10830\"]}]},{\"@type\":\"BreadcrumbList\",\"@id\":\"https:\/\/laprensacristiana.com\/?p=10830#breadcrumb\",\"itemListElement\":[{\"@type\":\"ListItem\",\"position\":1,\"name\":\"Portada\",\"item\":\"https:\/\/laprensacristiana.com\/\"},{\"@type\":\"ListItem\",\"position\":2,\"name\":\"La humildad de los fuertes\"}]},{\"@type\":\"WebSite\",\"@id\":\"https:\/\/laprensacristiana.com\/#website\",\"url\":\"https:\/\/laprensacristiana.com\/\",\"name\":\"La Prensa Cristiana\",\"description\":\"Anunciando Las Buenas Nuevas\",\"potentialAction\":[{\"@type\":\"SearchAction\",\"target\":{\"@type\":\"EntryPoint\",\"urlTemplate\":\"https:\/\/laprensacristiana.com\/?s={search_term_string}\"},\"query-input\":\"required name=search_term_string\"}],\"inLanguage\":\"es\"},{\"@type\":\"Person\",\"@id\":\"https:\/\/laprensacristiana.com\/#\/schema\/person\/3e7d82c6bfd6b1fa67010f8f7cd5256e\",\"name\":\"EDITOR\",\"image\":{\"@type\":\"ImageObject\",\"inLanguage\":\"es\",\"@id\":\"https:\/\/laprensacristiana.com\/#\/schema\/person\/image\/\",\"url\":\"https:\/\/secure.gravatar.com\/avatar\/72069dfb6c13772d9e8381e3638666d2?s=96&d=mm&r=g\",\"contentUrl\":\"https:\/\/secure.gravatar.com\/avatar\/72069dfb6c13772d9e8381e3638666d2?s=96&d=mm&r=g\",\"caption\":\"EDITOR\"},\"url\":\"https:\/\/laprensacristiana.com\/?author=3\"}]}<\/script>\n<!-- \/ Yoast SEO plugin. -->","yoast_head_json":{"title":"La humildad de los fuertes - La Prensa Cristiana","robots":{"index":"index","follow":"follow","max-snippet":"max-snippet:-1","max-image-preview":"max-image-preview:large","max-video-preview":"max-video-preview:-1"},"canonical":"https:\/\/laprensacristiana.com\/?p=10830","og_locale":"es_ES","og_type":"article","og_title":"La humildad de los fuertes - La Prensa Cristiana","og_description":"Por: Mario Vega | Pastor General Misi\u00f3n Cristiana Elim Mientras m\u00e1s conoce una persona de un asunto m\u00e1s humilde se vuelve en ese campo. La vida se encarga de ense\u00f1arle que el universo es mucho m\u00e1s complejo e inesperado de lo que superficialmente se supone. Lo que el ser humano puede llegar a conocer y [&hellip;]","og_url":"https:\/\/laprensacristiana.com\/?p=10830","og_site_name":"La Prensa Cristiana","article_published_time":"2020-12-16T17:48:08+00:00","article_modified_time":"2020-12-16T17:48:09+00:00","og_image":[{"width":2560,"height":1429,"url":"https:\/\/laprensacristiana.com\/wp-content\/uploads\/2019\/06\/OPINION-01-scaled.jpg","type":"image\/jpeg"}],"author":"EDITOR","twitter_card":"summary_large_image","twitter_misc":{"Escrito por":"EDITOR","Tiempo de lectura":"3 minutos"},"schema":{"@context":"https:\/\/schema.org","@graph":[{"@type":"WebPage","@id":"https:\/\/laprensacristiana.com\/?p=10830","url":"https:\/\/laprensacristiana.com\/?p=10830","name":"La humildad de los fuertes - La Prensa Cristiana","isPartOf":{"@id":"https:\/\/laprensacristiana.com\/#website"},"datePublished":"2020-12-16T17:48:08+00:00","dateModified":"2020-12-16T17:48:09+00:00","author":{"@id":"https:\/\/laprensacristiana.com\/#\/schema\/person\/3e7d82c6bfd6b1fa67010f8f7cd5256e"},"breadcrumb":{"@id":"https:\/\/laprensacristiana.com\/?p=10830#breadcrumb"},"inLanguage":"es","potentialAction":[{"@type":"ReadAction","target":["https:\/\/laprensacristiana.com\/?p=10830"]}]},{"@type":"BreadcrumbList","@id":"https:\/\/laprensacristiana.com\/?p=10830#breadcrumb","itemListElement":[{"@type":"ListItem","position":1,"name":"Portada","item":"https:\/\/laprensacristiana.com\/"},{"@type":"ListItem","position":2,"name":"La humildad de los fuertes"}]},{"@type":"WebSite","@id":"https:\/\/laprensacristiana.com\/#website","url":"https:\/\/laprensacristiana.com\/","name":"La Prensa Cristiana","description":"Anunciando Las Buenas Nuevas","potentialAction":[{"@type":"SearchAction","target":{"@type":"EntryPoint","urlTemplate":"https:\/\/laprensacristiana.com\/?s={search_term_string}"},"query-input":"required name=search_term_string"}],"inLanguage":"es"},{"@type":"Person","@id":"https:\/\/laprensacristiana.com\/#\/schema\/person\/3e7d82c6bfd6b1fa67010f8f7cd5256e","name":"EDITOR","image":{"@type":"ImageObject","inLanguage":"es","@id":"https:\/\/laprensacristiana.com\/#\/schema\/person\/image\/","url":"https:\/\/secure.gravatar.com\/avatar\/72069dfb6c13772d9e8381e3638666d2?s=96&d=mm&r=g","contentUrl":"https:\/\/secure.gravatar.com\/avatar\/72069dfb6c13772d9e8381e3638666d2?s=96&d=mm&r=g","caption":"EDITOR"},"url":"https:\/\/laprensacristiana.com\/?author=3"}]}},"_links":{"self":[{"href":"https:\/\/laprensacristiana.com\/index.php?rest_route=\/wp\/v2\/posts\/10830"}],"collection":[{"href":"https:\/\/laprensacristiana.com\/index.php?rest_route=\/wp\/v2\/posts"}],"about":[{"href":"https:\/\/laprensacristiana.com\/index.php?rest_route=\/wp\/v2\/types\/post"}],"author":[{"embeddable":true,"href":"https:\/\/laprensacristiana.com\/index.php?rest_route=\/wp\/v2\/users\/3"}],"replies":[{"embeddable":true,"href":"https:\/\/laprensacristiana.com\/index.php?rest_route=%2Fwp%2Fv2%2Fcomments&post=10830"}],"version-history":[{"count":1,"href":"https:\/\/laprensacristiana.com\/index.php?rest_route=\/wp\/v2\/posts\/10830\/revisions"}],"predecessor-version":[{"id":10831,"href":"https:\/\/laprensacristiana.com\/index.php?rest_route=\/wp\/v2\/posts\/10830\/revisions\/10831"}],"wp:featuredmedia":[{"embeddable":true,"href":"https:\/\/laprensacristiana.com\/index.php?rest_route=\/wp\/v2\/media\/6072"}],"wp:attachment":[{"href":"https:\/\/laprensacristiana.com\/index.php?rest_route=%2Fwp%2Fv2%2Fmedia&parent=10830"}],"wp:term":[{"taxonomy":"category","embeddable":true,"href":"https:\/\/laprensacristiana.com\/index.php?rest_route=%2Fwp%2Fv2%2Fcategories&post=10830"},{"taxonomy":"post_tag","embeddable":true,"href":"https:\/\/laprensacristiana.com\/index.php?rest_route=%2Fwp%2Fv2%2Ftags&post=10830"}],"curies":[{"name":"wp","href":"https:\/\/api.w.org\/{rel}","templated":true}]}}