{"id":10847,"date":"2020-12-16T20:31:07","date_gmt":"2020-12-16T20:31:07","guid":{"rendered":"https:\/\/laprensacristiana.com\/?p=10847"},"modified":"2020-12-16T20:31:09","modified_gmt":"2020-12-16T20:31:09","slug":"estamos-de-luto-dijo-alberto-motessi-ante-la-tragedia-de-los-migrantes-de-venezuela","status":"publish","type":"post","link":"https:\/\/laprensacristiana.com\/?p=10847","title":{"rendered":"\u00abEstamos de luto\u00bb dijo Alberto Motessi ante la tragedia de los migrantes de Venezuela"},"content":{"rendered":"\n<p>El evangelista Alberto Motessi expres\u00f3 que no pudo conciliar el sue\u00f1o la noche de ayer ante la terrible noticia de 22 cad\u00e1veres de personas provenientes de Venezuela que llegaron a las costas de G\u00fciria en Venezuela.&nbsp;<\/p>\n\n\n\n<p>Anoche no pude dormir. Las noticias sobre los 22 cad\u00e1veres de venezolanos que llegaron a las costas de su pa\u00eds fue algo devastador para m\u00ed.<\/p>\n\n\n\n<p>Muchos venezolanos intentan cruzar el golfo de Paria para llegar a la Isla de Trinidad y Tobago. Seg\u00fan el evangelista las personas fueron rechazadas inclumpliendose los tratados internacionales.&nbsp;<\/p>\n\n\n\n<p>Las personas intentan huir de la pobreza, el desempleo y la falta de servicios que hay en el pa\u00eds y que se han agudizado con la pandemia del covid-19.<\/p>\n\n\n\n<p>\u00abEs un hecho inadmisible que convierte a este pa\u00eds en un criminal. Nosotros estamos de luto. De luto por los 22 venezolanos y por los que en los \u00faltimos a\u00f1os corrieron la misma suerte en su ruta desesperada por saciar su hambre\u00bb expres\u00f3&nbsp; en su cuenta de Facebook Alberto Motessi.<\/p>\n\n\n\n<p>Motessi dijo en su publicaci\u00f3n que estas muertes permanecen en silencio, y tambi\u00e9n se refiri\u00f3 a la iglesia.&nbsp;<\/p>\n\n\n\n<p>\u00abEstamos de luto por el silencio de la Iglesia que debiera ser profeta pero que est\u00e1 entretenida y encerrada dentro de ella misma\u00bb concluy\u00f3&nbsp; Alberto Motessi&nbsp;<\/p>\n\n\n\n<p>Tambi\u00e9n envi\u00f3 condolencias a las familias dolientes.<\/p>\n","protected":false},"excerpt":{"rendered":"<p>El evangelista Alberto Motessi expres\u00f3 que no pudo conciliar el sue\u00f1o la noche de ayer ante la terrible noticia de 22 cad\u00e1veres de personas provenientes de Venezuela que llegaron a las costas de G\u00fciria en Venezuela.&nbsp; Anoche no pude dormir. Las noticias sobre los 22 cad\u00e1veres de venezolanos que llegaron a las costas de su [&hellip;]<\/p>\n","protected":false},"author":3,"featured_media":7960,"comment_status":"open","ping_status":"open","sticky":false,"template":"","format":"standard","meta":[],"categories":[56],"tags":[],"yoast_head":"<!-- This site is optimized with the Yoast SEO plugin v20.8 - https:\/\/yoast.com\/wordpress\/plugins\/seo\/ -->\n<title>&quot;Estamos de luto&quot; dijo Alberto Motessi ante la tragedia de los migrantes de Venezuela - La Prensa Cristiana<\/title>\n<meta name=\"robots\" content=\"index, follow, max-snippet:-1, max-image-preview:large, max-video-preview:-1\" \/>\n<link rel=\"canonical\" href=\"https:\/\/laprensacristiana.com\/?p=10847\" \/>\n<meta property=\"og:locale\" content=\"es_ES\" \/>\n<meta property=\"og:type\" content=\"article\" \/>\n<meta property=\"og:title\" content=\"&quot;Estamos de luto&quot; dijo Alberto Motessi ante la tragedia de los migrantes de Venezuela - La Prensa Cristiana\" \/>\n<meta property=\"og:description\" content=\"El evangelista Alberto Motessi expres\u00f3 que no pudo conciliar el sue\u00f1o la noche de ayer ante la terrible noticia de 22 cad\u00e1veres de personas provenientes de Venezuela que llegaron a las costas de G\u00fciria en Venezuela.&nbsp; Anoche no pude dormir. Las noticias sobre los 22 cad\u00e1veres de venezolanos que llegaron a las costas de su [&hellip;]\" \/>\n<meta property=\"og:url\" content=\"https:\/\/laprensacristiana.com\/?p=10847\" \/>\n<meta property=\"og:site_name\" content=\"La Prensa Cristiana\" \/>\n<meta property=\"article:published_time\" content=\"2020-12-16T20:31:07+00:00\" \/>\n<meta property=\"article:modified_time\" content=\"2020-12-16T20:31:09+00:00\" \/>\n<meta property=\"og:image\" content=\"https:\/\/laprensacristiana.com\/wp-content\/uploads\/2020\/01\/WhatsApp-Image-2020-01-27-at-15.02.57.jpeg\" \/>\n\t<meta property=\"og:image:width\" content=\"720\" \/>\n\t<meta property=\"og:image:height\" content=\"434\" \/>\n\t<meta property=\"og:image:type\" content=\"image\/jpeg\" \/>\n<meta name=\"author\" content=\"EDITOR\" \/>\n<meta name=\"twitter:card\" content=\"summary_large_image\" \/>\n<meta name=\"twitter:label1\" content=\"Escrito por\" \/>\n\t<meta name=\"twitter:data1\" content=\"EDITOR\" \/>\n\t<meta name=\"twitter:label2\" content=\"Tiempo de lectura\" \/>\n\t<meta name=\"twitter:data2\" content=\"1 minuto\" \/>\n<script type=\"application\/ld+json\" class=\"yoast-schema-graph\">{\"@context\":\"https:\/\/schema.org\",\"@graph\":[{\"@type\":\"WebPage\",\"@id\":\"https:\/\/laprensacristiana.com\/?p=10847\",\"url\":\"https:\/\/laprensacristiana.com\/?p=10847\",\"name\":\"\\\"Estamos de luto\\\" dijo Alberto Motessi ante la tragedia de los migrantes de Venezuela - La Prensa Cristiana\",\"isPartOf\":{\"@id\":\"https:\/\/laprensacristiana.com\/#website\"},\"datePublished\":\"2020-12-16T20:31:07+00:00\",\"dateModified\":\"2020-12-16T20:31:09+00:00\",\"author\":{\"@id\":\"https:\/\/laprensacristiana.com\/#\/schema\/person\/3e7d82c6bfd6b1fa67010f8f7cd5256e\"},\"breadcrumb\":{\"@id\":\"https:\/\/laprensacristiana.com\/?p=10847#breadcrumb\"},\"inLanguage\":\"es\",\"potentialAction\":[{\"@type\":\"ReadAction\",\"target\":[\"https:\/\/laprensacristiana.com\/?p=10847\"]}]},{\"@type\":\"BreadcrumbList\",\"@id\":\"https:\/\/laprensacristiana.com\/?p=10847#breadcrumb\",\"itemListElement\":[{\"@type\":\"ListItem\",\"position\":1,\"name\":\"Portada\",\"item\":\"https:\/\/laprensacristiana.com\/\"},{\"@type\":\"ListItem\",\"position\":2,\"name\":\"\u00abEstamos de luto\u00bb dijo Alberto Motessi ante la tragedia de los migrantes de Venezuela\"}]},{\"@type\":\"WebSite\",\"@id\":\"https:\/\/laprensacristiana.com\/#website\",\"url\":\"https:\/\/laprensacristiana.com\/\",\"name\":\"La Prensa Cristiana\",\"description\":\"Anunciando Las Buenas Nuevas\",\"potentialAction\":[{\"@type\":\"SearchAction\",\"target\":{\"@type\":\"EntryPoint\",\"urlTemplate\":\"https:\/\/laprensacristiana.com\/?s={search_term_string}\"},\"query-input\":\"required name=search_term_string\"}],\"inLanguage\":\"es\"},{\"@type\":\"Person\",\"@id\":\"https:\/\/laprensacristiana.com\/#\/schema\/person\/3e7d82c6bfd6b1fa67010f8f7cd5256e\",\"name\":\"EDITOR\",\"image\":{\"@type\":\"ImageObject\",\"inLanguage\":\"es\",\"@id\":\"https:\/\/laprensacristiana.com\/#\/schema\/person\/image\/\",\"url\":\"https:\/\/secure.gravatar.com\/avatar\/72069dfb6c13772d9e8381e3638666d2?s=96&d=mm&r=g\",\"contentUrl\":\"https:\/\/secure.gravatar.com\/avatar\/72069dfb6c13772d9e8381e3638666d2?s=96&d=mm&r=g\",\"caption\":\"EDITOR\"},\"url\":\"https:\/\/laprensacristiana.com\/?author=3\"}]}<\/script>\n<!-- \/ Yoast SEO plugin. -->","yoast_head_json":{"title":"\"Estamos de luto\" dijo Alberto Motessi ante la tragedia de los migrantes de Venezuela - La Prensa Cristiana","robots":{"index":"index","follow":"follow","max-snippet":"max-snippet:-1","max-image-preview":"max-image-preview:large","max-video-preview":"max-video-preview:-1"},"canonical":"https:\/\/laprensacristiana.com\/?p=10847","og_locale":"es_ES","og_type":"article","og_title":"\"Estamos de luto\" dijo Alberto Motessi ante la tragedia de los migrantes de Venezuela - La Prensa Cristiana","og_description":"El evangelista Alberto Motessi expres\u00f3 que no pudo conciliar el sue\u00f1o la noche de ayer ante la terrible noticia de 22 cad\u00e1veres de personas provenientes de Venezuela que llegaron a las costas de G\u00fciria en Venezuela.&nbsp; Anoche no pude dormir. Las noticias sobre los 22 cad\u00e1veres de venezolanos que llegaron a las costas de su [&hellip;]","og_url":"https:\/\/laprensacristiana.com\/?p=10847","og_site_name":"La Prensa Cristiana","article_published_time":"2020-12-16T20:31:07+00:00","article_modified_time":"2020-12-16T20:31:09+00:00","og_image":[{"width":720,"height":434,"url":"https:\/\/laprensacristiana.com\/wp-content\/uploads\/2020\/01\/WhatsApp-Image-2020-01-27-at-15.02.57.jpeg","type":"image\/jpeg"}],"author":"EDITOR","twitter_card":"summary_large_image","twitter_misc":{"Escrito por":"EDITOR","Tiempo de lectura":"1 minuto"},"schema":{"@context":"https:\/\/schema.org","@graph":[{"@type":"WebPage","@id":"https:\/\/laprensacristiana.com\/?p=10847","url":"https:\/\/laprensacristiana.com\/?p=10847","name":"\"Estamos de luto\" dijo Alberto Motessi ante la tragedia de los migrantes de Venezuela - La Prensa Cristiana","isPartOf":{"@id":"https:\/\/laprensacristiana.com\/#website"},"datePublished":"2020-12-16T20:31:07+00:00","dateModified":"2020-12-16T20:31:09+00:00","author":{"@id":"https:\/\/laprensacristiana.com\/#\/schema\/person\/3e7d82c6bfd6b1fa67010f8f7cd5256e"},"breadcrumb":{"@id":"https:\/\/laprensacristiana.com\/?p=10847#breadcrumb"},"inLanguage":"es","potentialAction":[{"@type":"ReadAction","target":["https:\/\/laprensacristiana.com\/?p=10847"]}]},{"@type":"BreadcrumbList","@id":"https:\/\/laprensacristiana.com\/?p=10847#breadcrumb","itemListElement":[{"@type":"ListItem","position":1,"name":"Portada","item":"https:\/\/laprensacristiana.com\/"},{"@type":"ListItem","position":2,"name":"\u00abEstamos de luto\u00bb dijo Alberto Motessi ante la tragedia de los migrantes de Venezuela"}]},{"@type":"WebSite","@id":"https:\/\/laprensacristiana.com\/#website","url":"https:\/\/laprensacristiana.com\/","name":"La Prensa Cristiana","description":"Anunciando Las Buenas Nuevas","potentialAction":[{"@type":"SearchAction","target":{"@type":"EntryPoint","urlTemplate":"https:\/\/laprensacristiana.com\/?s={search_term_string}"},"query-input":"required name=search_term_string"}],"inLanguage":"es"},{"@type":"Person","@id":"https:\/\/laprensacristiana.com\/#\/schema\/person\/3e7d82c6bfd6b1fa67010f8f7cd5256e","name":"EDITOR","image":{"@type":"ImageObject","inLanguage":"es","@id":"https:\/\/laprensacristiana.com\/#\/schema\/person\/image\/","url":"https:\/\/secure.gravatar.com\/avatar\/72069dfb6c13772d9e8381e3638666d2?s=96&d=mm&r=g","contentUrl":"https:\/\/secure.gravatar.com\/avatar\/72069dfb6c13772d9e8381e3638666d2?s=96&d=mm&r=g","caption":"EDITOR"},"url":"https:\/\/laprensacristiana.com\/?author=3"}]}},"_links":{"self":[{"href":"https:\/\/laprensacristiana.com\/index.php?rest_route=\/wp\/v2\/posts\/10847"}],"collection":[{"href":"https:\/\/laprensacristiana.com\/index.php?rest_route=\/wp\/v2\/posts"}],"about":[{"href":"https:\/\/laprensacristiana.com\/index.php?rest_route=\/wp\/v2\/types\/post"}],"author":[{"embeddable":true,"href":"https:\/\/laprensacristiana.com\/index.php?rest_route=\/wp\/v2\/users\/3"}],"replies":[{"embeddable":true,"href":"https:\/\/laprensacristiana.com\/index.php?rest_route=%2Fwp%2Fv2%2Fcomments&post=10847"}],"version-history":[{"count":1,"href":"https:\/\/laprensacristiana.com\/index.php?rest_route=\/wp\/v2\/posts\/10847\/revisions"}],"predecessor-version":[{"id":10848,"href":"https:\/\/laprensacristiana.com\/index.php?rest_route=\/wp\/v2\/posts\/10847\/revisions\/10848"}],"wp:featuredmedia":[{"embeddable":true,"href":"https:\/\/laprensacristiana.com\/index.php?rest_route=\/wp\/v2\/media\/7960"}],"wp:attachment":[{"href":"https:\/\/laprensacristiana.com\/index.php?rest_route=%2Fwp%2Fv2%2Fmedia&parent=10847"}],"wp:term":[{"taxonomy":"category","embeddable":true,"href":"https:\/\/laprensacristiana.com\/index.php?rest_route=%2Fwp%2Fv2%2Fcategories&post=10847"},{"taxonomy":"post_tag","embeddable":true,"href":"https:\/\/laprensacristiana.com\/index.php?rest_route=%2Fwp%2Fv2%2Ftags&post=10847"}],"curies":[{"name":"wp","href":"https:\/\/api.w.org\/{rel}","templated":true}]}}