{"id":10856,"date":"2020-12-17T14:20:55","date_gmt":"2020-12-17T14:20:55","guid":{"rendered":"https:\/\/laprensacristiana.com\/?p=10856"},"modified":"2020-12-17T14:20:57","modified_gmt":"2020-12-17T14:20:57","slug":"jesus-y-su-casa","status":"publish","type":"post","link":"https:\/\/laprensacristiana.com\/?p=10856","title":{"rendered":"Jes\u00fas y su casa"},"content":{"rendered":"\n<p>2 Samuel 6:10-12 \u201cY David no quiso trasladar el arca del SE\u00d1OR con \u00e9l a la ciudad de David, sino que la hizo llevar a la casa de Obed-edom geteo. 11 Por tres meses permaneci\u00f3 el arca del SE\u00d1OR en la casa de Obed-edom geteo; y bendijo el SE\u00d1OR a Obed-edom y a toda su casa. 12 Y se dio aviso al rey David, dici\u00e9ndole: El SE\u00d1OR ha bendecido la casa de Obed-edom y todo lo que le pertenece a causa del arca de Dios\u201d<\/p>\n\n\n\n<p>Dios ama visitar casas. Cuando Abram estaba sufriendo los peores dolores despu\u00e9s de su circuncisi\u00f3n lo fue a visitar a su tienda. A Nicodemo le dijo: \u201cNecesito ir a tu casa\u201d. A Marta y Mar\u00eda constantemente les visitaba en su casa. Y Obed edom no fue la excepci\u00f3n. Despu\u00e9s del fracaso en el caso de llevar el arca del Se\u00f1or, David no supo qu\u00e9 hacer. Pero cerca de all\u00ed viv\u00eda este granjero que no esperaba nunca la visitaci\u00f3n de Dios. Y sucedi\u00f3 lo impensable: un edomita fue bendecido por la visita del mismo Dios. Tres meses fueron suficientes para cambiar la vida de esta familia. Tres meses de disfrutar la provisi\u00f3n sobreabundante de las Misericordias del Se\u00f1or al ver sus ganados, sus frutos, sus campos y toda su casa abundar en todo lo necesario.<\/p>\n\n\n\n<p>\u00bfPor qu\u00e9 no se repite ese milagro hoy en d\u00eda? \u00bfPor qu\u00e9 tanto cristiano tiene que trabajar duro para poder ganar unos cuantos centavos cada mes? \u00bfPor qu\u00e9 tantos matrimonios est\u00e1n siempre buscando como llevar el pan a sus mesas sin lograr m\u00e1s que lo justo para sus tres comidas? \u00bfSer\u00e1 que Dios ya no es el mismo como lo fue en la casa de Obed?<\/p>\n\n\n\n<p>No. Dios no ha cambiado. \u00c9l es el mismo de ayer de hoy y de siempre. Los que hemos cambiado somos nosotros. Ya no llevamos al Se\u00f1or a nuestras casas. Lo dejamos en el templo a donde fuimos el domingo un par de horas y el resto de la semana nos olvidamos de \u00e9l. Nos hemos vuelto tan materialistas que desde que sale el sol hasta que se pone nos dedicamos a nuestros asuntos sin tomar en cuenta al Dios que es toda Bondad. Si pudo cambiar la vida de Obed, de Abram, de Marta, Mar\u00eda y L\u00e1zaro y la de Zaqueo fue por una raz\u00f3n: Porque fue aceptado en sus casas. No fue en el Templo, no fue en p\u00fablico ni en la parafernalia religiosa de sus vidas. Fue en lo privado de sus casas, en la intimidad de sus hogares en lo sencillo de sus vidas familiares. Dios siempre est\u00e1 dispuesto a ir a su casa. El quid es si usted lo quiere llevar.<\/p>\n\n\n\n<p>SOLI DEO GLORIA<\/p>\n","protected":false},"excerpt":{"rendered":"<p>2 Samuel 6:10-12 \u201cY David no quiso trasladar el arca del SE\u00d1OR con \u00e9l a la ciudad de David, sino que la hizo llevar a la casa de Obed-edom geteo. 11 Por tres meses permaneci\u00f3 el arca del SE\u00d1OR en la casa de Obed-edom geteo; y bendijo el SE\u00d1OR a Obed-edom y a toda su [&hellip;]<\/p>\n","protected":false},"author":3,"featured_media":10751,"comment_status":"open","ping_status":"open","sticky":false,"template":"","format":"standard","meta":[],"categories":[36],"tags":[],"yoast_head":"<!-- This site is optimized with the Yoast SEO plugin v20.8 - https:\/\/yoast.com\/wordpress\/plugins\/seo\/ -->\n<title>Jes\u00fas y su casa - La Prensa Cristiana<\/title>\n<meta name=\"robots\" content=\"index, follow, max-snippet:-1, max-image-preview:large, max-video-preview:-1\" \/>\n<link rel=\"canonical\" href=\"https:\/\/laprensacristiana.com\/?p=10856\" \/>\n<meta property=\"og:locale\" content=\"es_ES\" \/>\n<meta property=\"og:type\" content=\"article\" \/>\n<meta property=\"og:title\" content=\"Jes\u00fas y su casa - La Prensa Cristiana\" \/>\n<meta property=\"og:description\" content=\"2 Samuel 6:10-12 \u201cY David no quiso trasladar el arca del SE\u00d1OR con \u00e9l a la ciudad de David, sino que la hizo llevar a la casa de Obed-edom geteo. 11 Por tres meses permaneci\u00f3 el arca del SE\u00d1OR en la casa de Obed-edom geteo; y bendijo el SE\u00d1OR a Obed-edom y a toda su [&hellip;]\" \/>\n<meta property=\"og:url\" content=\"https:\/\/laprensacristiana.com\/?p=10856\" \/>\n<meta property=\"og:site_name\" content=\"La Prensa Cristiana\" \/>\n<meta property=\"article:published_time\" content=\"2020-12-17T14:20:55+00:00\" \/>\n<meta property=\"article:modified_time\" content=\"2020-12-17T14:20:57+00:00\" \/>\n<meta property=\"og:image\" content=\"https:\/\/laprensacristiana.com\/wp-content\/uploads\/2020\/12\/IMG_20201130_091029_337.jpg\" \/>\n\t<meta property=\"og:image:width\" content=\"1280\" \/>\n\t<meta property=\"og:image:height\" content=\"714\" \/>\n\t<meta property=\"og:image:type\" content=\"image\/jpeg\" \/>\n<meta name=\"author\" content=\"EDITOR\" \/>\n<meta name=\"twitter:card\" content=\"summary_large_image\" \/>\n<meta name=\"twitter:label1\" content=\"Escrito por\" \/>\n\t<meta name=\"twitter:data1\" content=\"EDITOR\" \/>\n\t<meta name=\"twitter:label2\" content=\"Tiempo de lectura\" \/>\n\t<meta name=\"twitter:data2\" content=\"2 minutos\" \/>\n<script type=\"application\/ld+json\" class=\"yoast-schema-graph\">{\"@context\":\"https:\/\/schema.org\",\"@graph\":[{\"@type\":\"WebPage\",\"@id\":\"https:\/\/laprensacristiana.com\/?p=10856\",\"url\":\"https:\/\/laprensacristiana.com\/?p=10856\",\"name\":\"Jes\u00fas y su casa - La Prensa Cristiana\",\"isPartOf\":{\"@id\":\"https:\/\/laprensacristiana.com\/#website\"},\"datePublished\":\"2020-12-17T14:20:55+00:00\",\"dateModified\":\"2020-12-17T14:20:57+00:00\",\"author\":{\"@id\":\"https:\/\/laprensacristiana.com\/#\/schema\/person\/3e7d82c6bfd6b1fa67010f8f7cd5256e\"},\"breadcrumb\":{\"@id\":\"https:\/\/laprensacristiana.com\/?p=10856#breadcrumb\"},\"inLanguage\":\"es\",\"potentialAction\":[{\"@type\":\"ReadAction\",\"target\":[\"https:\/\/laprensacristiana.com\/?p=10856\"]}]},{\"@type\":\"BreadcrumbList\",\"@id\":\"https:\/\/laprensacristiana.com\/?p=10856#breadcrumb\",\"itemListElement\":[{\"@type\":\"ListItem\",\"position\":1,\"name\":\"Portada\",\"item\":\"https:\/\/laprensacristiana.com\/\"},{\"@type\":\"ListItem\",\"position\":2,\"name\":\"Jes\u00fas y su casa\"}]},{\"@type\":\"WebSite\",\"@id\":\"https:\/\/laprensacristiana.com\/#website\",\"url\":\"https:\/\/laprensacristiana.com\/\",\"name\":\"La Prensa Cristiana\",\"description\":\"Anunciando Las Buenas Nuevas\",\"potentialAction\":[{\"@type\":\"SearchAction\",\"target\":{\"@type\":\"EntryPoint\",\"urlTemplate\":\"https:\/\/laprensacristiana.com\/?s={search_term_string}\"},\"query-input\":\"required name=search_term_string\"}],\"inLanguage\":\"es\"},{\"@type\":\"Person\",\"@id\":\"https:\/\/laprensacristiana.com\/#\/schema\/person\/3e7d82c6bfd6b1fa67010f8f7cd5256e\",\"name\":\"EDITOR\",\"image\":{\"@type\":\"ImageObject\",\"inLanguage\":\"es\",\"@id\":\"https:\/\/laprensacristiana.com\/#\/schema\/person\/image\/\",\"url\":\"https:\/\/secure.gravatar.com\/avatar\/72069dfb6c13772d9e8381e3638666d2?s=96&d=mm&r=g\",\"contentUrl\":\"https:\/\/secure.gravatar.com\/avatar\/72069dfb6c13772d9e8381e3638666d2?s=96&d=mm&r=g\",\"caption\":\"EDITOR\"},\"url\":\"https:\/\/laprensacristiana.com\/?author=3\"}]}<\/script>\n<!-- \/ Yoast SEO plugin. -->","yoast_head_json":{"title":"Jes\u00fas y su casa - La Prensa Cristiana","robots":{"index":"index","follow":"follow","max-snippet":"max-snippet:-1","max-image-preview":"max-image-preview:large","max-video-preview":"max-video-preview:-1"},"canonical":"https:\/\/laprensacristiana.com\/?p=10856","og_locale":"es_ES","og_type":"article","og_title":"Jes\u00fas y su casa - La Prensa Cristiana","og_description":"2 Samuel 6:10-12 \u201cY David no quiso trasladar el arca del SE\u00d1OR con \u00e9l a la ciudad de David, sino que la hizo llevar a la casa de Obed-edom geteo. 11 Por tres meses permaneci\u00f3 el arca del SE\u00d1OR en la casa de Obed-edom geteo; y bendijo el SE\u00d1OR a Obed-edom y a toda su [&hellip;]","og_url":"https:\/\/laprensacristiana.com\/?p=10856","og_site_name":"La Prensa Cristiana","article_published_time":"2020-12-17T14:20:55+00:00","article_modified_time":"2020-12-17T14:20:57+00:00","og_image":[{"width":1280,"height":714,"url":"https:\/\/laprensacristiana.com\/wp-content\/uploads\/2020\/12\/IMG_20201130_091029_337.jpg","type":"image\/jpeg"}],"author":"EDITOR","twitter_card":"summary_large_image","twitter_misc":{"Escrito por":"EDITOR","Tiempo de lectura":"2 minutos"},"schema":{"@context":"https:\/\/schema.org","@graph":[{"@type":"WebPage","@id":"https:\/\/laprensacristiana.com\/?p=10856","url":"https:\/\/laprensacristiana.com\/?p=10856","name":"Jes\u00fas y su casa - La Prensa Cristiana","isPartOf":{"@id":"https:\/\/laprensacristiana.com\/#website"},"datePublished":"2020-12-17T14:20:55+00:00","dateModified":"2020-12-17T14:20:57+00:00","author":{"@id":"https:\/\/laprensacristiana.com\/#\/schema\/person\/3e7d82c6bfd6b1fa67010f8f7cd5256e"},"breadcrumb":{"@id":"https:\/\/laprensacristiana.com\/?p=10856#breadcrumb"},"inLanguage":"es","potentialAction":[{"@type":"ReadAction","target":["https:\/\/laprensacristiana.com\/?p=10856"]}]},{"@type":"BreadcrumbList","@id":"https:\/\/laprensacristiana.com\/?p=10856#breadcrumb","itemListElement":[{"@type":"ListItem","position":1,"name":"Portada","item":"https:\/\/laprensacristiana.com\/"},{"@type":"ListItem","position":2,"name":"Jes\u00fas y su casa"}]},{"@type":"WebSite","@id":"https:\/\/laprensacristiana.com\/#website","url":"https:\/\/laprensacristiana.com\/","name":"La Prensa Cristiana","description":"Anunciando Las Buenas Nuevas","potentialAction":[{"@type":"SearchAction","target":{"@type":"EntryPoint","urlTemplate":"https:\/\/laprensacristiana.com\/?s={search_term_string}"},"query-input":"required name=search_term_string"}],"inLanguage":"es"},{"@type":"Person","@id":"https:\/\/laprensacristiana.com\/#\/schema\/person\/3e7d82c6bfd6b1fa67010f8f7cd5256e","name":"EDITOR","image":{"@type":"ImageObject","inLanguage":"es","@id":"https:\/\/laprensacristiana.com\/#\/schema\/person\/image\/","url":"https:\/\/secure.gravatar.com\/avatar\/72069dfb6c13772d9e8381e3638666d2?s=96&d=mm&r=g","contentUrl":"https:\/\/secure.gravatar.com\/avatar\/72069dfb6c13772d9e8381e3638666d2?s=96&d=mm&r=g","caption":"EDITOR"},"url":"https:\/\/laprensacristiana.com\/?author=3"}]}},"_links":{"self":[{"href":"https:\/\/laprensacristiana.com\/index.php?rest_route=\/wp\/v2\/posts\/10856"}],"collection":[{"href":"https:\/\/laprensacristiana.com\/index.php?rest_route=\/wp\/v2\/posts"}],"about":[{"href":"https:\/\/laprensacristiana.com\/index.php?rest_route=\/wp\/v2\/types\/post"}],"author":[{"embeddable":true,"href":"https:\/\/laprensacristiana.com\/index.php?rest_route=\/wp\/v2\/users\/3"}],"replies":[{"embeddable":true,"href":"https:\/\/laprensacristiana.com\/index.php?rest_route=%2Fwp%2Fv2%2Fcomments&post=10856"}],"version-history":[{"count":1,"href":"https:\/\/laprensacristiana.com\/index.php?rest_route=\/wp\/v2\/posts\/10856\/revisions"}],"predecessor-version":[{"id":10857,"href":"https:\/\/laprensacristiana.com\/index.php?rest_route=\/wp\/v2\/posts\/10856\/revisions\/10857"}],"wp:featuredmedia":[{"embeddable":true,"href":"https:\/\/laprensacristiana.com\/index.php?rest_route=\/wp\/v2\/media\/10751"}],"wp:attachment":[{"href":"https:\/\/laprensacristiana.com\/index.php?rest_route=%2Fwp%2Fv2%2Fmedia&parent=10856"}],"wp:term":[{"taxonomy":"category","embeddable":true,"href":"https:\/\/laprensacristiana.com\/index.php?rest_route=%2Fwp%2Fv2%2Fcategories&post=10856"},{"taxonomy":"post_tag","embeddable":true,"href":"https:\/\/laprensacristiana.com\/index.php?rest_route=%2Fwp%2Fv2%2Ftags&post=10856"}],"curies":[{"name":"wp","href":"https:\/\/api.w.org\/{rel}","templated":true}]}}