{"id":10874,"date":"2020-12-17T17:43:19","date_gmt":"2020-12-17T17:43:19","guid":{"rendered":"https:\/\/laprensacristiana.com\/?p=10874"},"modified":"2020-12-17T17:43:21","modified_gmt":"2020-12-17T17:43:21","slug":"ser-pastor-en-el-2020","status":"publish","type":"post","link":"https:\/\/laprensacristiana.com\/?p=10874","title":{"rendered":"Ser pastor en el 2020"},"content":{"rendered":"\n<p>Ser pastor este a\u00f1o es totalmente distinto a cualquier otro a\u00f1o de mi vida, no estuvimos reunidos en una estructura f\u00edsica pero pudimos llegar a las casas a trav\u00e9s de los dispositivos electr\u00f3nicos, la palabra de Dios se comparti\u00f3 m\u00e1s que en cualquier otro a\u00f1o, alcanzando a j\u00f3venes, ni\u00f1os y adultos sin interrupci\u00f3n hasta 2 veces en el d\u00eda, sin embargo, la labor no fue exclusiva de este servidor, sino de un apasionado grupo de personas que tomaron la responsabilidad de cantar, adorar, tocar un instrumento en una casa mientras otro cantaba en la otra, y alguien m\u00e1s predicaba en su hogar, por otro lado alguien editaba para poder realizar la transmisi\u00f3n, m\u00e1s el acompa\u00f1amiento del equipo administrativo de la iglesia, creo que en gran medida es una experiencia muy similar que nos toc\u00f3 vivir a mis amigos consiervos.<\/p>\n\n\n\n<p>22 a\u00f1os pastoreando una iglesia significa ser comprometido con la agenda y sus diferentes actividades (Bodas, cumplea\u00f1os, etc), sumada la labor social, m\u00e1s la responsabilidad p\u00fablica de participaci\u00f3n en foros entre otros espacios. Este a\u00f1o se intensific\u00f3 el acompa\u00f1amiento a quienes sufrieron perdida de seres amados, estuvimos en sus sepelios, puedo contar 11 entierros Covid-19, perd\u00ed la cuenta en 120 familiares o miembros de la iglesia que en medio del periodo de cuarentena se contagiaron pero que salieron adelante, Dios conoce los prop\u00f3sitos y a nosotros nos toca ser agradecidos.&nbsp;<\/p>\n\n\n\n<p>Las llamadas a las personas durante la cuarentena se convirtieron en un m\u00e9todo vital de pastoreo, para hacer esta pregunta tan importante \u00bfC\u00f3mo est\u00e1?, una sola llamada en la cuarentena es mucho, hay personas con un nivel de complejidad para establecer contacto, que se les dificult\u00f3 congregarse o reunirse, de la misma manera s\u00e9 que ellos en sus responsabilidades diarias estuvieron sacando adelante lo que deb\u00edan sacar, ya llegar\u00e1 el tiempo del reencuentro, en l\u00ednea o en f\u00edsico.<\/p>\n\n\n\n<p>Una iglesia no es solo el pastor, una iglesia es todos sus integrantes y el que hacer de cada uno de ellos, es dicha de un pastor tener una congregaci\u00f3n consiente y congruente de las necesidades de su casa, de estar pendientes de la oraci\u00f3n, de la intercesi\u00f3n, acompa\u00f1ando a cada momento. Ser pastor en el 2020 represent\u00f3 una experiencia completamente diferente, ha sido un espacio para desarrollar con mayor intensidad el prop\u00f3sito para el que hemos sido levantados por Dios.<\/p>\n","protected":false},"excerpt":{"rendered":"<p>Ser pastor este a\u00f1o es totalmente distinto a cualquier otro a\u00f1o de mi vida, no estuvimos reunidos en una estructura f\u00edsica pero pudimos llegar a las casas a trav\u00e9s de los dispositivos electr\u00f3nicos, la palabra de Dios se comparti\u00f3 m\u00e1s que en cualquier otro a\u00f1o, alcanzando a j\u00f3venes, ni\u00f1os y adultos sin interrupci\u00f3n hasta 2 [&hellip;]<\/p>\n","protected":false},"author":3,"featured_media":9965,"comment_status":"open","ping_status":"open","sticky":false,"template":"","format":"standard","meta":[],"categories":[23],"tags":[],"yoast_head":"<!-- This site is optimized with the Yoast SEO plugin v20.8 - https:\/\/yoast.com\/wordpress\/plugins\/seo\/ -->\n<title>Ser pastor en el 2020 - La Prensa Cristiana<\/title>\n<meta name=\"robots\" content=\"index, follow, max-snippet:-1, max-image-preview:large, max-video-preview:-1\" \/>\n<link rel=\"canonical\" href=\"https:\/\/laprensacristiana.com\/?p=10874\" \/>\n<meta property=\"og:locale\" content=\"es_ES\" \/>\n<meta property=\"og:type\" content=\"article\" \/>\n<meta property=\"og:title\" content=\"Ser pastor en el 2020 - La Prensa Cristiana\" \/>\n<meta property=\"og:description\" content=\"Ser pastor este a\u00f1o es totalmente distinto a cualquier otro a\u00f1o de mi vida, no estuvimos reunidos en una estructura f\u00edsica pero pudimos llegar a las casas a trav\u00e9s de los dispositivos electr\u00f3nicos, la palabra de Dios se comparti\u00f3 m\u00e1s que en cualquier otro a\u00f1o, alcanzando a j\u00f3venes, ni\u00f1os y adultos sin interrupci\u00f3n hasta 2 [&hellip;]\" \/>\n<meta property=\"og:url\" content=\"https:\/\/laprensacristiana.com\/?p=10874\" \/>\n<meta property=\"og:site_name\" content=\"La Prensa Cristiana\" \/>\n<meta property=\"article:published_time\" content=\"2020-12-17T17:43:19+00:00\" \/>\n<meta property=\"article:modified_time\" content=\"2020-12-17T17:43:21+00:00\" \/>\n<meta property=\"og:image\" content=\"https:\/\/laprensacristiana.com\/wp-content\/uploads\/2020\/08\/IMG-20200806-WA0055.jpg\" \/>\n\t<meta property=\"og:image:width\" content=\"776\" \/>\n\t<meta property=\"og:image:height\" content=\"393\" \/>\n\t<meta property=\"og:image:type\" content=\"image\/jpeg\" \/>\n<meta name=\"author\" content=\"EDITOR\" \/>\n<meta name=\"twitter:card\" content=\"summary_large_image\" \/>\n<meta name=\"twitter:label1\" content=\"Escrito por\" \/>\n\t<meta name=\"twitter:data1\" content=\"EDITOR\" \/>\n\t<meta name=\"twitter:label2\" content=\"Tiempo de lectura\" \/>\n\t<meta name=\"twitter:data2\" content=\"2 minutos\" \/>\n<script type=\"application\/ld+json\" class=\"yoast-schema-graph\">{\"@context\":\"https:\/\/schema.org\",\"@graph\":[{\"@type\":\"WebPage\",\"@id\":\"https:\/\/laprensacristiana.com\/?p=10874\",\"url\":\"https:\/\/laprensacristiana.com\/?p=10874\",\"name\":\"Ser pastor en el 2020 - La Prensa Cristiana\",\"isPartOf\":{\"@id\":\"https:\/\/laprensacristiana.com\/#website\"},\"datePublished\":\"2020-12-17T17:43:19+00:00\",\"dateModified\":\"2020-12-17T17:43:21+00:00\",\"author\":{\"@id\":\"https:\/\/laprensacristiana.com\/#\/schema\/person\/3e7d82c6bfd6b1fa67010f8f7cd5256e\"},\"breadcrumb\":{\"@id\":\"https:\/\/laprensacristiana.com\/?p=10874#breadcrumb\"},\"inLanguage\":\"es\",\"potentialAction\":[{\"@type\":\"ReadAction\",\"target\":[\"https:\/\/laprensacristiana.com\/?p=10874\"]}]},{\"@type\":\"BreadcrumbList\",\"@id\":\"https:\/\/laprensacristiana.com\/?p=10874#breadcrumb\",\"itemListElement\":[{\"@type\":\"ListItem\",\"position\":1,\"name\":\"Portada\",\"item\":\"https:\/\/laprensacristiana.com\/\"},{\"@type\":\"ListItem\",\"position\":2,\"name\":\"Ser pastor en el 2020\"}]},{\"@type\":\"WebSite\",\"@id\":\"https:\/\/laprensacristiana.com\/#website\",\"url\":\"https:\/\/laprensacristiana.com\/\",\"name\":\"La Prensa Cristiana\",\"description\":\"Anunciando Las Buenas Nuevas\",\"potentialAction\":[{\"@type\":\"SearchAction\",\"target\":{\"@type\":\"EntryPoint\",\"urlTemplate\":\"https:\/\/laprensacristiana.com\/?s={search_term_string}\"},\"query-input\":\"required name=search_term_string\"}],\"inLanguage\":\"es\"},{\"@type\":\"Person\",\"@id\":\"https:\/\/laprensacristiana.com\/#\/schema\/person\/3e7d82c6bfd6b1fa67010f8f7cd5256e\",\"name\":\"EDITOR\",\"image\":{\"@type\":\"ImageObject\",\"inLanguage\":\"es\",\"@id\":\"https:\/\/laprensacristiana.com\/#\/schema\/person\/image\/\",\"url\":\"https:\/\/secure.gravatar.com\/avatar\/72069dfb6c13772d9e8381e3638666d2?s=96&d=mm&r=g\",\"contentUrl\":\"https:\/\/secure.gravatar.com\/avatar\/72069dfb6c13772d9e8381e3638666d2?s=96&d=mm&r=g\",\"caption\":\"EDITOR\"},\"url\":\"https:\/\/laprensacristiana.com\/?author=3\"}]}<\/script>\n<!-- \/ Yoast SEO plugin. -->","yoast_head_json":{"title":"Ser pastor en el 2020 - La Prensa Cristiana","robots":{"index":"index","follow":"follow","max-snippet":"max-snippet:-1","max-image-preview":"max-image-preview:large","max-video-preview":"max-video-preview:-1"},"canonical":"https:\/\/laprensacristiana.com\/?p=10874","og_locale":"es_ES","og_type":"article","og_title":"Ser pastor en el 2020 - La Prensa Cristiana","og_description":"Ser pastor este a\u00f1o es totalmente distinto a cualquier otro a\u00f1o de mi vida, no estuvimos reunidos en una estructura f\u00edsica pero pudimos llegar a las casas a trav\u00e9s de los dispositivos electr\u00f3nicos, la palabra de Dios se comparti\u00f3 m\u00e1s que en cualquier otro a\u00f1o, alcanzando a j\u00f3venes, ni\u00f1os y adultos sin interrupci\u00f3n hasta 2 [&hellip;]","og_url":"https:\/\/laprensacristiana.com\/?p=10874","og_site_name":"La Prensa Cristiana","article_published_time":"2020-12-17T17:43:19+00:00","article_modified_time":"2020-12-17T17:43:21+00:00","og_image":[{"width":776,"height":393,"url":"https:\/\/laprensacristiana.com\/wp-content\/uploads\/2020\/08\/IMG-20200806-WA0055.jpg","type":"image\/jpeg"}],"author":"EDITOR","twitter_card":"summary_large_image","twitter_misc":{"Escrito por":"EDITOR","Tiempo de lectura":"2 minutos"},"schema":{"@context":"https:\/\/schema.org","@graph":[{"@type":"WebPage","@id":"https:\/\/laprensacristiana.com\/?p=10874","url":"https:\/\/laprensacristiana.com\/?p=10874","name":"Ser pastor en el 2020 - La Prensa Cristiana","isPartOf":{"@id":"https:\/\/laprensacristiana.com\/#website"},"datePublished":"2020-12-17T17:43:19+00:00","dateModified":"2020-12-17T17:43:21+00:00","author":{"@id":"https:\/\/laprensacristiana.com\/#\/schema\/person\/3e7d82c6bfd6b1fa67010f8f7cd5256e"},"breadcrumb":{"@id":"https:\/\/laprensacristiana.com\/?p=10874#breadcrumb"},"inLanguage":"es","potentialAction":[{"@type":"ReadAction","target":["https:\/\/laprensacristiana.com\/?p=10874"]}]},{"@type":"BreadcrumbList","@id":"https:\/\/laprensacristiana.com\/?p=10874#breadcrumb","itemListElement":[{"@type":"ListItem","position":1,"name":"Portada","item":"https:\/\/laprensacristiana.com\/"},{"@type":"ListItem","position":2,"name":"Ser pastor en el 2020"}]},{"@type":"WebSite","@id":"https:\/\/laprensacristiana.com\/#website","url":"https:\/\/laprensacristiana.com\/","name":"La Prensa Cristiana","description":"Anunciando Las Buenas Nuevas","potentialAction":[{"@type":"SearchAction","target":{"@type":"EntryPoint","urlTemplate":"https:\/\/laprensacristiana.com\/?s={search_term_string}"},"query-input":"required name=search_term_string"}],"inLanguage":"es"},{"@type":"Person","@id":"https:\/\/laprensacristiana.com\/#\/schema\/person\/3e7d82c6bfd6b1fa67010f8f7cd5256e","name":"EDITOR","image":{"@type":"ImageObject","inLanguage":"es","@id":"https:\/\/laprensacristiana.com\/#\/schema\/person\/image\/","url":"https:\/\/secure.gravatar.com\/avatar\/72069dfb6c13772d9e8381e3638666d2?s=96&d=mm&r=g","contentUrl":"https:\/\/secure.gravatar.com\/avatar\/72069dfb6c13772d9e8381e3638666d2?s=96&d=mm&r=g","caption":"EDITOR"},"url":"https:\/\/laprensacristiana.com\/?author=3"}]}},"_links":{"self":[{"href":"https:\/\/laprensacristiana.com\/index.php?rest_route=\/wp\/v2\/posts\/10874"}],"collection":[{"href":"https:\/\/laprensacristiana.com\/index.php?rest_route=\/wp\/v2\/posts"}],"about":[{"href":"https:\/\/laprensacristiana.com\/index.php?rest_route=\/wp\/v2\/types\/post"}],"author":[{"embeddable":true,"href":"https:\/\/laprensacristiana.com\/index.php?rest_route=\/wp\/v2\/users\/3"}],"replies":[{"embeddable":true,"href":"https:\/\/laprensacristiana.com\/index.php?rest_route=%2Fwp%2Fv2%2Fcomments&post=10874"}],"version-history":[{"count":1,"href":"https:\/\/laprensacristiana.com\/index.php?rest_route=\/wp\/v2\/posts\/10874\/revisions"}],"predecessor-version":[{"id":10875,"href":"https:\/\/laprensacristiana.com\/index.php?rest_route=\/wp\/v2\/posts\/10874\/revisions\/10875"}],"wp:featuredmedia":[{"embeddable":true,"href":"https:\/\/laprensacristiana.com\/index.php?rest_route=\/wp\/v2\/media\/9965"}],"wp:attachment":[{"href":"https:\/\/laprensacristiana.com\/index.php?rest_route=%2Fwp%2Fv2%2Fmedia&parent=10874"}],"wp:term":[{"taxonomy":"category","embeddable":true,"href":"https:\/\/laprensacristiana.com\/index.php?rest_route=%2Fwp%2Fv2%2Fcategories&post=10874"},{"taxonomy":"post_tag","embeddable":true,"href":"https:\/\/laprensacristiana.com\/index.php?rest_route=%2Fwp%2Fv2%2Ftags&post=10874"}],"curies":[{"name":"wp","href":"https:\/\/api.w.org\/{rel}","templated":true}]}}