{"id":10887,"date":"2020-12-18T20:23:21","date_gmt":"2020-12-18T20:23:21","guid":{"rendered":"https:\/\/laprensacristiana.com\/?p=10887"},"modified":"2020-12-18T20:23:23","modified_gmt":"2020-12-18T20:23:23","slug":"como-tu-el-nuevo-lanzamiento-de-gonzalo-de-leon","status":"publish","type":"post","link":"https:\/\/laprensacristiana.com\/?p=10887","title":{"rendered":"\u201cComo T\u00fa\u201d El nuevo lanzamiento de Gonzalo de Le\u00f3n"},"content":{"rendered":"\n<p><\/p>\n\n\n\n<p>Recientemente el artista urbano salvadore\u00f1o Gonzalo de Le\u00f3n ha hecho el lanzamiento a trav\u00e9s de las redes sociales de su nueva canci\u00f3n titulada \u201cComo T\u00fa\u201d.<\/p>\n\n\n\n<p><br>\u201cEsta canci\u00f3n creo que ha sido una de las m\u00e1s dif\u00edciles que he escrito. Como t\u00fa naci\u00f3 luego de haber tenido un par de a\u00f1os de muchos eventos\u00a0 dentro del ministerio, estaba activo ministerialmente s\u00ed, pero no hab\u00eda cambiado muchas cosas dentro de m\u00ed, luego de haberme dado cuenta de todo eso decid\u00ed, alejarme un poco de lo todo lo que ten\u00eda que ver con m\u00fasica para empezar a crecer. El proceso ha sido duro intentando mejorar muchas \u00e1reas de mi vida y hoy por hoy a\u00fan sigo en \u00e9l proceso de ser m\u00e1s como Jes\u00fas. Ahora entiendo que sin Jes\u00fas no puedo hacer nada y es por eso que Como T\u00fa refleja eso, ser m\u00e1s como Jes\u00fas y ser m\u00e1s dependientes de \u00e9l\u201d expres\u00f3 Gonzalo.<\/p>\n\n\n\n<figure class=\"wp-block-embed-youtube wp-block-embed is-type-video is-provider-youtube wp-embed-aspect-16-9 wp-has-aspect-ratio\"><div class=\"wp-block-embed__wrapper\">\n<iframe loading=\"lazy\" title=\"Gonzalo de Le\u00f3n - Como T\u00fa (Video Oficial)\" width=\"696\" height=\"392\" src=\"https:\/\/www.youtube.com\/embed\/I8uTLBZhN-U?feature=oembed&#038;enablejsapi=1\" frameborder=\"0\" allow=\"accelerometer; autoplay; clipboard-write; encrypted-media; gyroscope; picture-in-picture\" allowfullscreen><\/iframe>\n<\/div><\/figure>\n","protected":false},"excerpt":{"rendered":"<p>Recientemente el artista urbano salvadore\u00f1o Gonzalo de Le\u00f3n ha hecho el lanzamiento a trav\u00e9s de las redes sociales de su nueva canci\u00f3n titulada \u201cComo T\u00fa\u201d. \u201cEsta canci\u00f3n creo que ha sido una de las m\u00e1s dif\u00edciles que he escrito. Como t\u00fa naci\u00f3 luego de haber tenido un par de a\u00f1os de muchos eventos\u00a0 dentro del [&hellip;]<\/p>\n","protected":false},"author":3,"featured_media":10888,"comment_status":"open","ping_status":"open","sticky":false,"template":"","format":"standard","meta":[],"categories":[101],"tags":[],"yoast_head":"<!-- This site is optimized with the Yoast SEO plugin v20.8 - https:\/\/yoast.com\/wordpress\/plugins\/seo\/ -->\n<title>\u201cComo T\u00fa\u201d El nuevo lanzamiento de Gonzalo de Le\u00f3n - La Prensa Cristiana<\/title>\n<meta name=\"robots\" content=\"index, follow, max-snippet:-1, max-image-preview:large, max-video-preview:-1\" \/>\n<link rel=\"canonical\" href=\"https:\/\/laprensacristiana.com\/?p=10887\" \/>\n<meta property=\"og:locale\" content=\"es_ES\" \/>\n<meta property=\"og:type\" content=\"article\" \/>\n<meta property=\"og:title\" content=\"\u201cComo T\u00fa\u201d El nuevo lanzamiento de Gonzalo de Le\u00f3n - La Prensa Cristiana\" \/>\n<meta property=\"og:description\" content=\"Recientemente el artista urbano salvadore\u00f1o Gonzalo de Le\u00f3n ha hecho el lanzamiento a trav\u00e9s de las redes sociales de su nueva canci\u00f3n titulada \u201cComo T\u00fa\u201d. \u201cEsta canci\u00f3n creo que ha sido una de las m\u00e1s dif\u00edciles que he escrito. Como t\u00fa naci\u00f3 luego de haber tenido un par de a\u00f1os de muchos eventos\u00a0 dentro del [&hellip;]\" \/>\n<meta property=\"og:url\" content=\"https:\/\/laprensacristiana.com\/?p=10887\" \/>\n<meta property=\"og:site_name\" content=\"La Prensa Cristiana\" \/>\n<meta property=\"article:published_time\" content=\"2020-12-18T20:23:21+00:00\" \/>\n<meta property=\"article:modified_time\" content=\"2020-12-18T20:23:23+00:00\" \/>\n<meta property=\"og:image\" content=\"https:\/\/laprensacristiana.com\/wp-content\/uploads\/2020\/12\/IMG-20201216-WA0038.jpg\" \/>\n\t<meta property=\"og:image:width\" content=\"1280\" \/>\n\t<meta property=\"og:image:height\" content=\"1280\" \/>\n\t<meta property=\"og:image:type\" content=\"image\/jpeg\" \/>\n<meta name=\"author\" content=\"EDITOR\" \/>\n<meta name=\"twitter:card\" content=\"summary_large_image\" \/>\n<meta name=\"twitter:label1\" content=\"Escrito por\" \/>\n\t<meta name=\"twitter:data1\" content=\"EDITOR\" \/>\n\t<meta name=\"twitter:label2\" content=\"Tiempo de lectura\" \/>\n\t<meta name=\"twitter:data2\" content=\"1 minuto\" \/>\n<script type=\"application\/ld+json\" class=\"yoast-schema-graph\">{\"@context\":\"https:\/\/schema.org\",\"@graph\":[{\"@type\":\"WebPage\",\"@id\":\"https:\/\/laprensacristiana.com\/?p=10887\",\"url\":\"https:\/\/laprensacristiana.com\/?p=10887\",\"name\":\"\u201cComo T\u00fa\u201d El nuevo lanzamiento de Gonzalo de Le\u00f3n - La Prensa Cristiana\",\"isPartOf\":{\"@id\":\"https:\/\/laprensacristiana.com\/#website\"},\"datePublished\":\"2020-12-18T20:23:21+00:00\",\"dateModified\":\"2020-12-18T20:23:23+00:00\",\"author\":{\"@id\":\"https:\/\/laprensacristiana.com\/#\/schema\/person\/3e7d82c6bfd6b1fa67010f8f7cd5256e\"},\"breadcrumb\":{\"@id\":\"https:\/\/laprensacristiana.com\/?p=10887#breadcrumb\"},\"inLanguage\":\"es\",\"potentialAction\":[{\"@type\":\"ReadAction\",\"target\":[\"https:\/\/laprensacristiana.com\/?p=10887\"]}]},{\"@type\":\"BreadcrumbList\",\"@id\":\"https:\/\/laprensacristiana.com\/?p=10887#breadcrumb\",\"itemListElement\":[{\"@type\":\"ListItem\",\"position\":1,\"name\":\"Portada\",\"item\":\"https:\/\/laprensacristiana.com\/\"},{\"@type\":\"ListItem\",\"position\":2,\"name\":\"\u201cComo T\u00fa\u201d El nuevo lanzamiento de Gonzalo de Le\u00f3n\"}]},{\"@type\":\"WebSite\",\"@id\":\"https:\/\/laprensacristiana.com\/#website\",\"url\":\"https:\/\/laprensacristiana.com\/\",\"name\":\"La Prensa Cristiana\",\"description\":\"Anunciando Las Buenas Nuevas\",\"potentialAction\":[{\"@type\":\"SearchAction\",\"target\":{\"@type\":\"EntryPoint\",\"urlTemplate\":\"https:\/\/laprensacristiana.com\/?s={search_term_string}\"},\"query-input\":\"required name=search_term_string\"}],\"inLanguage\":\"es\"},{\"@type\":\"Person\",\"@id\":\"https:\/\/laprensacristiana.com\/#\/schema\/person\/3e7d82c6bfd6b1fa67010f8f7cd5256e\",\"name\":\"EDITOR\",\"image\":{\"@type\":\"ImageObject\",\"inLanguage\":\"es\",\"@id\":\"https:\/\/laprensacristiana.com\/#\/schema\/person\/image\/\",\"url\":\"https:\/\/secure.gravatar.com\/avatar\/72069dfb6c13772d9e8381e3638666d2?s=96&d=mm&r=g\",\"contentUrl\":\"https:\/\/secure.gravatar.com\/avatar\/72069dfb6c13772d9e8381e3638666d2?s=96&d=mm&r=g\",\"caption\":\"EDITOR\"},\"url\":\"https:\/\/laprensacristiana.com\/?author=3\"}]}<\/script>\n<!-- \/ Yoast SEO plugin. -->","yoast_head_json":{"title":"\u201cComo T\u00fa\u201d El nuevo lanzamiento de Gonzalo de Le\u00f3n - La Prensa Cristiana","robots":{"index":"index","follow":"follow","max-snippet":"max-snippet:-1","max-image-preview":"max-image-preview:large","max-video-preview":"max-video-preview:-1"},"canonical":"https:\/\/laprensacristiana.com\/?p=10887","og_locale":"es_ES","og_type":"article","og_title":"\u201cComo T\u00fa\u201d El nuevo lanzamiento de Gonzalo de Le\u00f3n - La Prensa Cristiana","og_description":"Recientemente el artista urbano salvadore\u00f1o Gonzalo de Le\u00f3n ha hecho el lanzamiento a trav\u00e9s de las redes sociales de su nueva canci\u00f3n titulada \u201cComo T\u00fa\u201d. \u201cEsta canci\u00f3n creo que ha sido una de las m\u00e1s dif\u00edciles que he escrito. Como t\u00fa naci\u00f3 luego de haber tenido un par de a\u00f1os de muchos eventos\u00a0 dentro del [&hellip;]","og_url":"https:\/\/laprensacristiana.com\/?p=10887","og_site_name":"La Prensa Cristiana","article_published_time":"2020-12-18T20:23:21+00:00","article_modified_time":"2020-12-18T20:23:23+00:00","og_image":[{"width":1280,"height":1280,"url":"https:\/\/laprensacristiana.com\/wp-content\/uploads\/2020\/12\/IMG-20201216-WA0038.jpg","type":"image\/jpeg"}],"author":"EDITOR","twitter_card":"summary_large_image","twitter_misc":{"Escrito por":"EDITOR","Tiempo de lectura":"1 minuto"},"schema":{"@context":"https:\/\/schema.org","@graph":[{"@type":"WebPage","@id":"https:\/\/laprensacristiana.com\/?p=10887","url":"https:\/\/laprensacristiana.com\/?p=10887","name":"\u201cComo T\u00fa\u201d El nuevo lanzamiento de Gonzalo de Le\u00f3n - La Prensa Cristiana","isPartOf":{"@id":"https:\/\/laprensacristiana.com\/#website"},"datePublished":"2020-12-18T20:23:21+00:00","dateModified":"2020-12-18T20:23:23+00:00","author":{"@id":"https:\/\/laprensacristiana.com\/#\/schema\/person\/3e7d82c6bfd6b1fa67010f8f7cd5256e"},"breadcrumb":{"@id":"https:\/\/laprensacristiana.com\/?p=10887#breadcrumb"},"inLanguage":"es","potentialAction":[{"@type":"ReadAction","target":["https:\/\/laprensacristiana.com\/?p=10887"]}]},{"@type":"BreadcrumbList","@id":"https:\/\/laprensacristiana.com\/?p=10887#breadcrumb","itemListElement":[{"@type":"ListItem","position":1,"name":"Portada","item":"https:\/\/laprensacristiana.com\/"},{"@type":"ListItem","position":2,"name":"\u201cComo T\u00fa\u201d El nuevo lanzamiento de Gonzalo de Le\u00f3n"}]},{"@type":"WebSite","@id":"https:\/\/laprensacristiana.com\/#website","url":"https:\/\/laprensacristiana.com\/","name":"La Prensa Cristiana","description":"Anunciando Las Buenas Nuevas","potentialAction":[{"@type":"SearchAction","target":{"@type":"EntryPoint","urlTemplate":"https:\/\/laprensacristiana.com\/?s={search_term_string}"},"query-input":"required name=search_term_string"}],"inLanguage":"es"},{"@type":"Person","@id":"https:\/\/laprensacristiana.com\/#\/schema\/person\/3e7d82c6bfd6b1fa67010f8f7cd5256e","name":"EDITOR","image":{"@type":"ImageObject","inLanguage":"es","@id":"https:\/\/laprensacristiana.com\/#\/schema\/person\/image\/","url":"https:\/\/secure.gravatar.com\/avatar\/72069dfb6c13772d9e8381e3638666d2?s=96&d=mm&r=g","contentUrl":"https:\/\/secure.gravatar.com\/avatar\/72069dfb6c13772d9e8381e3638666d2?s=96&d=mm&r=g","caption":"EDITOR"},"url":"https:\/\/laprensacristiana.com\/?author=3"}]}},"_links":{"self":[{"href":"https:\/\/laprensacristiana.com\/index.php?rest_route=\/wp\/v2\/posts\/10887"}],"collection":[{"href":"https:\/\/laprensacristiana.com\/index.php?rest_route=\/wp\/v2\/posts"}],"about":[{"href":"https:\/\/laprensacristiana.com\/index.php?rest_route=\/wp\/v2\/types\/post"}],"author":[{"embeddable":true,"href":"https:\/\/laprensacristiana.com\/index.php?rest_route=\/wp\/v2\/users\/3"}],"replies":[{"embeddable":true,"href":"https:\/\/laprensacristiana.com\/index.php?rest_route=%2Fwp%2Fv2%2Fcomments&post=10887"}],"version-history":[{"count":1,"href":"https:\/\/laprensacristiana.com\/index.php?rest_route=\/wp\/v2\/posts\/10887\/revisions"}],"predecessor-version":[{"id":10889,"href":"https:\/\/laprensacristiana.com\/index.php?rest_route=\/wp\/v2\/posts\/10887\/revisions\/10889"}],"wp:featuredmedia":[{"embeddable":true,"href":"https:\/\/laprensacristiana.com\/index.php?rest_route=\/wp\/v2\/media\/10888"}],"wp:attachment":[{"href":"https:\/\/laprensacristiana.com\/index.php?rest_route=%2Fwp%2Fv2%2Fmedia&parent=10887"}],"wp:term":[{"taxonomy":"category","embeddable":true,"href":"https:\/\/laprensacristiana.com\/index.php?rest_route=%2Fwp%2Fv2%2Fcategories&post=10887"},{"taxonomy":"post_tag","embeddable":true,"href":"https:\/\/laprensacristiana.com\/index.php?rest_route=%2Fwp%2Fv2%2Ftags&post=10887"}],"curies":[{"name":"wp","href":"https:\/\/api.w.org\/{rel}","templated":true}]}}