{"id":10890,"date":"2020-12-20T23:52:23","date_gmt":"2020-12-20T23:52:23","guid":{"rendered":"https:\/\/laprensacristiana.com\/?p=10890"},"modified":"2020-12-20T23:52:24","modified_gmt":"2020-12-20T23:52:24","slug":"el-dia-de-la-biblia-en-el-ano-de-la-pandemia","status":"publish","type":"post","link":"https:\/\/laprensacristiana.com\/?p=10890","title":{"rendered":"El d\u00eda de la Biblia en el a\u00f1o de la pandemia"},"content":{"rendered":"\n<p><\/p>\n\n\n\n<p>Por: Mario Vega | Pastor General de Misi\u00f3n Cristiana Elim<\/p>\n\n\n\n<p>Por decreto legislativo el segundo domingo de diciembre ha sido declarado el D\u00eda Nacional de la Biblia en El Salvador. El decreto fue emitido en 2002 con el prop\u00f3sito de estimular su lectura y estudio, de lo cual, las iglesias son las principales responsables. Pero resulta parad\u00f3jico que son ellas las que pasan totalmente inadvertida la fecha, concentr\u00e1ndose en que la responsabilidad la asuma el Estado o las escuelas, cuando deber\u00eda ser una efem\u00e9ride que aprovecharan con diligencia. Con mayor raz\u00f3n al tener en cuenta que vivimos un a\u00f1o de pandemia en que las crisis hacen pensar. La fragilidad de la vida y la salud han quedado expuestas por el nuevo coronavirus y los padecimientos personales y colectivos exigen una explicaci\u00f3n que permita encontrar el sentido de la vida y de los acontecimientos. Son las condiciones exactas que abren el espacio para que la Biblia aporte las respuestas que se necesitan.<br>Sobre la capacidad de la Biblia para dar respuesta a las preguntas existenciales del ser humano habla la extensa acogida que ella tiene. Se calcula que en 2020 un aproximado de 78 millones de ejemplares de la Biblia fueron adquiridos, lo cual la coloca muy por arriba de las ventas de cualquier otro libro. Pero, en una \u00e9poca cuando muchas personas se inclinan por los libros virtuales, es importante tener en cuenta ese otro \u00e1mbito que, afortunadamente, puede ser medido con mayor precisi\u00f3n. Por ejemplo, la aplicaci\u00f3n YouVersion, tambi\u00e9n conocida en espa\u00f1ol como Biblia App, ha tenido uno de sus mejores a\u00f1os. Dadas las condiciones de confinamiento y distanciamiento, que limitaron el acceso a librer\u00edas y materiales impresos, las personas acudieron a formas digitales de encontrarse con la palabra de Dios. M\u00e1s de 52 millones de personas instalaron en sus tel\u00e9fonos, ordenadores, televisores y relojes inteligentes la aplicaci\u00f3n de la Biblia App, que sumados a los a\u00f1os anteriores alcanz\u00f3 un gran total de m\u00e1s de 450 millones de instalaciones. La aplicaci\u00f3n tambi\u00e9n ofrece una versi\u00f3n para ni\u00f1os, que fue instalada en m\u00e1s de 22 millones de aparatos durante 2020. Los ni\u00f1os no hicieron eso solo por diversi\u00f3n o por recomendaci\u00f3n de sus padres, pues un total de 170 millones de historias fueron le\u00eddas completas en la aplicaci\u00f3n infantil.<br>La aplicaci\u00f3n tambi\u00e9n ofrece muchos planes de lectura que pueden ser adoptados por los usuarios. De ellos, m\u00e1s de 1,434 millones fueron completados. M\u00e1s de 7,524 cap\u00edtulos de la Biblia fueron o\u00eddos en formato de audio y m\u00e1s de 99 millones de videos, que dramatizan pasajes de las Escrituras, fueron reproducidos. La aplicaci\u00f3n tambi\u00e9n permite personalizar la lectura y durante el a\u00f1o se realizaron m\u00e1s de 2,500 millones de resaltados, marcas y notas de diversos pasajes. M\u00e1s de 524 millones de vers\u00edculos fueron compartidos, entre los cuales el m\u00e1s frecuente fue Isa\u00edas 41:10: \u201cNo temas, porque Yo estoy contigo; no te angusties, porque Yo soy tu Dios. Te fortalecer\u00e9 y te ayudar\u00e9; te sostendr\u00e9 con mi diestra Victoriosa\u201d. Al menos para los lectores de la Biblia App ese fue el vers\u00edculo del a\u00f1o de la pandemia. Un a\u00f1o de los m\u00e1s dif\u00edciles y en el que la palabra de Dios brill\u00f3 intensamente. Un hecho digno de ser celebrado y a la vez tomado como est\u00edmulo en el esfuerzo de continuar distribuyendo la Biblia y fomentando su lectura y estudio, principalmente en el D\u00eda Nacional de la Biblia.<\/p>\n","protected":false},"excerpt":{"rendered":"<p>Por: Mario Vega | Pastor General de Misi\u00f3n Cristiana Elim Por decreto legislativo el segundo domingo de diciembre ha sido declarado el D\u00eda Nacional de la Biblia en El Salvador. El decreto fue emitido en 2002 con el prop\u00f3sito de estimular su lectura y estudio, de lo cual, las iglesias son las principales responsables. Pero [&hellip;]<\/p>\n","protected":false},"author":3,"featured_media":6072,"comment_status":"open","ping_status":"open","sticky":false,"template":"","format":"standard","meta":[],"categories":[23],"tags":[],"yoast_head":"<!-- This site is optimized with the Yoast SEO plugin v20.8 - https:\/\/yoast.com\/wordpress\/plugins\/seo\/ -->\n<title>El d\u00eda de la Biblia en el a\u00f1o de la pandemia - La Prensa Cristiana<\/title>\n<meta name=\"robots\" content=\"index, follow, max-snippet:-1, max-image-preview:large, max-video-preview:-1\" \/>\n<link rel=\"canonical\" href=\"https:\/\/laprensacristiana.com\/?p=10890\" \/>\n<meta property=\"og:locale\" content=\"es_ES\" \/>\n<meta property=\"og:type\" content=\"article\" \/>\n<meta property=\"og:title\" content=\"El d\u00eda de la Biblia en el a\u00f1o de la pandemia - La Prensa Cristiana\" \/>\n<meta property=\"og:description\" content=\"Por: Mario Vega | Pastor General de Misi\u00f3n Cristiana Elim Por decreto legislativo el segundo domingo de diciembre ha sido declarado el D\u00eda Nacional de la Biblia en El Salvador. El decreto fue emitido en 2002 con el prop\u00f3sito de estimular su lectura y estudio, de lo cual, las iglesias son las principales responsables. Pero [&hellip;]\" \/>\n<meta property=\"og:url\" content=\"https:\/\/laprensacristiana.com\/?p=10890\" \/>\n<meta property=\"og:site_name\" content=\"La Prensa Cristiana\" \/>\n<meta property=\"article:published_time\" content=\"2020-12-20T23:52:23+00:00\" \/>\n<meta property=\"article:modified_time\" content=\"2020-12-20T23:52:24+00:00\" \/>\n<meta property=\"og:image\" content=\"https:\/\/laprensacristiana.com\/wp-content\/uploads\/2019\/06\/OPINION-01-scaled.jpg\" \/>\n\t<meta property=\"og:image:width\" content=\"2560\" \/>\n\t<meta property=\"og:image:height\" content=\"1429\" \/>\n\t<meta property=\"og:image:type\" content=\"image\/jpeg\" \/>\n<meta name=\"author\" content=\"EDITOR\" \/>\n<meta name=\"twitter:card\" content=\"summary_large_image\" \/>\n<meta name=\"twitter:label1\" content=\"Escrito por\" \/>\n\t<meta name=\"twitter:data1\" content=\"EDITOR\" \/>\n\t<meta name=\"twitter:label2\" content=\"Tiempo de lectura\" \/>\n\t<meta name=\"twitter:data2\" content=\"3 minutos\" \/>\n<script type=\"application\/ld+json\" class=\"yoast-schema-graph\">{\"@context\":\"https:\/\/schema.org\",\"@graph\":[{\"@type\":\"WebPage\",\"@id\":\"https:\/\/laprensacristiana.com\/?p=10890\",\"url\":\"https:\/\/laprensacristiana.com\/?p=10890\",\"name\":\"El d\u00eda de la Biblia en el a\u00f1o de la pandemia - La Prensa Cristiana\",\"isPartOf\":{\"@id\":\"https:\/\/laprensacristiana.com\/#website\"},\"datePublished\":\"2020-12-20T23:52:23+00:00\",\"dateModified\":\"2020-12-20T23:52:24+00:00\",\"author\":{\"@id\":\"https:\/\/laprensacristiana.com\/#\/schema\/person\/3e7d82c6bfd6b1fa67010f8f7cd5256e\"},\"breadcrumb\":{\"@id\":\"https:\/\/laprensacristiana.com\/?p=10890#breadcrumb\"},\"inLanguage\":\"es\",\"potentialAction\":[{\"@type\":\"ReadAction\",\"target\":[\"https:\/\/laprensacristiana.com\/?p=10890\"]}]},{\"@type\":\"BreadcrumbList\",\"@id\":\"https:\/\/laprensacristiana.com\/?p=10890#breadcrumb\",\"itemListElement\":[{\"@type\":\"ListItem\",\"position\":1,\"name\":\"Portada\",\"item\":\"https:\/\/laprensacristiana.com\/\"},{\"@type\":\"ListItem\",\"position\":2,\"name\":\"El d\u00eda de la Biblia en el a\u00f1o de la pandemia\"}]},{\"@type\":\"WebSite\",\"@id\":\"https:\/\/laprensacristiana.com\/#website\",\"url\":\"https:\/\/laprensacristiana.com\/\",\"name\":\"La Prensa Cristiana\",\"description\":\"Anunciando Las Buenas Nuevas\",\"potentialAction\":[{\"@type\":\"SearchAction\",\"target\":{\"@type\":\"EntryPoint\",\"urlTemplate\":\"https:\/\/laprensacristiana.com\/?s={search_term_string}\"},\"query-input\":\"required name=search_term_string\"}],\"inLanguage\":\"es\"},{\"@type\":\"Person\",\"@id\":\"https:\/\/laprensacristiana.com\/#\/schema\/person\/3e7d82c6bfd6b1fa67010f8f7cd5256e\",\"name\":\"EDITOR\",\"image\":{\"@type\":\"ImageObject\",\"inLanguage\":\"es\",\"@id\":\"https:\/\/laprensacristiana.com\/#\/schema\/person\/image\/\",\"url\":\"https:\/\/secure.gravatar.com\/avatar\/72069dfb6c13772d9e8381e3638666d2?s=96&d=mm&r=g\",\"contentUrl\":\"https:\/\/secure.gravatar.com\/avatar\/72069dfb6c13772d9e8381e3638666d2?s=96&d=mm&r=g\",\"caption\":\"EDITOR\"},\"url\":\"https:\/\/laprensacristiana.com\/?author=3\"}]}<\/script>\n<!-- \/ Yoast SEO plugin. -->","yoast_head_json":{"title":"El d\u00eda de la Biblia en el a\u00f1o de la pandemia - La Prensa Cristiana","robots":{"index":"index","follow":"follow","max-snippet":"max-snippet:-1","max-image-preview":"max-image-preview:large","max-video-preview":"max-video-preview:-1"},"canonical":"https:\/\/laprensacristiana.com\/?p=10890","og_locale":"es_ES","og_type":"article","og_title":"El d\u00eda de la Biblia en el a\u00f1o de la pandemia - La Prensa Cristiana","og_description":"Por: Mario Vega | Pastor General de Misi\u00f3n Cristiana Elim Por decreto legislativo el segundo domingo de diciembre ha sido declarado el D\u00eda Nacional de la Biblia en El Salvador. El decreto fue emitido en 2002 con el prop\u00f3sito de estimular su lectura y estudio, de lo cual, las iglesias son las principales responsables. Pero [&hellip;]","og_url":"https:\/\/laprensacristiana.com\/?p=10890","og_site_name":"La Prensa Cristiana","article_published_time":"2020-12-20T23:52:23+00:00","article_modified_time":"2020-12-20T23:52:24+00:00","og_image":[{"width":2560,"height":1429,"url":"https:\/\/laprensacristiana.com\/wp-content\/uploads\/2019\/06\/OPINION-01-scaled.jpg","type":"image\/jpeg"}],"author":"EDITOR","twitter_card":"summary_large_image","twitter_misc":{"Escrito por":"EDITOR","Tiempo de lectura":"3 minutos"},"schema":{"@context":"https:\/\/schema.org","@graph":[{"@type":"WebPage","@id":"https:\/\/laprensacristiana.com\/?p=10890","url":"https:\/\/laprensacristiana.com\/?p=10890","name":"El d\u00eda de la Biblia en el a\u00f1o de la pandemia - La Prensa Cristiana","isPartOf":{"@id":"https:\/\/laprensacristiana.com\/#website"},"datePublished":"2020-12-20T23:52:23+00:00","dateModified":"2020-12-20T23:52:24+00:00","author":{"@id":"https:\/\/laprensacristiana.com\/#\/schema\/person\/3e7d82c6bfd6b1fa67010f8f7cd5256e"},"breadcrumb":{"@id":"https:\/\/laprensacristiana.com\/?p=10890#breadcrumb"},"inLanguage":"es","potentialAction":[{"@type":"ReadAction","target":["https:\/\/laprensacristiana.com\/?p=10890"]}]},{"@type":"BreadcrumbList","@id":"https:\/\/laprensacristiana.com\/?p=10890#breadcrumb","itemListElement":[{"@type":"ListItem","position":1,"name":"Portada","item":"https:\/\/laprensacristiana.com\/"},{"@type":"ListItem","position":2,"name":"El d\u00eda de la Biblia en el a\u00f1o de la pandemia"}]},{"@type":"WebSite","@id":"https:\/\/laprensacristiana.com\/#website","url":"https:\/\/laprensacristiana.com\/","name":"La Prensa Cristiana","description":"Anunciando Las Buenas Nuevas","potentialAction":[{"@type":"SearchAction","target":{"@type":"EntryPoint","urlTemplate":"https:\/\/laprensacristiana.com\/?s={search_term_string}"},"query-input":"required name=search_term_string"}],"inLanguage":"es"},{"@type":"Person","@id":"https:\/\/laprensacristiana.com\/#\/schema\/person\/3e7d82c6bfd6b1fa67010f8f7cd5256e","name":"EDITOR","image":{"@type":"ImageObject","inLanguage":"es","@id":"https:\/\/laprensacristiana.com\/#\/schema\/person\/image\/","url":"https:\/\/secure.gravatar.com\/avatar\/72069dfb6c13772d9e8381e3638666d2?s=96&d=mm&r=g","contentUrl":"https:\/\/secure.gravatar.com\/avatar\/72069dfb6c13772d9e8381e3638666d2?s=96&d=mm&r=g","caption":"EDITOR"},"url":"https:\/\/laprensacristiana.com\/?author=3"}]}},"_links":{"self":[{"href":"https:\/\/laprensacristiana.com\/index.php?rest_route=\/wp\/v2\/posts\/10890"}],"collection":[{"href":"https:\/\/laprensacristiana.com\/index.php?rest_route=\/wp\/v2\/posts"}],"about":[{"href":"https:\/\/laprensacristiana.com\/index.php?rest_route=\/wp\/v2\/types\/post"}],"author":[{"embeddable":true,"href":"https:\/\/laprensacristiana.com\/index.php?rest_route=\/wp\/v2\/users\/3"}],"replies":[{"embeddable":true,"href":"https:\/\/laprensacristiana.com\/index.php?rest_route=%2Fwp%2Fv2%2Fcomments&post=10890"}],"version-history":[{"count":1,"href":"https:\/\/laprensacristiana.com\/index.php?rest_route=\/wp\/v2\/posts\/10890\/revisions"}],"predecessor-version":[{"id":10891,"href":"https:\/\/laprensacristiana.com\/index.php?rest_route=\/wp\/v2\/posts\/10890\/revisions\/10891"}],"wp:featuredmedia":[{"embeddable":true,"href":"https:\/\/laprensacristiana.com\/index.php?rest_route=\/wp\/v2\/media\/6072"}],"wp:attachment":[{"href":"https:\/\/laprensacristiana.com\/index.php?rest_route=%2Fwp%2Fv2%2Fmedia&parent=10890"}],"wp:term":[{"taxonomy":"category","embeddable":true,"href":"https:\/\/laprensacristiana.com\/index.php?rest_route=%2Fwp%2Fv2%2Fcategories&post=10890"},{"taxonomy":"post_tag","embeddable":true,"href":"https:\/\/laprensacristiana.com\/index.php?rest_route=%2Fwp%2Fv2%2Ftags&post=10890"}],"curies":[{"name":"wp","href":"https:\/\/api.w.org\/{rel}","templated":true}]}}