{"id":10897,"date":"2020-12-21T14:06:07","date_gmt":"2020-12-21T14:06:07","guid":{"rendered":"https:\/\/laprensacristiana.com\/?p=10897"},"modified":"2020-12-21T14:06:09","modified_gmt":"2020-12-21T14:06:09","slug":"cebollas-y-ajos","status":"publish","type":"post","link":"https:\/\/laprensacristiana.com\/?p=10897","title":{"rendered":"Cebollas y ajos"},"content":{"rendered":"\n<p>\u201cN\u00fameros 11:5 \u201cNos acordamos de las cebollas y los ajos\u201d<\/p>\n\n\n\n<p>Cuando mi esposa y yo sal\u00edamos a caminar por las calles por donde viv\u00edamos cerca de las orillas del Volc\u00e1n de San Salvador, pas\u00e1bamos frente a unos condominios a eso de las seis de la ma\u00f1ana y de pronto, de alguna casa cercana nos llegaba el aroma de ajos y cebollas que estaban siendo fritas en alguna sart\u00e9n.<\/p>\n\n\n\n<p>En ese instante, le comentaba a mi esposa: \u201calguien est\u00e1 friendo cebolla\u201d y era porque en el instante en que ese olor impregnaba el ambiente de la calle, en mi cerebro se disparaba una sustancia que identificaba ese olor con mi ni\u00f1ez cuando mi mam\u00e1 nos preparaba la famosa olla de frijoles y los fre\u00eda con bastante ajo y cebolla frita. Ese olor qued\u00f3 grabado en mi memoria y es imposible olvidarlos.<\/p>\n\n\n\n<p>Eso sucedi\u00f3 con los israelitas en el desierto. El Se\u00f1or les regal\u00f3 el man\u00e1 para que comieran todos los d\u00edas. Era algo sobrenatural que les llegaba del cielo. Por un buen tiempo ellos lo coc\u00edan de diferentes maneras y formas. Pero lleg\u00f3 un momento en que su alma empez\u00f3 a extra\u00f1ar los aromas y olores del mundo del que ven\u00edan huyendo: Egipto.<\/p>\n\n\n\n<p>Los pepinos no tienen olor a la distancia. Los puerros tampoco. El mel\u00f3n, para olerlo hay que tenerlo cerca. Pero los ajos y las cebollas no importa la distancia, el aroma cuando se est\u00e1 friendo se esparce por todo el ambiente y eso despierta deseos, anhelos, recuerdos y remembranzas del pasado.<\/p>\n\n\n\n<p>Eso es lo que afecta a muchos cristianos de hoy: Viven con esos aromas del pasado. Una canci\u00f3n rom\u00e1ntica que nos recuerda aquella \u00e9poca juvenil. Un \u00e1lbum de fotos que nos regresa a aquellos momentos agradables en familia. O una carta arrugada y borrosa guardada en el caj\u00f3n de los recuerdos del alma. Aromas del pasado. Algunos fueron dolorosos y nos amargan. Otros son aromas a pecado que han quedado impregnados en nuestros sistemas olfativos del alma y en alg\u00fan momento determinado el alma anhela volver a tener eso que les hace recordar su pasado.<\/p>\n\n\n\n<p>Tengamos cuidado con esos aromas que de pronto nos llegar\u00e1n en nuestro caminar con Dios. Son esos ajos y cebollas que han quedado como mudos recordatorios de nuestro pasado y eso nos haga renegar de las bendiciones de nuestro Padre.<\/p>\n","protected":false},"excerpt":{"rendered":"<p>\u201cN\u00fameros 11:5 \u201cNos acordamos de las cebollas y los ajos\u201d Cuando mi esposa y yo sal\u00edamos a caminar por las calles por donde viv\u00edamos cerca de las orillas del Volc\u00e1n de San Salvador, pas\u00e1bamos frente a unos condominios a eso de las seis de la ma\u00f1ana y de pronto, de alguna casa cercana nos llegaba [&hellip;]<\/p>\n","protected":false},"author":3,"featured_media":10751,"comment_status":"open","ping_status":"open","sticky":false,"template":"","format":"standard","meta":[],"categories":[36],"tags":[],"yoast_head":"<!-- This site is optimized with the Yoast SEO plugin v20.8 - https:\/\/yoast.com\/wordpress\/plugins\/seo\/ -->\n<title>Cebollas y ajos - La Prensa Cristiana<\/title>\n<meta name=\"robots\" content=\"index, follow, max-snippet:-1, max-image-preview:large, max-video-preview:-1\" \/>\n<link rel=\"canonical\" href=\"https:\/\/laprensacristiana.com\/?p=10897\" \/>\n<meta property=\"og:locale\" content=\"es_ES\" \/>\n<meta property=\"og:type\" content=\"article\" \/>\n<meta property=\"og:title\" content=\"Cebollas y ajos - La Prensa Cristiana\" \/>\n<meta property=\"og:description\" content=\"\u201cN\u00fameros 11:5 \u201cNos acordamos de las cebollas y los ajos\u201d Cuando mi esposa y yo sal\u00edamos a caminar por las calles por donde viv\u00edamos cerca de las orillas del Volc\u00e1n de San Salvador, pas\u00e1bamos frente a unos condominios a eso de las seis de la ma\u00f1ana y de pronto, de alguna casa cercana nos llegaba [&hellip;]\" \/>\n<meta property=\"og:url\" content=\"https:\/\/laprensacristiana.com\/?p=10897\" \/>\n<meta property=\"og:site_name\" content=\"La Prensa Cristiana\" \/>\n<meta property=\"article:published_time\" content=\"2020-12-21T14:06:07+00:00\" \/>\n<meta property=\"article:modified_time\" content=\"2020-12-21T14:06:09+00:00\" \/>\n<meta property=\"og:image\" content=\"https:\/\/laprensacristiana.com\/wp-content\/uploads\/2020\/12\/IMG_20201130_091029_337.jpg\" \/>\n\t<meta property=\"og:image:width\" content=\"1280\" \/>\n\t<meta property=\"og:image:height\" content=\"714\" \/>\n\t<meta property=\"og:image:type\" content=\"image\/jpeg\" \/>\n<meta name=\"author\" content=\"EDITOR\" \/>\n<meta name=\"twitter:card\" content=\"summary_large_image\" \/>\n<meta name=\"twitter:label1\" content=\"Escrito por\" \/>\n\t<meta name=\"twitter:data1\" content=\"EDITOR\" \/>\n\t<meta name=\"twitter:label2\" content=\"Tiempo de lectura\" \/>\n\t<meta name=\"twitter:data2\" content=\"2 minutos\" \/>\n<script type=\"application\/ld+json\" class=\"yoast-schema-graph\">{\"@context\":\"https:\/\/schema.org\",\"@graph\":[{\"@type\":\"WebPage\",\"@id\":\"https:\/\/laprensacristiana.com\/?p=10897\",\"url\":\"https:\/\/laprensacristiana.com\/?p=10897\",\"name\":\"Cebollas y ajos - La Prensa Cristiana\",\"isPartOf\":{\"@id\":\"https:\/\/laprensacristiana.com\/#website\"},\"datePublished\":\"2020-12-21T14:06:07+00:00\",\"dateModified\":\"2020-12-21T14:06:09+00:00\",\"author\":{\"@id\":\"https:\/\/laprensacristiana.com\/#\/schema\/person\/3e7d82c6bfd6b1fa67010f8f7cd5256e\"},\"breadcrumb\":{\"@id\":\"https:\/\/laprensacristiana.com\/?p=10897#breadcrumb\"},\"inLanguage\":\"es\",\"potentialAction\":[{\"@type\":\"ReadAction\",\"target\":[\"https:\/\/laprensacristiana.com\/?p=10897\"]}]},{\"@type\":\"BreadcrumbList\",\"@id\":\"https:\/\/laprensacristiana.com\/?p=10897#breadcrumb\",\"itemListElement\":[{\"@type\":\"ListItem\",\"position\":1,\"name\":\"Portada\",\"item\":\"https:\/\/laprensacristiana.com\/\"},{\"@type\":\"ListItem\",\"position\":2,\"name\":\"Cebollas y ajos\"}]},{\"@type\":\"WebSite\",\"@id\":\"https:\/\/laprensacristiana.com\/#website\",\"url\":\"https:\/\/laprensacristiana.com\/\",\"name\":\"La Prensa Cristiana\",\"description\":\"Anunciando Las Buenas Nuevas\",\"potentialAction\":[{\"@type\":\"SearchAction\",\"target\":{\"@type\":\"EntryPoint\",\"urlTemplate\":\"https:\/\/laprensacristiana.com\/?s={search_term_string}\"},\"query-input\":\"required name=search_term_string\"}],\"inLanguage\":\"es\"},{\"@type\":\"Person\",\"@id\":\"https:\/\/laprensacristiana.com\/#\/schema\/person\/3e7d82c6bfd6b1fa67010f8f7cd5256e\",\"name\":\"EDITOR\",\"image\":{\"@type\":\"ImageObject\",\"inLanguage\":\"es\",\"@id\":\"https:\/\/laprensacristiana.com\/#\/schema\/person\/image\/\",\"url\":\"https:\/\/secure.gravatar.com\/avatar\/72069dfb6c13772d9e8381e3638666d2?s=96&d=mm&r=g\",\"contentUrl\":\"https:\/\/secure.gravatar.com\/avatar\/72069dfb6c13772d9e8381e3638666d2?s=96&d=mm&r=g\",\"caption\":\"EDITOR\"},\"url\":\"https:\/\/laprensacristiana.com\/?author=3\"}]}<\/script>\n<!-- \/ Yoast SEO plugin. -->","yoast_head_json":{"title":"Cebollas y ajos - La Prensa Cristiana","robots":{"index":"index","follow":"follow","max-snippet":"max-snippet:-1","max-image-preview":"max-image-preview:large","max-video-preview":"max-video-preview:-1"},"canonical":"https:\/\/laprensacristiana.com\/?p=10897","og_locale":"es_ES","og_type":"article","og_title":"Cebollas y ajos - La Prensa Cristiana","og_description":"\u201cN\u00fameros 11:5 \u201cNos acordamos de las cebollas y los ajos\u201d Cuando mi esposa y yo sal\u00edamos a caminar por las calles por donde viv\u00edamos cerca de las orillas del Volc\u00e1n de San Salvador, pas\u00e1bamos frente a unos condominios a eso de las seis de la ma\u00f1ana y de pronto, de alguna casa cercana nos llegaba [&hellip;]","og_url":"https:\/\/laprensacristiana.com\/?p=10897","og_site_name":"La Prensa Cristiana","article_published_time":"2020-12-21T14:06:07+00:00","article_modified_time":"2020-12-21T14:06:09+00:00","og_image":[{"width":1280,"height":714,"url":"https:\/\/laprensacristiana.com\/wp-content\/uploads\/2020\/12\/IMG_20201130_091029_337.jpg","type":"image\/jpeg"}],"author":"EDITOR","twitter_card":"summary_large_image","twitter_misc":{"Escrito por":"EDITOR","Tiempo de lectura":"2 minutos"},"schema":{"@context":"https:\/\/schema.org","@graph":[{"@type":"WebPage","@id":"https:\/\/laprensacristiana.com\/?p=10897","url":"https:\/\/laprensacristiana.com\/?p=10897","name":"Cebollas y ajos - La Prensa Cristiana","isPartOf":{"@id":"https:\/\/laprensacristiana.com\/#website"},"datePublished":"2020-12-21T14:06:07+00:00","dateModified":"2020-12-21T14:06:09+00:00","author":{"@id":"https:\/\/laprensacristiana.com\/#\/schema\/person\/3e7d82c6bfd6b1fa67010f8f7cd5256e"},"breadcrumb":{"@id":"https:\/\/laprensacristiana.com\/?p=10897#breadcrumb"},"inLanguage":"es","potentialAction":[{"@type":"ReadAction","target":["https:\/\/laprensacristiana.com\/?p=10897"]}]},{"@type":"BreadcrumbList","@id":"https:\/\/laprensacristiana.com\/?p=10897#breadcrumb","itemListElement":[{"@type":"ListItem","position":1,"name":"Portada","item":"https:\/\/laprensacristiana.com\/"},{"@type":"ListItem","position":2,"name":"Cebollas y ajos"}]},{"@type":"WebSite","@id":"https:\/\/laprensacristiana.com\/#website","url":"https:\/\/laprensacristiana.com\/","name":"La Prensa Cristiana","description":"Anunciando Las Buenas Nuevas","potentialAction":[{"@type":"SearchAction","target":{"@type":"EntryPoint","urlTemplate":"https:\/\/laprensacristiana.com\/?s={search_term_string}"},"query-input":"required name=search_term_string"}],"inLanguage":"es"},{"@type":"Person","@id":"https:\/\/laprensacristiana.com\/#\/schema\/person\/3e7d82c6bfd6b1fa67010f8f7cd5256e","name":"EDITOR","image":{"@type":"ImageObject","inLanguage":"es","@id":"https:\/\/laprensacristiana.com\/#\/schema\/person\/image\/","url":"https:\/\/secure.gravatar.com\/avatar\/72069dfb6c13772d9e8381e3638666d2?s=96&d=mm&r=g","contentUrl":"https:\/\/secure.gravatar.com\/avatar\/72069dfb6c13772d9e8381e3638666d2?s=96&d=mm&r=g","caption":"EDITOR"},"url":"https:\/\/laprensacristiana.com\/?author=3"}]}},"_links":{"self":[{"href":"https:\/\/laprensacristiana.com\/index.php?rest_route=\/wp\/v2\/posts\/10897"}],"collection":[{"href":"https:\/\/laprensacristiana.com\/index.php?rest_route=\/wp\/v2\/posts"}],"about":[{"href":"https:\/\/laprensacristiana.com\/index.php?rest_route=\/wp\/v2\/types\/post"}],"author":[{"embeddable":true,"href":"https:\/\/laprensacristiana.com\/index.php?rest_route=\/wp\/v2\/users\/3"}],"replies":[{"embeddable":true,"href":"https:\/\/laprensacristiana.com\/index.php?rest_route=%2Fwp%2Fv2%2Fcomments&post=10897"}],"version-history":[{"count":1,"href":"https:\/\/laprensacristiana.com\/index.php?rest_route=\/wp\/v2\/posts\/10897\/revisions"}],"predecessor-version":[{"id":10898,"href":"https:\/\/laprensacristiana.com\/index.php?rest_route=\/wp\/v2\/posts\/10897\/revisions\/10898"}],"wp:featuredmedia":[{"embeddable":true,"href":"https:\/\/laprensacristiana.com\/index.php?rest_route=\/wp\/v2\/media\/10751"}],"wp:attachment":[{"href":"https:\/\/laprensacristiana.com\/index.php?rest_route=%2Fwp%2Fv2%2Fmedia&parent=10897"}],"wp:term":[{"taxonomy":"category","embeddable":true,"href":"https:\/\/laprensacristiana.com\/index.php?rest_route=%2Fwp%2Fv2%2Fcategories&post=10897"},{"taxonomy":"post_tag","embeddable":true,"href":"https:\/\/laprensacristiana.com\/index.php?rest_route=%2Fwp%2Fv2%2Ftags&post=10897"}],"curies":[{"name":"wp","href":"https:\/\/api.w.org\/{rel}","templated":true}]}}