{"id":10901,"date":"2020-12-23T00:25:42","date_gmt":"2020-12-23T00:25:42","guid":{"rendered":"https:\/\/laprensacristiana.com\/?p=10901"},"modified":"2020-12-23T00:25:44","modified_gmt":"2020-12-23T00:25:44","slug":"realizan-accion-de-gracias-en-alcaldia-de-san-juan-opico","status":"publish","type":"post","link":"https:\/\/laprensacristiana.com\/?p=10901","title":{"rendered":"Realizan acci\u00f3n de gracias en Alcald\u00eda de San Juan Opico"},"content":{"rendered":"\n<p>La alcaldia de San Juan Opico realiz\u00f3 un acto de acci\u00f3n de gracias con la Iglesia Evang\u00e9lica del municipio, con mas de 100 Pastores de diferentes denominaciones del Municipio.<\/p>\n\n\n\n<p>La Alcaldesa Dra. Abigail Gir\u00f3n manifest\u00f3 que el objetivo de hacer esta acci\u00f3n de gracias es para agradecer a Dios por regalarnos hasta este d\u00eda el Don m\u00e1s bello de \u00abla vida\u00bb y&nbsp; en unidad con la iglesia continuar construyendo un Opico LIMPIO, ORDENADO y SEGURO.<\/p>\n\n\n\n<p>El predicador invitado fue el pastor Stanley Morales de Iglesia CEFAD y\u00a0 la alabanza estuvo a cargo de del d\u00fao Opicano \u00abEsposos Miranda\u00bb.<\/p>\n\n\n\n<p>El lema de la alcald\u00eda es: \u00abOp\u00edco somos todos y en Op\u00edco cabemos todos\u00bb..<\/p>\n","protected":false},"excerpt":{"rendered":"<p>La alcaldia de San Juan Opico realiz\u00f3 un acto de acci\u00f3n de gracias con la Iglesia Evang\u00e9lica del municipio, con mas de 100 Pastores de diferentes denominaciones del Municipio. La Alcaldesa Dra. Abigail Gir\u00f3n manifest\u00f3 que el objetivo de hacer esta acci\u00f3n de gracias es para agradecer a Dios por regalarnos hasta este d\u00eda el [&hellip;]<\/p>\n","protected":false},"author":3,"featured_media":10902,"comment_status":"open","ping_status":"open","sticky":false,"template":"","format":"standard","meta":[],"categories":[56],"tags":[],"yoast_head":"<!-- This site is optimized with the Yoast SEO plugin v20.8 - https:\/\/yoast.com\/wordpress\/plugins\/seo\/ -->\n<title>Realizan acci\u00f3n de gracias en Alcald\u00eda de San Juan Opico - La Prensa Cristiana<\/title>\n<meta name=\"robots\" content=\"index, follow, max-snippet:-1, max-image-preview:large, max-video-preview:-1\" \/>\n<link rel=\"canonical\" href=\"https:\/\/laprensacristiana.com\/?p=10901\" \/>\n<meta property=\"og:locale\" content=\"es_ES\" \/>\n<meta property=\"og:type\" content=\"article\" \/>\n<meta property=\"og:title\" content=\"Realizan acci\u00f3n de gracias en Alcald\u00eda de San Juan Opico - La Prensa Cristiana\" \/>\n<meta property=\"og:description\" content=\"La alcaldia de San Juan Opico realiz\u00f3 un acto de acci\u00f3n de gracias con la Iglesia Evang\u00e9lica del municipio, con mas de 100 Pastores de diferentes denominaciones del Municipio. La Alcaldesa Dra. Abigail Gir\u00f3n manifest\u00f3 que el objetivo de hacer esta acci\u00f3n de gracias es para agradecer a Dios por regalarnos hasta este d\u00eda el [&hellip;]\" \/>\n<meta property=\"og:url\" content=\"https:\/\/laprensacristiana.com\/?p=10901\" \/>\n<meta property=\"og:site_name\" content=\"La Prensa Cristiana\" \/>\n<meta property=\"article:published_time\" content=\"2020-12-23T00:25:42+00:00\" \/>\n<meta property=\"article:modified_time\" content=\"2020-12-23T00:25:44+00:00\" \/>\n<meta property=\"og:image\" content=\"https:\/\/laprensacristiana.com\/wp-content\/uploads\/2020\/12\/IMG-20201222-WA0022.jpg\" \/>\n\t<meta property=\"og:image:width\" content=\"1032\" \/>\n\t<meta property=\"og:image:height\" content=\"774\" \/>\n\t<meta property=\"og:image:type\" content=\"image\/jpeg\" \/>\n<meta name=\"author\" content=\"EDITOR\" \/>\n<meta name=\"twitter:card\" content=\"summary_large_image\" \/>\n<meta name=\"twitter:label1\" content=\"Escrito por\" \/>\n\t<meta name=\"twitter:data1\" content=\"EDITOR\" \/>\n\t<meta name=\"twitter:label2\" content=\"Tiempo de lectura\" \/>\n\t<meta name=\"twitter:data2\" content=\"1 minuto\" \/>\n<script type=\"application\/ld+json\" class=\"yoast-schema-graph\">{\"@context\":\"https:\/\/schema.org\",\"@graph\":[{\"@type\":\"WebPage\",\"@id\":\"https:\/\/laprensacristiana.com\/?p=10901\",\"url\":\"https:\/\/laprensacristiana.com\/?p=10901\",\"name\":\"Realizan acci\u00f3n de gracias en Alcald\u00eda de San Juan Opico - La Prensa Cristiana\",\"isPartOf\":{\"@id\":\"https:\/\/laprensacristiana.com\/#website\"},\"datePublished\":\"2020-12-23T00:25:42+00:00\",\"dateModified\":\"2020-12-23T00:25:44+00:00\",\"author\":{\"@id\":\"https:\/\/laprensacristiana.com\/#\/schema\/person\/3e7d82c6bfd6b1fa67010f8f7cd5256e\"},\"breadcrumb\":{\"@id\":\"https:\/\/laprensacristiana.com\/?p=10901#breadcrumb\"},\"inLanguage\":\"es\",\"potentialAction\":[{\"@type\":\"ReadAction\",\"target\":[\"https:\/\/laprensacristiana.com\/?p=10901\"]}]},{\"@type\":\"BreadcrumbList\",\"@id\":\"https:\/\/laprensacristiana.com\/?p=10901#breadcrumb\",\"itemListElement\":[{\"@type\":\"ListItem\",\"position\":1,\"name\":\"Portada\",\"item\":\"https:\/\/laprensacristiana.com\/\"},{\"@type\":\"ListItem\",\"position\":2,\"name\":\"Realizan acci\u00f3n de gracias en Alcald\u00eda de San Juan Opico\"}]},{\"@type\":\"WebSite\",\"@id\":\"https:\/\/laprensacristiana.com\/#website\",\"url\":\"https:\/\/laprensacristiana.com\/\",\"name\":\"La Prensa Cristiana\",\"description\":\"Anunciando Las Buenas Nuevas\",\"potentialAction\":[{\"@type\":\"SearchAction\",\"target\":{\"@type\":\"EntryPoint\",\"urlTemplate\":\"https:\/\/laprensacristiana.com\/?s={search_term_string}\"},\"query-input\":\"required name=search_term_string\"}],\"inLanguage\":\"es\"},{\"@type\":\"Person\",\"@id\":\"https:\/\/laprensacristiana.com\/#\/schema\/person\/3e7d82c6bfd6b1fa67010f8f7cd5256e\",\"name\":\"EDITOR\",\"image\":{\"@type\":\"ImageObject\",\"inLanguage\":\"es\",\"@id\":\"https:\/\/laprensacristiana.com\/#\/schema\/person\/image\/\",\"url\":\"https:\/\/secure.gravatar.com\/avatar\/72069dfb6c13772d9e8381e3638666d2?s=96&d=mm&r=g\",\"contentUrl\":\"https:\/\/secure.gravatar.com\/avatar\/72069dfb6c13772d9e8381e3638666d2?s=96&d=mm&r=g\",\"caption\":\"EDITOR\"},\"url\":\"https:\/\/laprensacristiana.com\/?author=3\"}]}<\/script>\n<!-- \/ Yoast SEO plugin. -->","yoast_head_json":{"title":"Realizan acci\u00f3n de gracias en Alcald\u00eda de San Juan Opico - La Prensa Cristiana","robots":{"index":"index","follow":"follow","max-snippet":"max-snippet:-1","max-image-preview":"max-image-preview:large","max-video-preview":"max-video-preview:-1"},"canonical":"https:\/\/laprensacristiana.com\/?p=10901","og_locale":"es_ES","og_type":"article","og_title":"Realizan acci\u00f3n de gracias en Alcald\u00eda de San Juan Opico - La Prensa Cristiana","og_description":"La alcaldia de San Juan Opico realiz\u00f3 un acto de acci\u00f3n de gracias con la Iglesia Evang\u00e9lica del municipio, con mas de 100 Pastores de diferentes denominaciones del Municipio. La Alcaldesa Dra. Abigail Gir\u00f3n manifest\u00f3 que el objetivo de hacer esta acci\u00f3n de gracias es para agradecer a Dios por regalarnos hasta este d\u00eda el [&hellip;]","og_url":"https:\/\/laprensacristiana.com\/?p=10901","og_site_name":"La Prensa Cristiana","article_published_time":"2020-12-23T00:25:42+00:00","article_modified_time":"2020-12-23T00:25:44+00:00","og_image":[{"width":1032,"height":774,"url":"https:\/\/laprensacristiana.com\/wp-content\/uploads\/2020\/12\/IMG-20201222-WA0022.jpg","type":"image\/jpeg"}],"author":"EDITOR","twitter_card":"summary_large_image","twitter_misc":{"Escrito por":"EDITOR","Tiempo de lectura":"1 minuto"},"schema":{"@context":"https:\/\/schema.org","@graph":[{"@type":"WebPage","@id":"https:\/\/laprensacristiana.com\/?p=10901","url":"https:\/\/laprensacristiana.com\/?p=10901","name":"Realizan acci\u00f3n de gracias en Alcald\u00eda de San Juan Opico - La Prensa Cristiana","isPartOf":{"@id":"https:\/\/laprensacristiana.com\/#website"},"datePublished":"2020-12-23T00:25:42+00:00","dateModified":"2020-12-23T00:25:44+00:00","author":{"@id":"https:\/\/laprensacristiana.com\/#\/schema\/person\/3e7d82c6bfd6b1fa67010f8f7cd5256e"},"breadcrumb":{"@id":"https:\/\/laprensacristiana.com\/?p=10901#breadcrumb"},"inLanguage":"es","potentialAction":[{"@type":"ReadAction","target":["https:\/\/laprensacristiana.com\/?p=10901"]}]},{"@type":"BreadcrumbList","@id":"https:\/\/laprensacristiana.com\/?p=10901#breadcrumb","itemListElement":[{"@type":"ListItem","position":1,"name":"Portada","item":"https:\/\/laprensacristiana.com\/"},{"@type":"ListItem","position":2,"name":"Realizan acci\u00f3n de gracias en Alcald\u00eda de San Juan Opico"}]},{"@type":"WebSite","@id":"https:\/\/laprensacristiana.com\/#website","url":"https:\/\/laprensacristiana.com\/","name":"La Prensa Cristiana","description":"Anunciando Las Buenas Nuevas","potentialAction":[{"@type":"SearchAction","target":{"@type":"EntryPoint","urlTemplate":"https:\/\/laprensacristiana.com\/?s={search_term_string}"},"query-input":"required name=search_term_string"}],"inLanguage":"es"},{"@type":"Person","@id":"https:\/\/laprensacristiana.com\/#\/schema\/person\/3e7d82c6bfd6b1fa67010f8f7cd5256e","name":"EDITOR","image":{"@type":"ImageObject","inLanguage":"es","@id":"https:\/\/laprensacristiana.com\/#\/schema\/person\/image\/","url":"https:\/\/secure.gravatar.com\/avatar\/72069dfb6c13772d9e8381e3638666d2?s=96&d=mm&r=g","contentUrl":"https:\/\/secure.gravatar.com\/avatar\/72069dfb6c13772d9e8381e3638666d2?s=96&d=mm&r=g","caption":"EDITOR"},"url":"https:\/\/laprensacristiana.com\/?author=3"}]}},"_links":{"self":[{"href":"https:\/\/laprensacristiana.com\/index.php?rest_route=\/wp\/v2\/posts\/10901"}],"collection":[{"href":"https:\/\/laprensacristiana.com\/index.php?rest_route=\/wp\/v2\/posts"}],"about":[{"href":"https:\/\/laprensacristiana.com\/index.php?rest_route=\/wp\/v2\/types\/post"}],"author":[{"embeddable":true,"href":"https:\/\/laprensacristiana.com\/index.php?rest_route=\/wp\/v2\/users\/3"}],"replies":[{"embeddable":true,"href":"https:\/\/laprensacristiana.com\/index.php?rest_route=%2Fwp%2Fv2%2Fcomments&post=10901"}],"version-history":[{"count":1,"href":"https:\/\/laprensacristiana.com\/index.php?rest_route=\/wp\/v2\/posts\/10901\/revisions"}],"predecessor-version":[{"id":10903,"href":"https:\/\/laprensacristiana.com\/index.php?rest_route=\/wp\/v2\/posts\/10901\/revisions\/10903"}],"wp:featuredmedia":[{"embeddable":true,"href":"https:\/\/laprensacristiana.com\/index.php?rest_route=\/wp\/v2\/media\/10902"}],"wp:attachment":[{"href":"https:\/\/laprensacristiana.com\/index.php?rest_route=%2Fwp%2Fv2%2Fmedia&parent=10901"}],"wp:term":[{"taxonomy":"category","embeddable":true,"href":"https:\/\/laprensacristiana.com\/index.php?rest_route=%2Fwp%2Fv2%2Fcategories&post=10901"},{"taxonomy":"post_tag","embeddable":true,"href":"https:\/\/laprensacristiana.com\/index.php?rest_route=%2Fwp%2Fv2%2Ftags&post=10901"}],"curies":[{"name":"wp","href":"https:\/\/api.w.org\/{rel}","templated":true}]}}