{"id":10908,"date":"2020-12-23T17:00:27","date_gmt":"2020-12-23T17:00:27","guid":{"rendered":"https:\/\/laprensacristiana.com\/?p=10908"},"modified":"2020-12-23T17:00:28","modified_gmt":"2020-12-23T17:00:28","slug":"las-victimas-tienen-voz","status":"publish","type":"post","link":"https:\/\/laprensacristiana.com\/?p=10908","title":{"rendered":"Las v\u00edctimas tienen voz"},"content":{"rendered":"\n<p>Por: Mario Vega | Pastor General Misi\u00f3n Cristiana Elim<\/p>\n\n\n\n<p>La participaci\u00f3n de las v\u00edctimas es clave cuando se trata de establecer medidas de reparaci\u00f3n en casos de graves violaciones a los derechos humanos. El esfuerzo por restituir los derechos violentados no ocurre solo a trav\u00e9s de una indemnizaci\u00f3n o un monumento, sino del di\u00e1logo participativo para que esos elementos se adec\u00faen a las necesidades de las v\u00edctimas. De no ser consultadas, las medidas de reparaci\u00f3n podr\u00edan resultar in\u00fatiles o, en el peor de los casos, una extensi\u00f3n de la victimizaci\u00f3n. Para que la restituci\u00f3n resulte satisfactoria se debe asegurar un espacio incluyente en el cual los afectados puedan ser escuchados y sus perspectivas tomadas en cuenta en el dise\u00f1o de las reparaciones.<\/p>\n\n\n\n<p>Para que eso sea posible los Estados deben asumir una nueva actitud en su relaci\u00f3n con las v\u00edctimas. Los elementos imprescindibles de la nueva actitud son la verificaci\u00f3n de los hechos, el reconocimiento p\u00fablico de la verdad y las sanciones contra los perpetradores. Desde esa nueva perspectiva de desagravio y no de utilizaci\u00f3n, los Estados deben abrir espacios para proporcionar informaci\u00f3n sobre el proceso, afrontar las dificultades, pero tambi\u00e9n escuchar sus percepciones, demandas e ideas que pueden enriquecer y dar m\u00e1s sentido a la reparaci\u00f3n. En ese di\u00e1logo tambi\u00e9n juegan un papel las organizaciones de derechos humanos o abogados representantes de las v\u00edctimas. Ese di\u00e1logo de saberes es fundamental porque, por un lado, permite a los afectados conocer sus derechos, pero por otra, mesurar sus expectativas, porque ellas pueden ser muchas o muy altas y hay que desarrollar un trabajo pedag\u00f3gico en torno a lo posible. Los defensores de derechos humanos participan con su quehacer jur\u00eddico y los afectados con todo el dolor que han tenido que sufrir. Una relaci\u00f3n de respeto, pero nunca de minusval\u00eda hacia las v\u00edctimas.<\/p>\n\n\n\n<p>En un contexto en el que la mayor\u00eda de las veces las cuestiones se deciden en t\u00e9rminos jur\u00eddicos es decisivo escuchar a los protagonistas de los casos, y tambi\u00e9n beneficiarios de la reparaci\u00f3n. Es importante que las v\u00edctimas puedan expresarse para que no sean solo los abogados del sistema los que determinen lo que es aceptable. Mucho menos puede hacerlo el Estado, que es parte en el litigio. Por supuesto que una mayor participaci\u00f3n y conocimiento de las v\u00edctimas representa un reto para el sistema. Pero ese precisamente es el sentido de las reparaciones: que reciban m\u00e1s valor y comprendan la importancia que tiene su actuaci\u00f3n directa. Eso las hace menos indefensas y las anima a tomar iniciativas propias. Por su parte, el Estado puede percibir la realidad de modo muy distinto cuando finalmente conoce a quienes han experimentado las violaciones. Los hechos inhumanos nunca vuelven a ser los mismos cuando se los ve en compa\u00f1\u00eda de quienes los sufrieron.<\/p>\n\n\n\n<p>El criterio de las reparaciones nunca debe ser el inter\u00e9s inmediato de los gobernantes sino el impacto de las medidas en el propio proceso de rehabilitaci\u00f3n de las v\u00edctimas. Si bien la reparaci\u00f3n es responsabilidad del Estado, ser\u00eda un exceso de soberbia pretender saber y decidir por s\u00ed mismo lo que resarcir\u00e1 a los afectados. Es su deber abrir el espacio para que las v\u00edctimas participen desde una posici\u00f3n activa en su propio proceso de retomar el control de sus vidas. La reparaci\u00f3n debe estar a la altura del impacto de las violaciones. Una reparaci\u00f3n que no escucha la voz de las v\u00edctimas pierde f\u00e1cilmente su sentido<\/p>\n","protected":false},"excerpt":{"rendered":"<p>Por: Mario Vega | Pastor General Misi\u00f3n Cristiana Elim La participaci\u00f3n de las v\u00edctimas es clave cuando se trata de establecer medidas de reparaci\u00f3n en casos de graves violaciones a los derechos humanos. El esfuerzo por restituir los derechos violentados no ocurre solo a trav\u00e9s de una indemnizaci\u00f3n o un monumento, sino del di\u00e1logo participativo [&hellip;]<\/p>\n","protected":false},"author":3,"featured_media":6072,"comment_status":"open","ping_status":"open","sticky":false,"template":"","format":"standard","meta":[],"categories":[23],"tags":[],"yoast_head":"<!-- This site is optimized with the Yoast SEO plugin v20.8 - https:\/\/yoast.com\/wordpress\/plugins\/seo\/ -->\n<title>Las v\u00edctimas tienen voz - La Prensa Cristiana<\/title>\n<meta name=\"robots\" content=\"index, follow, max-snippet:-1, max-image-preview:large, max-video-preview:-1\" \/>\n<link rel=\"canonical\" href=\"https:\/\/laprensacristiana.com\/?p=10908\" \/>\n<meta property=\"og:locale\" content=\"es_ES\" \/>\n<meta property=\"og:type\" content=\"article\" \/>\n<meta property=\"og:title\" content=\"Las v\u00edctimas tienen voz - La Prensa Cristiana\" \/>\n<meta property=\"og:description\" content=\"Por: Mario Vega | Pastor General Misi\u00f3n Cristiana Elim La participaci\u00f3n de las v\u00edctimas es clave cuando se trata de establecer medidas de reparaci\u00f3n en casos de graves violaciones a los derechos humanos. El esfuerzo por restituir los derechos violentados no ocurre solo a trav\u00e9s de una indemnizaci\u00f3n o un monumento, sino del di\u00e1logo participativo [&hellip;]\" \/>\n<meta property=\"og:url\" content=\"https:\/\/laprensacristiana.com\/?p=10908\" \/>\n<meta property=\"og:site_name\" content=\"La Prensa Cristiana\" \/>\n<meta property=\"article:published_time\" content=\"2020-12-23T17:00:27+00:00\" \/>\n<meta property=\"article:modified_time\" content=\"2020-12-23T17:00:28+00:00\" \/>\n<meta property=\"og:image\" content=\"https:\/\/laprensacristiana.com\/wp-content\/uploads\/2019\/06\/OPINION-01-scaled.jpg\" \/>\n\t<meta property=\"og:image:width\" content=\"2560\" \/>\n\t<meta property=\"og:image:height\" content=\"1429\" \/>\n\t<meta property=\"og:image:type\" content=\"image\/jpeg\" \/>\n<meta name=\"author\" content=\"EDITOR\" \/>\n<meta name=\"twitter:card\" content=\"summary_large_image\" \/>\n<meta name=\"twitter:label1\" content=\"Escrito por\" \/>\n\t<meta name=\"twitter:data1\" content=\"EDITOR\" \/>\n\t<meta name=\"twitter:label2\" content=\"Tiempo de lectura\" \/>\n\t<meta name=\"twitter:data2\" content=\"3 minutos\" \/>\n<script type=\"application\/ld+json\" class=\"yoast-schema-graph\">{\"@context\":\"https:\/\/schema.org\",\"@graph\":[{\"@type\":\"WebPage\",\"@id\":\"https:\/\/laprensacristiana.com\/?p=10908\",\"url\":\"https:\/\/laprensacristiana.com\/?p=10908\",\"name\":\"Las v\u00edctimas tienen voz - La Prensa Cristiana\",\"isPartOf\":{\"@id\":\"https:\/\/laprensacristiana.com\/#website\"},\"datePublished\":\"2020-12-23T17:00:27+00:00\",\"dateModified\":\"2020-12-23T17:00:28+00:00\",\"author\":{\"@id\":\"https:\/\/laprensacristiana.com\/#\/schema\/person\/3e7d82c6bfd6b1fa67010f8f7cd5256e\"},\"breadcrumb\":{\"@id\":\"https:\/\/laprensacristiana.com\/?p=10908#breadcrumb\"},\"inLanguage\":\"es\",\"potentialAction\":[{\"@type\":\"ReadAction\",\"target\":[\"https:\/\/laprensacristiana.com\/?p=10908\"]}]},{\"@type\":\"BreadcrumbList\",\"@id\":\"https:\/\/laprensacristiana.com\/?p=10908#breadcrumb\",\"itemListElement\":[{\"@type\":\"ListItem\",\"position\":1,\"name\":\"Portada\",\"item\":\"https:\/\/laprensacristiana.com\/\"},{\"@type\":\"ListItem\",\"position\":2,\"name\":\"Las v\u00edctimas tienen voz\"}]},{\"@type\":\"WebSite\",\"@id\":\"https:\/\/laprensacristiana.com\/#website\",\"url\":\"https:\/\/laprensacristiana.com\/\",\"name\":\"La Prensa Cristiana\",\"description\":\"Anunciando Las Buenas Nuevas\",\"potentialAction\":[{\"@type\":\"SearchAction\",\"target\":{\"@type\":\"EntryPoint\",\"urlTemplate\":\"https:\/\/laprensacristiana.com\/?s={search_term_string}\"},\"query-input\":\"required name=search_term_string\"}],\"inLanguage\":\"es\"},{\"@type\":\"Person\",\"@id\":\"https:\/\/laprensacristiana.com\/#\/schema\/person\/3e7d82c6bfd6b1fa67010f8f7cd5256e\",\"name\":\"EDITOR\",\"image\":{\"@type\":\"ImageObject\",\"inLanguage\":\"es\",\"@id\":\"https:\/\/laprensacristiana.com\/#\/schema\/person\/image\/\",\"url\":\"https:\/\/secure.gravatar.com\/avatar\/72069dfb6c13772d9e8381e3638666d2?s=96&d=mm&r=g\",\"contentUrl\":\"https:\/\/secure.gravatar.com\/avatar\/72069dfb6c13772d9e8381e3638666d2?s=96&d=mm&r=g\",\"caption\":\"EDITOR\"},\"url\":\"https:\/\/laprensacristiana.com\/?author=3\"}]}<\/script>\n<!-- \/ Yoast SEO plugin. -->","yoast_head_json":{"title":"Las v\u00edctimas tienen voz - La Prensa Cristiana","robots":{"index":"index","follow":"follow","max-snippet":"max-snippet:-1","max-image-preview":"max-image-preview:large","max-video-preview":"max-video-preview:-1"},"canonical":"https:\/\/laprensacristiana.com\/?p=10908","og_locale":"es_ES","og_type":"article","og_title":"Las v\u00edctimas tienen voz - La Prensa Cristiana","og_description":"Por: Mario Vega | Pastor General Misi\u00f3n Cristiana Elim La participaci\u00f3n de las v\u00edctimas es clave cuando se trata de establecer medidas de reparaci\u00f3n en casos de graves violaciones a los derechos humanos. El esfuerzo por restituir los derechos violentados no ocurre solo a trav\u00e9s de una indemnizaci\u00f3n o un monumento, sino del di\u00e1logo participativo [&hellip;]","og_url":"https:\/\/laprensacristiana.com\/?p=10908","og_site_name":"La Prensa Cristiana","article_published_time":"2020-12-23T17:00:27+00:00","article_modified_time":"2020-12-23T17:00:28+00:00","og_image":[{"width":2560,"height":1429,"url":"https:\/\/laprensacristiana.com\/wp-content\/uploads\/2019\/06\/OPINION-01-scaled.jpg","type":"image\/jpeg"}],"author":"EDITOR","twitter_card":"summary_large_image","twitter_misc":{"Escrito por":"EDITOR","Tiempo de lectura":"3 minutos"},"schema":{"@context":"https:\/\/schema.org","@graph":[{"@type":"WebPage","@id":"https:\/\/laprensacristiana.com\/?p=10908","url":"https:\/\/laprensacristiana.com\/?p=10908","name":"Las v\u00edctimas tienen voz - La Prensa Cristiana","isPartOf":{"@id":"https:\/\/laprensacristiana.com\/#website"},"datePublished":"2020-12-23T17:00:27+00:00","dateModified":"2020-12-23T17:00:28+00:00","author":{"@id":"https:\/\/laprensacristiana.com\/#\/schema\/person\/3e7d82c6bfd6b1fa67010f8f7cd5256e"},"breadcrumb":{"@id":"https:\/\/laprensacristiana.com\/?p=10908#breadcrumb"},"inLanguage":"es","potentialAction":[{"@type":"ReadAction","target":["https:\/\/laprensacristiana.com\/?p=10908"]}]},{"@type":"BreadcrumbList","@id":"https:\/\/laprensacristiana.com\/?p=10908#breadcrumb","itemListElement":[{"@type":"ListItem","position":1,"name":"Portada","item":"https:\/\/laprensacristiana.com\/"},{"@type":"ListItem","position":2,"name":"Las v\u00edctimas tienen voz"}]},{"@type":"WebSite","@id":"https:\/\/laprensacristiana.com\/#website","url":"https:\/\/laprensacristiana.com\/","name":"La Prensa Cristiana","description":"Anunciando Las Buenas Nuevas","potentialAction":[{"@type":"SearchAction","target":{"@type":"EntryPoint","urlTemplate":"https:\/\/laprensacristiana.com\/?s={search_term_string}"},"query-input":"required name=search_term_string"}],"inLanguage":"es"},{"@type":"Person","@id":"https:\/\/laprensacristiana.com\/#\/schema\/person\/3e7d82c6bfd6b1fa67010f8f7cd5256e","name":"EDITOR","image":{"@type":"ImageObject","inLanguage":"es","@id":"https:\/\/laprensacristiana.com\/#\/schema\/person\/image\/","url":"https:\/\/secure.gravatar.com\/avatar\/72069dfb6c13772d9e8381e3638666d2?s=96&d=mm&r=g","contentUrl":"https:\/\/secure.gravatar.com\/avatar\/72069dfb6c13772d9e8381e3638666d2?s=96&d=mm&r=g","caption":"EDITOR"},"url":"https:\/\/laprensacristiana.com\/?author=3"}]}},"_links":{"self":[{"href":"https:\/\/laprensacristiana.com\/index.php?rest_route=\/wp\/v2\/posts\/10908"}],"collection":[{"href":"https:\/\/laprensacristiana.com\/index.php?rest_route=\/wp\/v2\/posts"}],"about":[{"href":"https:\/\/laprensacristiana.com\/index.php?rest_route=\/wp\/v2\/types\/post"}],"author":[{"embeddable":true,"href":"https:\/\/laprensacristiana.com\/index.php?rest_route=\/wp\/v2\/users\/3"}],"replies":[{"embeddable":true,"href":"https:\/\/laprensacristiana.com\/index.php?rest_route=%2Fwp%2Fv2%2Fcomments&post=10908"}],"version-history":[{"count":1,"href":"https:\/\/laprensacristiana.com\/index.php?rest_route=\/wp\/v2\/posts\/10908\/revisions"}],"predecessor-version":[{"id":10909,"href":"https:\/\/laprensacristiana.com\/index.php?rest_route=\/wp\/v2\/posts\/10908\/revisions\/10909"}],"wp:featuredmedia":[{"embeddable":true,"href":"https:\/\/laprensacristiana.com\/index.php?rest_route=\/wp\/v2\/media\/6072"}],"wp:attachment":[{"href":"https:\/\/laprensacristiana.com\/index.php?rest_route=%2Fwp%2Fv2%2Fmedia&parent=10908"}],"wp:term":[{"taxonomy":"category","embeddable":true,"href":"https:\/\/laprensacristiana.com\/index.php?rest_route=%2Fwp%2Fv2%2Fcategories&post=10908"},{"taxonomy":"post_tag","embeddable":true,"href":"https:\/\/laprensacristiana.com\/index.php?rest_route=%2Fwp%2Fv2%2Ftags&post=10908"}],"curies":[{"name":"wp","href":"https:\/\/api.w.org\/{rel}","templated":true}]}}