{"id":10921,"date":"2020-12-28T22:22:09","date_gmt":"2020-12-28T22:22:09","guid":{"rendered":"https:\/\/laprensacristiana.com\/?p=10921"},"modified":"2020-12-28T22:22:10","modified_gmt":"2020-12-28T22:22:10","slug":"almohadas-de-piedra","status":"publish","type":"post","link":"https:\/\/laprensacristiana.com\/?p=10921","title":{"rendered":"Almohadas de piedra"},"content":{"rendered":"\n<p>G\u00e9nesis 28:18 \u201cY se levant\u00f3 Jacob muy de ma\u00f1ana, y tom\u00f3 la piedra que hab\u00eda puesto de cabecera\u2026\u201d<\/p>\n\n\n\n<p>Creo que no hay nada m\u00e1s duro que dormir en una cama dura. Algunas veces en alguno de mis viajes a predicar fuera de mi casa he tenido que dormir en alg\u00fan lugar con camas tan duras que no es posible dormir bien. Amanece uno con dolor de espalda, huesos y con un malestar f\u00edsico que cuesta empezar el d\u00eda.<\/p>\n\n\n\n<p>\u00bfSe imaginan dormir con la cabeza puesta toda la noche sobre una almohada de piedra? Jacob sufri\u00f3 ese problema. Y ten\u00eda razones de sobra para que su almohada fuera de piedra. No sab\u00eda hacia donde iba cuando iba huyendo de su hermano Esau. No sab\u00eda qu\u00e9 le deparar\u00eda el destino una vez cruzara la frontera hacia el otro lado. Iba a encontrarse con familiares que nunca hab\u00eda conocido. Esa noche, nuestro amigo Jacob no pudo dormir bien porque la incertidumbre del d\u00eda siguiente lo atormentaba tanto que me imagino pas\u00f3 la noche en vela tratando de hablar con el Dios de su padre Isaac. Seguramente se pas\u00f3 la noche con su cabeza recostada sobre su almohada de piedra haciendo un resumen de lo que hab\u00eda sucedido d\u00edas antes en su casa con respecto a la bendici\u00f3n del padre. Parec\u00eda que esa bendici\u00f3n no era tal sino todo lo contrario, ya que hab\u00eda tenido que salir huyendo de su airado hermano y buscar refugio en otro lugar.<\/p>\n\n\n\n<p>\u00bfC\u00f3mo es que una bendici\u00f3n puede apartarnos de nuestros seres queridos? \u00bfC\u00f3mo es posible que una sencilla oraci\u00f3n de un padre moribundo pod\u00eda despertar tantos problemas en su vida -quiz\u00e1 pensaba Jacob-? Si recibir una bendici\u00f3n significaba salir huyendo, dormir a campo abierto con una almohada de piedra, sufrir el exilio y abandonar el hogar, entonces no se sabe qu\u00e9 pensar.<\/p>\n\n\n\n<p>Es posible que usted haya tenido que dormir algunas noches sobre una almohada de piedra. Quiz\u00e1 el matrimonio que debi\u00f3 ser una bendici\u00f3n se convirti\u00f3 en un tormento de celos, pleitos y contiendas. Tal vez su trabajo no le rinde lo suficiente para cancelar sus deudas y ahora cada noche duerme sobre una piedra por almohada dando vueltas y vueltas en su cama sin poder dormir a gusto. O la duda si el negocio que har\u00e1 al d\u00eda siguiente lo atormenta. O si la decisi\u00f3n que tiene que tomar no le deja tranquilo.<\/p>\n\n\n\n<p>Normalmente, cuando a uno le ofrecen un negocio la frase conocida es: \u201cCons\u00faltelo con la almohada\u201d. Pero \u00bfy si la almohada es tan dura como una piedra? Lo mejor es hacer lo que hizo nuestro amigo Jacob: \u201cY se levant\u00f3 Jacob muy de ma\u00f1ana, y tom\u00f3 la piedra que hab\u00eda puesto de cabecera. Entonces hizo Jacob un voto, diciendo: Si Dios est\u00e1 conmigo y me guarda en este camino en que voy, y me da alimento para comer y ropa para vestir\u2026 entonces el SE\u00d1OR ser\u00e1 mi Dios\u201d<\/p>\n","protected":false},"excerpt":{"rendered":"<p>G\u00e9nesis 28:18 \u201cY se levant\u00f3 Jacob muy de ma\u00f1ana, y tom\u00f3 la piedra que hab\u00eda puesto de cabecera\u2026\u201d Creo que no hay nada m\u00e1s duro que dormir en una cama dura. Algunas veces en alguno de mis viajes a predicar fuera de mi casa he tenido que dormir en alg\u00fan lugar con camas tan duras [&hellip;]<\/p>\n","protected":false},"author":3,"featured_media":10751,"comment_status":"open","ping_status":"open","sticky":false,"template":"","format":"standard","meta":[],"categories":[36],"tags":[],"yoast_head":"<!-- This site is optimized with the Yoast SEO plugin v20.8 - https:\/\/yoast.com\/wordpress\/plugins\/seo\/ -->\n<title>Almohadas de piedra - La Prensa Cristiana<\/title>\n<meta name=\"robots\" content=\"index, follow, max-snippet:-1, max-image-preview:large, max-video-preview:-1\" \/>\n<link rel=\"canonical\" href=\"https:\/\/laprensacristiana.com\/?p=10921\" \/>\n<meta property=\"og:locale\" content=\"es_ES\" \/>\n<meta property=\"og:type\" content=\"article\" \/>\n<meta property=\"og:title\" content=\"Almohadas de piedra - La Prensa Cristiana\" \/>\n<meta property=\"og:description\" content=\"G\u00e9nesis 28:18 \u201cY se levant\u00f3 Jacob muy de ma\u00f1ana, y tom\u00f3 la piedra que hab\u00eda puesto de cabecera\u2026\u201d Creo que no hay nada m\u00e1s duro que dormir en una cama dura. Algunas veces en alguno de mis viajes a predicar fuera de mi casa he tenido que dormir en alg\u00fan lugar con camas tan duras [&hellip;]\" \/>\n<meta property=\"og:url\" content=\"https:\/\/laprensacristiana.com\/?p=10921\" \/>\n<meta property=\"og:site_name\" content=\"La Prensa Cristiana\" \/>\n<meta property=\"article:published_time\" content=\"2020-12-28T22:22:09+00:00\" \/>\n<meta property=\"article:modified_time\" content=\"2020-12-28T22:22:10+00:00\" \/>\n<meta property=\"og:image\" content=\"https:\/\/laprensacristiana.com\/wp-content\/uploads\/2020\/12\/IMG_20201130_091029_337.jpg\" \/>\n\t<meta property=\"og:image:width\" content=\"1280\" \/>\n\t<meta property=\"og:image:height\" content=\"714\" \/>\n\t<meta property=\"og:image:type\" content=\"image\/jpeg\" \/>\n<meta name=\"author\" content=\"EDITOR\" \/>\n<meta name=\"twitter:card\" content=\"summary_large_image\" \/>\n<meta name=\"twitter:label1\" content=\"Escrito por\" \/>\n\t<meta name=\"twitter:data1\" content=\"EDITOR\" \/>\n\t<meta name=\"twitter:label2\" content=\"Tiempo de lectura\" \/>\n\t<meta name=\"twitter:data2\" content=\"3 minutos\" \/>\n<script type=\"application\/ld+json\" class=\"yoast-schema-graph\">{\"@context\":\"https:\/\/schema.org\",\"@graph\":[{\"@type\":\"WebPage\",\"@id\":\"https:\/\/laprensacristiana.com\/?p=10921\",\"url\":\"https:\/\/laprensacristiana.com\/?p=10921\",\"name\":\"Almohadas de piedra - La Prensa Cristiana\",\"isPartOf\":{\"@id\":\"https:\/\/laprensacristiana.com\/#website\"},\"datePublished\":\"2020-12-28T22:22:09+00:00\",\"dateModified\":\"2020-12-28T22:22:10+00:00\",\"author\":{\"@id\":\"https:\/\/laprensacristiana.com\/#\/schema\/person\/3e7d82c6bfd6b1fa67010f8f7cd5256e\"},\"breadcrumb\":{\"@id\":\"https:\/\/laprensacristiana.com\/?p=10921#breadcrumb\"},\"inLanguage\":\"es\",\"potentialAction\":[{\"@type\":\"ReadAction\",\"target\":[\"https:\/\/laprensacristiana.com\/?p=10921\"]}]},{\"@type\":\"BreadcrumbList\",\"@id\":\"https:\/\/laprensacristiana.com\/?p=10921#breadcrumb\",\"itemListElement\":[{\"@type\":\"ListItem\",\"position\":1,\"name\":\"Portada\",\"item\":\"https:\/\/laprensacristiana.com\/\"},{\"@type\":\"ListItem\",\"position\":2,\"name\":\"Almohadas de piedra\"}]},{\"@type\":\"WebSite\",\"@id\":\"https:\/\/laprensacristiana.com\/#website\",\"url\":\"https:\/\/laprensacristiana.com\/\",\"name\":\"La Prensa Cristiana\",\"description\":\"Anunciando Las Buenas Nuevas\",\"potentialAction\":[{\"@type\":\"SearchAction\",\"target\":{\"@type\":\"EntryPoint\",\"urlTemplate\":\"https:\/\/laprensacristiana.com\/?s={search_term_string}\"},\"query-input\":\"required name=search_term_string\"}],\"inLanguage\":\"es\"},{\"@type\":\"Person\",\"@id\":\"https:\/\/laprensacristiana.com\/#\/schema\/person\/3e7d82c6bfd6b1fa67010f8f7cd5256e\",\"name\":\"EDITOR\",\"image\":{\"@type\":\"ImageObject\",\"inLanguage\":\"es\",\"@id\":\"https:\/\/laprensacristiana.com\/#\/schema\/person\/image\/\",\"url\":\"https:\/\/secure.gravatar.com\/avatar\/72069dfb6c13772d9e8381e3638666d2?s=96&d=mm&r=g\",\"contentUrl\":\"https:\/\/secure.gravatar.com\/avatar\/72069dfb6c13772d9e8381e3638666d2?s=96&d=mm&r=g\",\"caption\":\"EDITOR\"},\"url\":\"https:\/\/laprensacristiana.com\/?author=3\"}]}<\/script>\n<!-- \/ Yoast SEO plugin. -->","yoast_head_json":{"title":"Almohadas de piedra - La Prensa Cristiana","robots":{"index":"index","follow":"follow","max-snippet":"max-snippet:-1","max-image-preview":"max-image-preview:large","max-video-preview":"max-video-preview:-1"},"canonical":"https:\/\/laprensacristiana.com\/?p=10921","og_locale":"es_ES","og_type":"article","og_title":"Almohadas de piedra - La Prensa Cristiana","og_description":"G\u00e9nesis 28:18 \u201cY se levant\u00f3 Jacob muy de ma\u00f1ana, y tom\u00f3 la piedra que hab\u00eda puesto de cabecera\u2026\u201d Creo que no hay nada m\u00e1s duro que dormir en una cama dura. Algunas veces en alguno de mis viajes a predicar fuera de mi casa he tenido que dormir en alg\u00fan lugar con camas tan duras [&hellip;]","og_url":"https:\/\/laprensacristiana.com\/?p=10921","og_site_name":"La Prensa Cristiana","article_published_time":"2020-12-28T22:22:09+00:00","article_modified_time":"2020-12-28T22:22:10+00:00","og_image":[{"width":1280,"height":714,"url":"https:\/\/laprensacristiana.com\/wp-content\/uploads\/2020\/12\/IMG_20201130_091029_337.jpg","type":"image\/jpeg"}],"author":"EDITOR","twitter_card":"summary_large_image","twitter_misc":{"Escrito por":"EDITOR","Tiempo de lectura":"3 minutos"},"schema":{"@context":"https:\/\/schema.org","@graph":[{"@type":"WebPage","@id":"https:\/\/laprensacristiana.com\/?p=10921","url":"https:\/\/laprensacristiana.com\/?p=10921","name":"Almohadas de piedra - La Prensa Cristiana","isPartOf":{"@id":"https:\/\/laprensacristiana.com\/#website"},"datePublished":"2020-12-28T22:22:09+00:00","dateModified":"2020-12-28T22:22:10+00:00","author":{"@id":"https:\/\/laprensacristiana.com\/#\/schema\/person\/3e7d82c6bfd6b1fa67010f8f7cd5256e"},"breadcrumb":{"@id":"https:\/\/laprensacristiana.com\/?p=10921#breadcrumb"},"inLanguage":"es","potentialAction":[{"@type":"ReadAction","target":["https:\/\/laprensacristiana.com\/?p=10921"]}]},{"@type":"BreadcrumbList","@id":"https:\/\/laprensacristiana.com\/?p=10921#breadcrumb","itemListElement":[{"@type":"ListItem","position":1,"name":"Portada","item":"https:\/\/laprensacristiana.com\/"},{"@type":"ListItem","position":2,"name":"Almohadas de piedra"}]},{"@type":"WebSite","@id":"https:\/\/laprensacristiana.com\/#website","url":"https:\/\/laprensacristiana.com\/","name":"La Prensa Cristiana","description":"Anunciando Las Buenas Nuevas","potentialAction":[{"@type":"SearchAction","target":{"@type":"EntryPoint","urlTemplate":"https:\/\/laprensacristiana.com\/?s={search_term_string}"},"query-input":"required name=search_term_string"}],"inLanguage":"es"},{"@type":"Person","@id":"https:\/\/laprensacristiana.com\/#\/schema\/person\/3e7d82c6bfd6b1fa67010f8f7cd5256e","name":"EDITOR","image":{"@type":"ImageObject","inLanguage":"es","@id":"https:\/\/laprensacristiana.com\/#\/schema\/person\/image\/","url":"https:\/\/secure.gravatar.com\/avatar\/72069dfb6c13772d9e8381e3638666d2?s=96&d=mm&r=g","contentUrl":"https:\/\/secure.gravatar.com\/avatar\/72069dfb6c13772d9e8381e3638666d2?s=96&d=mm&r=g","caption":"EDITOR"},"url":"https:\/\/laprensacristiana.com\/?author=3"}]}},"_links":{"self":[{"href":"https:\/\/laprensacristiana.com\/index.php?rest_route=\/wp\/v2\/posts\/10921"}],"collection":[{"href":"https:\/\/laprensacristiana.com\/index.php?rest_route=\/wp\/v2\/posts"}],"about":[{"href":"https:\/\/laprensacristiana.com\/index.php?rest_route=\/wp\/v2\/types\/post"}],"author":[{"embeddable":true,"href":"https:\/\/laprensacristiana.com\/index.php?rest_route=\/wp\/v2\/users\/3"}],"replies":[{"embeddable":true,"href":"https:\/\/laprensacristiana.com\/index.php?rest_route=%2Fwp%2Fv2%2Fcomments&post=10921"}],"version-history":[{"count":1,"href":"https:\/\/laprensacristiana.com\/index.php?rest_route=\/wp\/v2\/posts\/10921\/revisions"}],"predecessor-version":[{"id":10922,"href":"https:\/\/laprensacristiana.com\/index.php?rest_route=\/wp\/v2\/posts\/10921\/revisions\/10922"}],"wp:featuredmedia":[{"embeddable":true,"href":"https:\/\/laprensacristiana.com\/index.php?rest_route=\/wp\/v2\/media\/10751"}],"wp:attachment":[{"href":"https:\/\/laprensacristiana.com\/index.php?rest_route=%2Fwp%2Fv2%2Fmedia&parent=10921"}],"wp:term":[{"taxonomy":"category","embeddable":true,"href":"https:\/\/laprensacristiana.com\/index.php?rest_route=%2Fwp%2Fv2%2Fcategories&post=10921"},{"taxonomy":"post_tag","embeddable":true,"href":"https:\/\/laprensacristiana.com\/index.php?rest_route=%2Fwp%2Fv2%2Ftags&post=10921"}],"curies":[{"name":"wp","href":"https:\/\/api.w.org\/{rel}","templated":true}]}}