{"id":10925,"date":"2020-12-29T15:32:25","date_gmt":"2020-12-29T15:32:25","guid":{"rendered":"https:\/\/laprensacristiana.com\/?p=10925"},"modified":"2020-12-29T15:32:26","modified_gmt":"2020-12-29T15:32:26","slug":"la-escuela-del-ano-2020","status":"publish","type":"post","link":"https:\/\/laprensacristiana.com\/?p=10925","title":{"rendered":"La escuela del a\u00f1o 2020"},"content":{"rendered":"\n<p>Es en la situaci\u00f3n que se vive, que Pap\u00e1 Dios cambia el coraz\u00f3n.<br>\u00a1Un d\u00eda a la vez! \u00a1Dios tiene el control! \u00a1No pasa nada!. \u00a1Ya no tengo tiempo para perder el tiempo!, son frases que me escuchas decirte, pero se hacen vida cuando en realidad aprendemos a aplicarlas en nuestra vida cotidiana; y, es hasta entonces que comenzamos a disfrutar sin afanes la aventura hermosa llamada \u201cvida\u201d, la cual es el Don m\u00e1s bello que Pap\u00e1 Dios nos regala cada ma\u00f1ana que estrenamos misericordias, aun cuando cometemos errores.<br>Sentada en la peque\u00f1a terraza de mi casa, a primera hora de la ma\u00f1ana donde platico con Pap\u00e1 Dios con mi cafecito en mano y escuchando el canto de los pajaritos, comenc\u00e9 a hacer remembranza de todo este a\u00f1o y fue as\u00ed que me dispuse a escribirte estas l\u00edneas para que juntos compartamos este cafecito.<br>Querido lector cada a\u00f1o comenzamos con mucho entusiasmo, esperanzas, metas, planes, hacemos agenda entre tantas otras cosas que nos disponemos hacer y es v\u00e1lido hacerlo y trabajar con \u00edmpetu en ellas para que sucedan.<br>En medio de todo lo vivido este a\u00f1o, en lo personal he aprendido que esas frases que ocupo a cada momento, debo hacerlas vida en mi vida primero, pidiendo cada ma\u00f1ana a Pap\u00e1 la misericordia, ya que cada d\u00eda me equivoco y cometo muchos errores.<br>Cuando he estado en mis procesos de los cuales te he compartido en los 21 cafecitos de mi libro \u201cordenando los juguetes tirados\u201d, muchas lindas personas en sus palabras de aliento me dec\u00edan que Dios era misericordioso, que de una a una me iba a ir sacando; no te voy a negar que de repente me enojaba escuchar eso, me \u201cconmiseraba\u201d, me \u201cpobrecitiaba\u201d, porque no entend\u00eda que si Pap\u00e1 era tan \u201cmisericordioso\u201d como me dec\u00edan, porque permit\u00eda todo lo que estaba viviendo en mi vida. Fue entonces que un d\u00eda de tanto pensar, como suelo decir hasta en \u201cla inmortalidad del cangrejo\u201d, queriendo seg\u00fan \u201cYo\u201d solucionar las cosas, me pregunt\u00e9: \u00bfQu\u00e9 har\u00eda Jes\u00fas?<br>La respuesta de Pap\u00e1 amorosamente no se hizo esperar y, en medio de toda la situaci\u00f3n compleja, comenc\u00e9 a sentir una ansiedad envuelta en necesidad de ir a visitar hospitales de ni\u00f1os y de personas con c\u00e1ncer, orfanatos, ni\u00f1os en diferentes comunidades en alto riesgo de violencia, tal como hab\u00eda aprendido en mi anterior trabajo secular, asilos, a personas que estaban en las calles sin hogar, atender personas en alcoholismo y drogadicci\u00f3n, aprendido de mi propia familia, mujeres que est\u00e1n en situaci\u00f3n de violencia dom\u00e9stica aprendido tambi\u00e9n de mi propia experiencia y de otro de mis trabajos seculares, apoyar el deporte en los j\u00f3venes de comunidades alto riesgo, entre otras acciones, cada vez m\u00e1s y m\u00e1s se me presentaba la oportunidad de hacerlo y en esos momentos estaba en una de mis peores etapas de escases econ\u00f3mica y fue as\u00ed que comenc\u00e9 a entender que todo le pertenec\u00eda a Pap\u00e1, que de \u00c9l y para \u00c9l son todas las cosas, que quien era Yo para preocuparme por el c\u00f3mo voy hacer, fue as\u00ed que me dispuse solamente hacerlo y vivir un d\u00eda a la vez, sin afanes, pero esforz\u00e1ndome, siendo valiente y entendida que es \u00c9l quien tiene el control y que ya no ten\u00eda tiempo para perder el tiempo.<br>Mis brazos serv\u00edan para llevar el abrazo de Jes\u00fas y no rechazo, mis ojos para ver con compasi\u00f3n y no con critica, mi boca para dar una palabra de aliento y no para juzgar al otro, mis pies para caminar hacia el necesitado y no para alejarme del camino, y mi coraz\u00f3n para amar sin hacer excepci\u00f3n de personas, o sea Pap\u00e1 me hizo entender que ten\u00eda que despojarme del \u201cYo\u201d y fue que entend\u00ed lo que era la misericordia de Dios, porque aprend\u00ed a verlo en los dem\u00e1s, en efecto \u00e9l ha tenido misericordia de m\u00ed, porque hasta este d\u00eda es \u00c9l quien me ha sostenido y es esa la raz\u00f3n de mi pasi\u00f3n para hacer lo que hago, no por vanagloria, sino porque en ese momento s\u00e9 que es a Jes\u00fas a quien abrazo y ese es un privilegio para m\u00ed. Al hacerlo estoy con la fe firme que todo lo dem\u00e1s viene en a\u00f1adidura y hasta este d\u00eda as\u00ed ha sido.<br>En la escuela de este a\u00f1o 2020 que hemos vivido todos sin excepci\u00f3n, cada quien ha realizado su propio examen de vida para pasar al a\u00f1o 2021, ya que hemos vivido un a\u00f1o diferente, pero de mucho aprendizaje, quiz\u00e1 solo pude realizar un diez por ciento de todo el trabajo ministerial que ten\u00eda en mi \u201cagenda personal\u201d; pero, Pap\u00e1 ya ten\u00eda la agenda del 2020 para m\u00ed, y era el poder servirle a trav\u00e9s de mi trabajo secular, d\u00e1ndome a m\u00ed misma en medio de toda la tensi\u00f3n vivida y que a\u00fan se vive, teniendo que estar lista con inteligencia emocional a los cambios para despojarme una vez m\u00e1s del \u201cYo\u201d y dejar a un lado, mis sentimientos de estados de miedo, cansancio y soledad, para ello primero pap\u00e1 ten\u00eda que haberme hecho fuerte antes, para hoy tener la fuerza de decir que Dios sigue en control de todo, que no tengamos miedo, que no estamos solos, que la vida es el Don m\u00e1s bello que nos ha regalado y que el amor nunca deja de SER.<br>Un nuevo cap\u00edtulo del libro de nuestras vidas est\u00e1 por escribirse este a\u00f1o 2021, con la lecci\u00f3n aprendida que la agenda la dirige Pap\u00e1 y que, en cada meta que me disponga a realizar y encuentre una dificultad, me volver\u00e9 hacer esta pregunta: \u00bfQu\u00e9 har\u00eda Jes\u00fas?<br>Las dificultades que vivimos hoy, son solamente lecciones aprendidas que nos ense\u00f1an y estimulan la esperanza de vivir un futuro pr\u00f3spero,<br>Te deseo lo suficiente para el a\u00f1o 2021<br>\u00a1Un abrazo!<br>Claudia Guill\u00e9n<br>Escritora del libro<br>\u201cOrdenando los juguetes tirados\u201d<br>Columnista de la Prensa Cristiana y<br>Otros medios digitales.<\/p>\n\n\n\n<p>#UnD\u00edaALaVez<\/p>\n\n\n\n<p>#NoPasaNada<\/p>\n\n\n\n<p>#Qu\u00e9Har\u00edaJes\u00fas<\/p>\n\n\n\n<p>#YaNoTengoTiempoParaPerderElTiempo<\/p>\n\n\n\n<p>EditorDZ<\/p>\n\n\n\n<h1 class=\"wp-block-heading\"><\/h1>\n","protected":false},"excerpt":{"rendered":"<p>Es en la situaci\u00f3n que se vive, que Pap\u00e1 Dios cambia el coraz\u00f3n.\u00a1Un d\u00eda a la vez! \u00a1Dios tiene el control! \u00a1No pasa nada!. \u00a1Ya no tengo tiempo para perder el tiempo!, son frases que me escuchas decirte, pero se hacen vida cuando en realidad aprendemos a aplicarlas en nuestra vida cotidiana; y, es hasta [&hellip;]<\/p>\n","protected":false},"author":3,"featured_media":6649,"comment_status":"open","ping_status":"open","sticky":false,"template":"","format":"standard","meta":[],"categories":[71],"tags":[],"yoast_head":"<!-- This site is optimized with the Yoast SEO plugin v20.8 - https:\/\/yoast.com\/wordpress\/plugins\/seo\/ -->\n<title>La escuela del a\u00f1o 2020 - La Prensa Cristiana<\/title>\n<meta name=\"robots\" content=\"index, follow, max-snippet:-1, max-image-preview:large, max-video-preview:-1\" \/>\n<link rel=\"canonical\" href=\"https:\/\/laprensacristiana.com\/?p=10925\" \/>\n<meta property=\"og:locale\" content=\"es_ES\" \/>\n<meta property=\"og:type\" content=\"article\" \/>\n<meta property=\"og:title\" content=\"La escuela del a\u00f1o 2020 - La Prensa Cristiana\" \/>\n<meta property=\"og:description\" content=\"Es en la situaci\u00f3n que se vive, que Pap\u00e1 Dios cambia el coraz\u00f3n.\u00a1Un d\u00eda a la vez! \u00a1Dios tiene el control! \u00a1No pasa nada!. \u00a1Ya no tengo tiempo para perder el tiempo!, son frases que me escuchas decirte, pero se hacen vida cuando en realidad aprendemos a aplicarlas en nuestra vida cotidiana; y, es hasta [&hellip;]\" \/>\n<meta property=\"og:url\" content=\"https:\/\/laprensacristiana.com\/?p=10925\" \/>\n<meta property=\"og:site_name\" content=\"La Prensa Cristiana\" \/>\n<meta property=\"article:published_time\" content=\"2020-12-29T15:32:25+00:00\" \/>\n<meta property=\"article:modified_time\" content=\"2020-12-29T15:32:26+00:00\" \/>\n<meta property=\"og:image\" content=\"https:\/\/laprensacristiana.com\/wp-content\/uploads\/2019\/09\/WhatsApp-Image-2019-09-20-at-10.11.58.jpeg\" \/>\n\t<meta property=\"og:image:width\" content=\"1280\" \/>\n\t<meta property=\"og:image:height\" content=\"647\" \/>\n\t<meta property=\"og:image:type\" content=\"image\/jpeg\" \/>\n<meta name=\"author\" content=\"EDITOR\" \/>\n<meta name=\"twitter:card\" content=\"summary_large_image\" \/>\n<meta name=\"twitter:label1\" content=\"Escrito por\" \/>\n\t<meta name=\"twitter:data1\" content=\"EDITOR\" \/>\n\t<meta name=\"twitter:label2\" content=\"Tiempo de lectura\" \/>\n\t<meta name=\"twitter:data2\" content=\"5 minutos\" \/>\n<script type=\"application\/ld+json\" class=\"yoast-schema-graph\">{\"@context\":\"https:\/\/schema.org\",\"@graph\":[{\"@type\":\"WebPage\",\"@id\":\"https:\/\/laprensacristiana.com\/?p=10925\",\"url\":\"https:\/\/laprensacristiana.com\/?p=10925\",\"name\":\"La escuela del a\u00f1o 2020 - La Prensa Cristiana\",\"isPartOf\":{\"@id\":\"https:\/\/laprensacristiana.com\/#website\"},\"datePublished\":\"2020-12-29T15:32:25+00:00\",\"dateModified\":\"2020-12-29T15:32:26+00:00\",\"author\":{\"@id\":\"https:\/\/laprensacristiana.com\/#\/schema\/person\/3e7d82c6bfd6b1fa67010f8f7cd5256e\"},\"breadcrumb\":{\"@id\":\"https:\/\/laprensacristiana.com\/?p=10925#breadcrumb\"},\"inLanguage\":\"es\",\"potentialAction\":[{\"@type\":\"ReadAction\",\"target\":[\"https:\/\/laprensacristiana.com\/?p=10925\"]}]},{\"@type\":\"BreadcrumbList\",\"@id\":\"https:\/\/laprensacristiana.com\/?p=10925#breadcrumb\",\"itemListElement\":[{\"@type\":\"ListItem\",\"position\":1,\"name\":\"Portada\",\"item\":\"https:\/\/laprensacristiana.com\/\"},{\"@type\":\"ListItem\",\"position\":2,\"name\":\"La escuela del a\u00f1o 2020\"}]},{\"@type\":\"WebSite\",\"@id\":\"https:\/\/laprensacristiana.com\/#website\",\"url\":\"https:\/\/laprensacristiana.com\/\",\"name\":\"La Prensa Cristiana\",\"description\":\"Anunciando Las Buenas Nuevas\",\"potentialAction\":[{\"@type\":\"SearchAction\",\"target\":{\"@type\":\"EntryPoint\",\"urlTemplate\":\"https:\/\/laprensacristiana.com\/?s={search_term_string}\"},\"query-input\":\"required name=search_term_string\"}],\"inLanguage\":\"es\"},{\"@type\":\"Person\",\"@id\":\"https:\/\/laprensacristiana.com\/#\/schema\/person\/3e7d82c6bfd6b1fa67010f8f7cd5256e\",\"name\":\"EDITOR\",\"image\":{\"@type\":\"ImageObject\",\"inLanguage\":\"es\",\"@id\":\"https:\/\/laprensacristiana.com\/#\/schema\/person\/image\/\",\"url\":\"https:\/\/secure.gravatar.com\/avatar\/72069dfb6c13772d9e8381e3638666d2?s=96&d=mm&r=g\",\"contentUrl\":\"https:\/\/secure.gravatar.com\/avatar\/72069dfb6c13772d9e8381e3638666d2?s=96&d=mm&r=g\",\"caption\":\"EDITOR\"},\"url\":\"https:\/\/laprensacristiana.com\/?author=3\"}]}<\/script>\n<!-- \/ Yoast SEO plugin. -->","yoast_head_json":{"title":"La escuela del a\u00f1o 2020 - La Prensa Cristiana","robots":{"index":"index","follow":"follow","max-snippet":"max-snippet:-1","max-image-preview":"max-image-preview:large","max-video-preview":"max-video-preview:-1"},"canonical":"https:\/\/laprensacristiana.com\/?p=10925","og_locale":"es_ES","og_type":"article","og_title":"La escuela del a\u00f1o 2020 - La Prensa Cristiana","og_description":"Es en la situaci\u00f3n que se vive, que Pap\u00e1 Dios cambia el coraz\u00f3n.\u00a1Un d\u00eda a la vez! \u00a1Dios tiene el control! \u00a1No pasa nada!. \u00a1Ya no tengo tiempo para perder el tiempo!, son frases que me escuchas decirte, pero se hacen vida cuando en realidad aprendemos a aplicarlas en nuestra vida cotidiana; y, es hasta [&hellip;]","og_url":"https:\/\/laprensacristiana.com\/?p=10925","og_site_name":"La Prensa Cristiana","article_published_time":"2020-12-29T15:32:25+00:00","article_modified_time":"2020-12-29T15:32:26+00:00","og_image":[{"width":1280,"height":647,"url":"https:\/\/laprensacristiana.com\/wp-content\/uploads\/2019\/09\/WhatsApp-Image-2019-09-20-at-10.11.58.jpeg","type":"image\/jpeg"}],"author":"EDITOR","twitter_card":"summary_large_image","twitter_misc":{"Escrito por":"EDITOR","Tiempo de lectura":"5 minutos"},"schema":{"@context":"https:\/\/schema.org","@graph":[{"@type":"WebPage","@id":"https:\/\/laprensacristiana.com\/?p=10925","url":"https:\/\/laprensacristiana.com\/?p=10925","name":"La escuela del a\u00f1o 2020 - La Prensa Cristiana","isPartOf":{"@id":"https:\/\/laprensacristiana.com\/#website"},"datePublished":"2020-12-29T15:32:25+00:00","dateModified":"2020-12-29T15:32:26+00:00","author":{"@id":"https:\/\/laprensacristiana.com\/#\/schema\/person\/3e7d82c6bfd6b1fa67010f8f7cd5256e"},"breadcrumb":{"@id":"https:\/\/laprensacristiana.com\/?p=10925#breadcrumb"},"inLanguage":"es","potentialAction":[{"@type":"ReadAction","target":["https:\/\/laprensacristiana.com\/?p=10925"]}]},{"@type":"BreadcrumbList","@id":"https:\/\/laprensacristiana.com\/?p=10925#breadcrumb","itemListElement":[{"@type":"ListItem","position":1,"name":"Portada","item":"https:\/\/laprensacristiana.com\/"},{"@type":"ListItem","position":2,"name":"La escuela del a\u00f1o 2020"}]},{"@type":"WebSite","@id":"https:\/\/laprensacristiana.com\/#website","url":"https:\/\/laprensacristiana.com\/","name":"La Prensa Cristiana","description":"Anunciando Las Buenas Nuevas","potentialAction":[{"@type":"SearchAction","target":{"@type":"EntryPoint","urlTemplate":"https:\/\/laprensacristiana.com\/?s={search_term_string}"},"query-input":"required name=search_term_string"}],"inLanguage":"es"},{"@type":"Person","@id":"https:\/\/laprensacristiana.com\/#\/schema\/person\/3e7d82c6bfd6b1fa67010f8f7cd5256e","name":"EDITOR","image":{"@type":"ImageObject","inLanguage":"es","@id":"https:\/\/laprensacristiana.com\/#\/schema\/person\/image\/","url":"https:\/\/secure.gravatar.com\/avatar\/72069dfb6c13772d9e8381e3638666d2?s=96&d=mm&r=g","contentUrl":"https:\/\/secure.gravatar.com\/avatar\/72069dfb6c13772d9e8381e3638666d2?s=96&d=mm&r=g","caption":"EDITOR"},"url":"https:\/\/laprensacristiana.com\/?author=3"}]}},"_links":{"self":[{"href":"https:\/\/laprensacristiana.com\/index.php?rest_route=\/wp\/v2\/posts\/10925"}],"collection":[{"href":"https:\/\/laprensacristiana.com\/index.php?rest_route=\/wp\/v2\/posts"}],"about":[{"href":"https:\/\/laprensacristiana.com\/index.php?rest_route=\/wp\/v2\/types\/post"}],"author":[{"embeddable":true,"href":"https:\/\/laprensacristiana.com\/index.php?rest_route=\/wp\/v2\/users\/3"}],"replies":[{"embeddable":true,"href":"https:\/\/laprensacristiana.com\/index.php?rest_route=%2Fwp%2Fv2%2Fcomments&post=10925"}],"version-history":[{"count":1,"href":"https:\/\/laprensacristiana.com\/index.php?rest_route=\/wp\/v2\/posts\/10925\/revisions"}],"predecessor-version":[{"id":10926,"href":"https:\/\/laprensacristiana.com\/index.php?rest_route=\/wp\/v2\/posts\/10925\/revisions\/10926"}],"wp:featuredmedia":[{"embeddable":true,"href":"https:\/\/laprensacristiana.com\/index.php?rest_route=\/wp\/v2\/media\/6649"}],"wp:attachment":[{"href":"https:\/\/laprensacristiana.com\/index.php?rest_route=%2Fwp%2Fv2%2Fmedia&parent=10925"}],"wp:term":[{"taxonomy":"category","embeddable":true,"href":"https:\/\/laprensacristiana.com\/index.php?rest_route=%2Fwp%2Fv2%2Fcategories&post=10925"},{"taxonomy":"post_tag","embeddable":true,"href":"https:\/\/laprensacristiana.com\/index.php?rest_route=%2Fwp%2Fv2%2Ftags&post=10925"}],"curies":[{"name":"wp","href":"https:\/\/api.w.org\/{rel}","templated":true}]}}