{"id":10938,"date":"2020-12-31T23:09:45","date_gmt":"2020-12-31T23:09:45","guid":{"rendered":"https:\/\/laprensacristiana.com\/?p=10938"},"modified":"2020-12-31T23:09:46","modified_gmt":"2020-12-31T23:09:46","slug":"entre-el-ocaso-y-el-alba","status":"publish","type":"post","link":"https:\/\/laprensacristiana.com\/?p=10938","title":{"rendered":"Entre el ocaso y el alba"},"content":{"rendered":"\n<p><br>Lleg\u00f3 el 31 de diciembre, es el final de un ciclo, pero tambi\u00e9n el principio de otro y que tiempo m\u00e1s trascendental.<br>Ha sido un a\u00f1o en el cual hemos interpretado las cosas de manera distinta, en plena depencia de Dios, con un entorno distante de estar en control humano, pero seguros que estamos en las manos del Rey de Reyes y Se\u00f1or de Se\u00f1ores.<br>Es momento de agradecer a Dios, debemos ver el porvenir de manera propositiva, presentando delante de Dios nuestra causa, so\u00f1ando grandes sue\u00f1os, siempre perseverando en la convicci\u00f3n de fe cristiana que representa el creer en Jesucristo para que seas salvo t\u00fa y tu casa.<br>Gracias a mi familia: mi esposa, mi mam\u00e1, hijos y hermanas que en los momentos m\u00e1s complejos han sido un puente para sobreponerme de cualquier vicisitud.<br>Gracias a Iglesia Kemuel: todos los lideres, servidores, a las personas que se est\u00e1n congregando f\u00edsicamente, a quienes han estado en l\u00ednea durante todo este a\u00f1o pendientes de las ense\u00f1anzas y de las oraciones.<br>Gracias al Grupo de Pastores y Ministerios Pr\u00f3ximo Paso: por el engranaje de cada consiervo que con esfuerzo y denuedo han estado empujando el avance del evangelio desde su trinchera, y aun es los tiempos m\u00e1s complejos de la pandemia no desmayaron para concatenarnos y hacer el bien al pr\u00f3jimo.<br>No podemos entrar al 2021 cargando pesos innecesarios o circunstancias que no nos suman, estamos en cuenta regresiva y ahora comenzamos este nuevo tiempo. Tenemos mucho que concebir por nuestro pa\u00eds El Salvador, \u00a1Feliz A\u00f1o Nuevo!, sigamos haciendo siempre lo que Dios nos ha enviado a hacer.<br>\u201cYo s\u00e9 los planes que tengo para ustedes, planes para su bienestar y no para su mal, a fin de darles un futuro lleno de esperanza. Yo, el Se\u00f1or lo afirmo.\u201d Jerem\u00edas 29:11 (DHH)<\/p>\n","protected":false},"excerpt":{"rendered":"<p>Lleg\u00f3 el 31 de diciembre, es el final de un ciclo, pero tambi\u00e9n el principio de otro y que tiempo m\u00e1s trascendental.Ha sido un a\u00f1o en el cual hemos interpretado las cosas de manera distinta, en plena depencia de Dios, con un entorno distante de estar en control humano, pero seguros que estamos en las [&hellip;]<\/p>\n","protected":false},"author":3,"featured_media":9965,"comment_status":"open","ping_status":"open","sticky":false,"template":"","format":"standard","meta":[],"categories":[23],"tags":[],"yoast_head":"<!-- This site is optimized with the Yoast SEO plugin v20.8 - https:\/\/yoast.com\/wordpress\/plugins\/seo\/ -->\n<title>Entre el ocaso y el alba - La Prensa Cristiana<\/title>\n<meta name=\"robots\" content=\"index, follow, max-snippet:-1, max-image-preview:large, max-video-preview:-1\" \/>\n<link rel=\"canonical\" href=\"https:\/\/laprensacristiana.com\/?p=10938\" \/>\n<meta property=\"og:locale\" content=\"es_ES\" \/>\n<meta property=\"og:type\" content=\"article\" \/>\n<meta property=\"og:title\" content=\"Entre el ocaso y el alba - La Prensa Cristiana\" \/>\n<meta property=\"og:description\" content=\"Lleg\u00f3 el 31 de diciembre, es el final de un ciclo, pero tambi\u00e9n el principio de otro y que tiempo m\u00e1s trascendental.Ha sido un a\u00f1o en el cual hemos interpretado las cosas de manera distinta, en plena depencia de Dios, con un entorno distante de estar en control humano, pero seguros que estamos en las [&hellip;]\" \/>\n<meta property=\"og:url\" content=\"https:\/\/laprensacristiana.com\/?p=10938\" \/>\n<meta property=\"og:site_name\" content=\"La Prensa Cristiana\" \/>\n<meta property=\"article:published_time\" content=\"2020-12-31T23:09:45+00:00\" \/>\n<meta property=\"article:modified_time\" content=\"2020-12-31T23:09:46+00:00\" \/>\n<meta property=\"og:image\" content=\"https:\/\/laprensacristiana.com\/wp-content\/uploads\/2020\/08\/IMG-20200806-WA0055.jpg\" \/>\n\t<meta property=\"og:image:width\" content=\"776\" \/>\n\t<meta property=\"og:image:height\" content=\"393\" \/>\n\t<meta property=\"og:image:type\" content=\"image\/jpeg\" \/>\n<meta name=\"author\" content=\"EDITOR\" \/>\n<meta name=\"twitter:card\" content=\"summary_large_image\" \/>\n<meta name=\"twitter:label1\" content=\"Escrito por\" \/>\n\t<meta name=\"twitter:data1\" content=\"EDITOR\" \/>\n\t<meta name=\"twitter:label2\" content=\"Tiempo de lectura\" \/>\n\t<meta name=\"twitter:data2\" content=\"2 minutos\" \/>\n<script type=\"application\/ld+json\" class=\"yoast-schema-graph\">{\"@context\":\"https:\/\/schema.org\",\"@graph\":[{\"@type\":\"WebPage\",\"@id\":\"https:\/\/laprensacristiana.com\/?p=10938\",\"url\":\"https:\/\/laprensacristiana.com\/?p=10938\",\"name\":\"Entre el ocaso y el alba - La Prensa Cristiana\",\"isPartOf\":{\"@id\":\"https:\/\/laprensacristiana.com\/#website\"},\"datePublished\":\"2020-12-31T23:09:45+00:00\",\"dateModified\":\"2020-12-31T23:09:46+00:00\",\"author\":{\"@id\":\"https:\/\/laprensacristiana.com\/#\/schema\/person\/3e7d82c6bfd6b1fa67010f8f7cd5256e\"},\"breadcrumb\":{\"@id\":\"https:\/\/laprensacristiana.com\/?p=10938#breadcrumb\"},\"inLanguage\":\"es\",\"potentialAction\":[{\"@type\":\"ReadAction\",\"target\":[\"https:\/\/laprensacristiana.com\/?p=10938\"]}]},{\"@type\":\"BreadcrumbList\",\"@id\":\"https:\/\/laprensacristiana.com\/?p=10938#breadcrumb\",\"itemListElement\":[{\"@type\":\"ListItem\",\"position\":1,\"name\":\"Portada\",\"item\":\"https:\/\/laprensacristiana.com\/\"},{\"@type\":\"ListItem\",\"position\":2,\"name\":\"Entre el ocaso y el alba\"}]},{\"@type\":\"WebSite\",\"@id\":\"https:\/\/laprensacristiana.com\/#website\",\"url\":\"https:\/\/laprensacristiana.com\/\",\"name\":\"La Prensa Cristiana\",\"description\":\"Anunciando Las Buenas Nuevas\",\"potentialAction\":[{\"@type\":\"SearchAction\",\"target\":{\"@type\":\"EntryPoint\",\"urlTemplate\":\"https:\/\/laprensacristiana.com\/?s={search_term_string}\"},\"query-input\":\"required name=search_term_string\"}],\"inLanguage\":\"es\"},{\"@type\":\"Person\",\"@id\":\"https:\/\/laprensacristiana.com\/#\/schema\/person\/3e7d82c6bfd6b1fa67010f8f7cd5256e\",\"name\":\"EDITOR\",\"image\":{\"@type\":\"ImageObject\",\"inLanguage\":\"es\",\"@id\":\"https:\/\/laprensacristiana.com\/#\/schema\/person\/image\/\",\"url\":\"https:\/\/secure.gravatar.com\/avatar\/72069dfb6c13772d9e8381e3638666d2?s=96&d=mm&r=g\",\"contentUrl\":\"https:\/\/secure.gravatar.com\/avatar\/72069dfb6c13772d9e8381e3638666d2?s=96&d=mm&r=g\",\"caption\":\"EDITOR\"},\"url\":\"https:\/\/laprensacristiana.com\/?author=3\"}]}<\/script>\n<!-- \/ Yoast SEO plugin. -->","yoast_head_json":{"title":"Entre el ocaso y el alba - La Prensa Cristiana","robots":{"index":"index","follow":"follow","max-snippet":"max-snippet:-1","max-image-preview":"max-image-preview:large","max-video-preview":"max-video-preview:-1"},"canonical":"https:\/\/laprensacristiana.com\/?p=10938","og_locale":"es_ES","og_type":"article","og_title":"Entre el ocaso y el alba - La Prensa Cristiana","og_description":"Lleg\u00f3 el 31 de diciembre, es el final de un ciclo, pero tambi\u00e9n el principio de otro y que tiempo m\u00e1s trascendental.Ha sido un a\u00f1o en el cual hemos interpretado las cosas de manera distinta, en plena depencia de Dios, con un entorno distante de estar en control humano, pero seguros que estamos en las [&hellip;]","og_url":"https:\/\/laprensacristiana.com\/?p=10938","og_site_name":"La Prensa Cristiana","article_published_time":"2020-12-31T23:09:45+00:00","article_modified_time":"2020-12-31T23:09:46+00:00","og_image":[{"width":776,"height":393,"url":"https:\/\/laprensacristiana.com\/wp-content\/uploads\/2020\/08\/IMG-20200806-WA0055.jpg","type":"image\/jpeg"}],"author":"EDITOR","twitter_card":"summary_large_image","twitter_misc":{"Escrito por":"EDITOR","Tiempo de lectura":"2 minutos"},"schema":{"@context":"https:\/\/schema.org","@graph":[{"@type":"WebPage","@id":"https:\/\/laprensacristiana.com\/?p=10938","url":"https:\/\/laprensacristiana.com\/?p=10938","name":"Entre el ocaso y el alba - La Prensa Cristiana","isPartOf":{"@id":"https:\/\/laprensacristiana.com\/#website"},"datePublished":"2020-12-31T23:09:45+00:00","dateModified":"2020-12-31T23:09:46+00:00","author":{"@id":"https:\/\/laprensacristiana.com\/#\/schema\/person\/3e7d82c6bfd6b1fa67010f8f7cd5256e"},"breadcrumb":{"@id":"https:\/\/laprensacristiana.com\/?p=10938#breadcrumb"},"inLanguage":"es","potentialAction":[{"@type":"ReadAction","target":["https:\/\/laprensacristiana.com\/?p=10938"]}]},{"@type":"BreadcrumbList","@id":"https:\/\/laprensacristiana.com\/?p=10938#breadcrumb","itemListElement":[{"@type":"ListItem","position":1,"name":"Portada","item":"https:\/\/laprensacristiana.com\/"},{"@type":"ListItem","position":2,"name":"Entre el ocaso y el alba"}]},{"@type":"WebSite","@id":"https:\/\/laprensacristiana.com\/#website","url":"https:\/\/laprensacristiana.com\/","name":"La Prensa Cristiana","description":"Anunciando Las Buenas Nuevas","potentialAction":[{"@type":"SearchAction","target":{"@type":"EntryPoint","urlTemplate":"https:\/\/laprensacristiana.com\/?s={search_term_string}"},"query-input":"required name=search_term_string"}],"inLanguage":"es"},{"@type":"Person","@id":"https:\/\/laprensacristiana.com\/#\/schema\/person\/3e7d82c6bfd6b1fa67010f8f7cd5256e","name":"EDITOR","image":{"@type":"ImageObject","inLanguage":"es","@id":"https:\/\/laprensacristiana.com\/#\/schema\/person\/image\/","url":"https:\/\/secure.gravatar.com\/avatar\/72069dfb6c13772d9e8381e3638666d2?s=96&d=mm&r=g","contentUrl":"https:\/\/secure.gravatar.com\/avatar\/72069dfb6c13772d9e8381e3638666d2?s=96&d=mm&r=g","caption":"EDITOR"},"url":"https:\/\/laprensacristiana.com\/?author=3"}]}},"_links":{"self":[{"href":"https:\/\/laprensacristiana.com\/index.php?rest_route=\/wp\/v2\/posts\/10938"}],"collection":[{"href":"https:\/\/laprensacristiana.com\/index.php?rest_route=\/wp\/v2\/posts"}],"about":[{"href":"https:\/\/laprensacristiana.com\/index.php?rest_route=\/wp\/v2\/types\/post"}],"author":[{"embeddable":true,"href":"https:\/\/laprensacristiana.com\/index.php?rest_route=\/wp\/v2\/users\/3"}],"replies":[{"embeddable":true,"href":"https:\/\/laprensacristiana.com\/index.php?rest_route=%2Fwp%2Fv2%2Fcomments&post=10938"}],"version-history":[{"count":1,"href":"https:\/\/laprensacristiana.com\/index.php?rest_route=\/wp\/v2\/posts\/10938\/revisions"}],"predecessor-version":[{"id":10939,"href":"https:\/\/laprensacristiana.com\/index.php?rest_route=\/wp\/v2\/posts\/10938\/revisions\/10939"}],"wp:featuredmedia":[{"embeddable":true,"href":"https:\/\/laprensacristiana.com\/index.php?rest_route=\/wp\/v2\/media\/9965"}],"wp:attachment":[{"href":"https:\/\/laprensacristiana.com\/index.php?rest_route=%2Fwp%2Fv2%2Fmedia&parent=10938"}],"wp:term":[{"taxonomy":"category","embeddable":true,"href":"https:\/\/laprensacristiana.com\/index.php?rest_route=%2Fwp%2Fv2%2Fcategories&post=10938"},{"taxonomy":"post_tag","embeddable":true,"href":"https:\/\/laprensacristiana.com\/index.php?rest_route=%2Fwp%2Fv2%2Ftags&post=10938"}],"curies":[{"name":"wp","href":"https:\/\/api.w.org\/{rel}","templated":true}]}}