{"id":10943,"date":"2021-01-01T15:38:23","date_gmt":"2021-01-01T15:38:23","guid":{"rendered":"https:\/\/laprensacristiana.com\/?p=10943"},"modified":"2021-01-01T15:38:25","modified_gmt":"2021-01-01T15:38:25","slug":"agradecidos","status":"publish","type":"post","link":"https:\/\/laprensacristiana.com\/?p=10943","title":{"rendered":"Agradecidos"},"content":{"rendered":"\n<p>1 Cr\u00f3nicas 15:21 \u201c\u2026y Matat\u00edas\u2026 Obed-edom\u2026, para dirigir con liras templadas para el seminit\u201d<\/p>\n\n\n\n<p>\u00bfRecuerdan a Obed Edom? Fue un granjero que viv\u00eda cerca del camino en donde el Arca de Dios fulmin\u00f3 a Uza por haberla tocado imprudentemente, y fue en su casa en donde David decidi\u00f3 dejarla mientras arreglaba el asunto. \u00bfQu\u00e9 sucedi\u00f3 en la casa de Obed Edom mientras David regresaba por ella? Por tres meses fue prosperado en toda su casa. Obed Edom y su familia fueron grandemente bendecidos de tal manera que conocieron de primera mano al Dios de Israel y que ellos tuvieron la dicha de haber hospedado en su humilde hogar.<\/p>\n\n\n\n<p>Pero Obed Edom y su familia ya no fueron los mismos despu\u00e9s de esa Visitaci\u00f3n. Fueron tocados de tal manera que cuando David regresa por el Arca de Dios para llevarla a su destino final, Obed Edom y su familia no quisieron quedarse en su lugar. Abandonaron su casa, sus terrenos y ganados y tomaron la decisi\u00f3n de seguir al Arca que tanto los hab\u00eda bendecido y en agradecimiento se entregaron totalmente a su servicio. Perm\u00edtanme imaginar este di\u00e1logo: \u201cRey, no podemos quedarnos en nuestro hogar sin hacer algo por devolver el favor inmerecido que el Se\u00f1or ha tenido para con nosotros. Perm\u00edtannos seguirle a usted y al Arca para ser sus servidores\u201d<\/p>\n\n\n\n<p>David, entonces, que tambi\u00e9n era un hombre agradecido con Dios, los tom\u00f3 en cuenta para que fueran parte de los servidores continuos en el Tabern\u00e1culo que \u00e9l levant\u00f3 para su amado Dios. Y es as\u00ed que encontramos a Obed Edom y su familia siendo parte de los m\u00fasicos, alabadores y servidores del Dios que los hab\u00eda bendecido. La Biblia nos dice: 1 Cr\u00f3nicas 16:38 \u201cy a Obed-edom con sus sesenta y ocho parientes\u2026como porteros\u201d<\/p>\n\n\n\n<p>\u00bfQue les parece? Creo que nos falta mucho para ser realmente agradecidos con nuestro Se\u00f1or que tanto bien nos ha hecho y dejar todo por servirlo. Obed Edom y su familia nos dan una c\u00e1tedra de como devolver al Se\u00f1or un poco de todo lo que nos ha dado. Si el Arca ha llegado a nuestras vidas, lo menos que debemos hacer es ponernos a su servicio en cualquier \u00e1rea que \u00e9l quiera ponernos. Sea m\u00fasicos o simples porteros\u2026<\/p>\n","protected":false},"excerpt":{"rendered":"<p>1 Cr\u00f3nicas 15:21 \u201c\u2026y Matat\u00edas\u2026 Obed-edom\u2026, para dirigir con liras templadas para el seminit\u201d \u00bfRecuerdan a Obed Edom? Fue un granjero que viv\u00eda cerca del camino en donde el Arca de Dios fulmin\u00f3 a Uza por haberla tocado imprudentemente, y fue en su casa en donde David decidi\u00f3 dejarla mientras arreglaba el asunto. \u00bfQu\u00e9 sucedi\u00f3 [&hellip;]<\/p>\n","protected":false},"author":3,"featured_media":10751,"comment_status":"open","ping_status":"open","sticky":false,"template":"","format":"standard","meta":[],"categories":[36],"tags":[],"yoast_head":"<!-- This site is optimized with the Yoast SEO plugin v20.8 - https:\/\/yoast.com\/wordpress\/plugins\/seo\/ -->\n<title>Agradecidos - La Prensa Cristiana<\/title>\n<meta name=\"robots\" content=\"index, follow, max-snippet:-1, max-image-preview:large, max-video-preview:-1\" \/>\n<link rel=\"canonical\" href=\"https:\/\/laprensacristiana.com\/?p=10943\" \/>\n<meta property=\"og:locale\" content=\"es_ES\" \/>\n<meta property=\"og:type\" content=\"article\" \/>\n<meta property=\"og:title\" content=\"Agradecidos - La Prensa Cristiana\" \/>\n<meta property=\"og:description\" content=\"1 Cr\u00f3nicas 15:21 \u201c\u2026y Matat\u00edas\u2026 Obed-edom\u2026, para dirigir con liras templadas para el seminit\u201d \u00bfRecuerdan a Obed Edom? Fue un granjero que viv\u00eda cerca del camino en donde el Arca de Dios fulmin\u00f3 a Uza por haberla tocado imprudentemente, y fue en su casa en donde David decidi\u00f3 dejarla mientras arreglaba el asunto. \u00bfQu\u00e9 sucedi\u00f3 [&hellip;]\" \/>\n<meta property=\"og:url\" content=\"https:\/\/laprensacristiana.com\/?p=10943\" \/>\n<meta property=\"og:site_name\" content=\"La Prensa Cristiana\" \/>\n<meta property=\"article:published_time\" content=\"2021-01-01T15:38:23+00:00\" \/>\n<meta property=\"article:modified_time\" content=\"2021-01-01T15:38:25+00:00\" \/>\n<meta property=\"og:image\" content=\"https:\/\/laprensacristiana.com\/wp-content\/uploads\/2020\/12\/IMG_20201130_091029_337.jpg\" \/>\n\t<meta property=\"og:image:width\" content=\"1280\" \/>\n\t<meta property=\"og:image:height\" content=\"714\" \/>\n\t<meta property=\"og:image:type\" content=\"image\/jpeg\" \/>\n<meta name=\"author\" content=\"EDITOR\" \/>\n<meta name=\"twitter:card\" content=\"summary_large_image\" \/>\n<meta name=\"twitter:label1\" content=\"Escrito por\" \/>\n\t<meta name=\"twitter:data1\" content=\"EDITOR\" \/>\n\t<meta name=\"twitter:label2\" content=\"Tiempo de lectura\" \/>\n\t<meta name=\"twitter:data2\" content=\"2 minutos\" \/>\n<script type=\"application\/ld+json\" class=\"yoast-schema-graph\">{\"@context\":\"https:\/\/schema.org\",\"@graph\":[{\"@type\":\"WebPage\",\"@id\":\"https:\/\/laprensacristiana.com\/?p=10943\",\"url\":\"https:\/\/laprensacristiana.com\/?p=10943\",\"name\":\"Agradecidos - La Prensa Cristiana\",\"isPartOf\":{\"@id\":\"https:\/\/laprensacristiana.com\/#website\"},\"datePublished\":\"2021-01-01T15:38:23+00:00\",\"dateModified\":\"2021-01-01T15:38:25+00:00\",\"author\":{\"@id\":\"https:\/\/laprensacristiana.com\/#\/schema\/person\/3e7d82c6bfd6b1fa67010f8f7cd5256e\"},\"breadcrumb\":{\"@id\":\"https:\/\/laprensacristiana.com\/?p=10943#breadcrumb\"},\"inLanguage\":\"es\",\"potentialAction\":[{\"@type\":\"ReadAction\",\"target\":[\"https:\/\/laprensacristiana.com\/?p=10943\"]}]},{\"@type\":\"BreadcrumbList\",\"@id\":\"https:\/\/laprensacristiana.com\/?p=10943#breadcrumb\",\"itemListElement\":[{\"@type\":\"ListItem\",\"position\":1,\"name\":\"Portada\",\"item\":\"https:\/\/laprensacristiana.com\/\"},{\"@type\":\"ListItem\",\"position\":2,\"name\":\"Agradecidos\"}]},{\"@type\":\"WebSite\",\"@id\":\"https:\/\/laprensacristiana.com\/#website\",\"url\":\"https:\/\/laprensacristiana.com\/\",\"name\":\"La Prensa Cristiana\",\"description\":\"Anunciando Las Buenas Nuevas\",\"potentialAction\":[{\"@type\":\"SearchAction\",\"target\":{\"@type\":\"EntryPoint\",\"urlTemplate\":\"https:\/\/laprensacristiana.com\/?s={search_term_string}\"},\"query-input\":\"required name=search_term_string\"}],\"inLanguage\":\"es\"},{\"@type\":\"Person\",\"@id\":\"https:\/\/laprensacristiana.com\/#\/schema\/person\/3e7d82c6bfd6b1fa67010f8f7cd5256e\",\"name\":\"EDITOR\",\"image\":{\"@type\":\"ImageObject\",\"inLanguage\":\"es\",\"@id\":\"https:\/\/laprensacristiana.com\/#\/schema\/person\/image\/\",\"url\":\"https:\/\/secure.gravatar.com\/avatar\/72069dfb6c13772d9e8381e3638666d2?s=96&d=mm&r=g\",\"contentUrl\":\"https:\/\/secure.gravatar.com\/avatar\/72069dfb6c13772d9e8381e3638666d2?s=96&d=mm&r=g\",\"caption\":\"EDITOR\"},\"url\":\"https:\/\/laprensacristiana.com\/?author=3\"}]}<\/script>\n<!-- \/ Yoast SEO plugin. -->","yoast_head_json":{"title":"Agradecidos - La Prensa Cristiana","robots":{"index":"index","follow":"follow","max-snippet":"max-snippet:-1","max-image-preview":"max-image-preview:large","max-video-preview":"max-video-preview:-1"},"canonical":"https:\/\/laprensacristiana.com\/?p=10943","og_locale":"es_ES","og_type":"article","og_title":"Agradecidos - La Prensa Cristiana","og_description":"1 Cr\u00f3nicas 15:21 \u201c\u2026y Matat\u00edas\u2026 Obed-edom\u2026, para dirigir con liras templadas para el seminit\u201d \u00bfRecuerdan a Obed Edom? Fue un granjero que viv\u00eda cerca del camino en donde el Arca de Dios fulmin\u00f3 a Uza por haberla tocado imprudentemente, y fue en su casa en donde David decidi\u00f3 dejarla mientras arreglaba el asunto. \u00bfQu\u00e9 sucedi\u00f3 [&hellip;]","og_url":"https:\/\/laprensacristiana.com\/?p=10943","og_site_name":"La Prensa Cristiana","article_published_time":"2021-01-01T15:38:23+00:00","article_modified_time":"2021-01-01T15:38:25+00:00","og_image":[{"width":1280,"height":714,"url":"https:\/\/laprensacristiana.com\/wp-content\/uploads\/2020\/12\/IMG_20201130_091029_337.jpg","type":"image\/jpeg"}],"author":"EDITOR","twitter_card":"summary_large_image","twitter_misc":{"Escrito por":"EDITOR","Tiempo de lectura":"2 minutos"},"schema":{"@context":"https:\/\/schema.org","@graph":[{"@type":"WebPage","@id":"https:\/\/laprensacristiana.com\/?p=10943","url":"https:\/\/laprensacristiana.com\/?p=10943","name":"Agradecidos - La Prensa Cristiana","isPartOf":{"@id":"https:\/\/laprensacristiana.com\/#website"},"datePublished":"2021-01-01T15:38:23+00:00","dateModified":"2021-01-01T15:38:25+00:00","author":{"@id":"https:\/\/laprensacristiana.com\/#\/schema\/person\/3e7d82c6bfd6b1fa67010f8f7cd5256e"},"breadcrumb":{"@id":"https:\/\/laprensacristiana.com\/?p=10943#breadcrumb"},"inLanguage":"es","potentialAction":[{"@type":"ReadAction","target":["https:\/\/laprensacristiana.com\/?p=10943"]}]},{"@type":"BreadcrumbList","@id":"https:\/\/laprensacristiana.com\/?p=10943#breadcrumb","itemListElement":[{"@type":"ListItem","position":1,"name":"Portada","item":"https:\/\/laprensacristiana.com\/"},{"@type":"ListItem","position":2,"name":"Agradecidos"}]},{"@type":"WebSite","@id":"https:\/\/laprensacristiana.com\/#website","url":"https:\/\/laprensacristiana.com\/","name":"La Prensa Cristiana","description":"Anunciando Las Buenas Nuevas","potentialAction":[{"@type":"SearchAction","target":{"@type":"EntryPoint","urlTemplate":"https:\/\/laprensacristiana.com\/?s={search_term_string}"},"query-input":"required name=search_term_string"}],"inLanguage":"es"},{"@type":"Person","@id":"https:\/\/laprensacristiana.com\/#\/schema\/person\/3e7d82c6bfd6b1fa67010f8f7cd5256e","name":"EDITOR","image":{"@type":"ImageObject","inLanguage":"es","@id":"https:\/\/laprensacristiana.com\/#\/schema\/person\/image\/","url":"https:\/\/secure.gravatar.com\/avatar\/72069dfb6c13772d9e8381e3638666d2?s=96&d=mm&r=g","contentUrl":"https:\/\/secure.gravatar.com\/avatar\/72069dfb6c13772d9e8381e3638666d2?s=96&d=mm&r=g","caption":"EDITOR"},"url":"https:\/\/laprensacristiana.com\/?author=3"}]}},"_links":{"self":[{"href":"https:\/\/laprensacristiana.com\/index.php?rest_route=\/wp\/v2\/posts\/10943"}],"collection":[{"href":"https:\/\/laprensacristiana.com\/index.php?rest_route=\/wp\/v2\/posts"}],"about":[{"href":"https:\/\/laprensacristiana.com\/index.php?rest_route=\/wp\/v2\/types\/post"}],"author":[{"embeddable":true,"href":"https:\/\/laprensacristiana.com\/index.php?rest_route=\/wp\/v2\/users\/3"}],"replies":[{"embeddable":true,"href":"https:\/\/laprensacristiana.com\/index.php?rest_route=%2Fwp%2Fv2%2Fcomments&post=10943"}],"version-history":[{"count":1,"href":"https:\/\/laprensacristiana.com\/index.php?rest_route=\/wp\/v2\/posts\/10943\/revisions"}],"predecessor-version":[{"id":10944,"href":"https:\/\/laprensacristiana.com\/index.php?rest_route=\/wp\/v2\/posts\/10943\/revisions\/10944"}],"wp:featuredmedia":[{"embeddable":true,"href":"https:\/\/laprensacristiana.com\/index.php?rest_route=\/wp\/v2\/media\/10751"}],"wp:attachment":[{"href":"https:\/\/laprensacristiana.com\/index.php?rest_route=%2Fwp%2Fv2%2Fmedia&parent=10943"}],"wp:term":[{"taxonomy":"category","embeddable":true,"href":"https:\/\/laprensacristiana.com\/index.php?rest_route=%2Fwp%2Fv2%2Fcategories&post=10943"},{"taxonomy":"post_tag","embeddable":true,"href":"https:\/\/laprensacristiana.com\/index.php?rest_route=%2Fwp%2Fv2%2Ftags&post=10943"}],"curies":[{"name":"wp","href":"https:\/\/api.w.org\/{rel}","templated":true}]}}