{"id":10970,"date":"2021-01-08T16:08:29","date_gmt":"2021-01-08T16:08:29","guid":{"rendered":"https:\/\/laprensacristiana.com\/?p=10970"},"modified":"2021-01-08T16:08:31","modified_gmt":"2021-01-08T16:08:31","slug":"de-saulo-a-pablo","status":"publish","type":"post","link":"https:\/\/laprensacristiana.com\/?p=10970","title":{"rendered":"De Saulo a Pablo"},"content":{"rendered":"\n<p>Hechos 22:8 Y respond\u00ed: \u00ab\u00bfQui\u00e9n eres, Se\u00f1or?\u00bb Y El me dijo: \u00abYo soy Jes\u00fas el Nazareno, a quien t\u00fa persigues\u2026 Y yo dije: \u00ab\u00bfQu\u00e9 debo hacer, Se\u00f1or?\u201d<\/p>\n\n\n\n<p>Pablo es un hombre de tres culturas. Judio de nacimiento. Ciudadano romano. Griego por estudios. As\u00ed que hablaba los tres idiomas m\u00e1s importantes de su \u00e9poca: hebreo, lat\u00edn y griego. Hab\u00eda estudiado a Plat\u00f3n y conoc\u00eda los escritos de los poetas atenienses.<\/p>\n\n\n\n<p>As\u00ed que humanamente hablando, era un erudito. No hab\u00eda qui\u00e9n le diera -como decimos en Guatemala-, atol con el dedo. Era un hombre de car\u00e1cter duro como la roca y de principios no negociables y de una basta cultura que se pod\u00eda mover en cualquier nivel social. En lo espiritual, fariseo de segunda generaci\u00f3n de la m\u00e1s dura l\u00ednea. Educado bajo la tutela del nieto del famoso Hillel. Gamaliel le hab\u00eda ense\u00f1ado todo lo concerniente a la Tor\u00e1 y sus leyes. Sab\u00eda usar los idiomas a su antojo y no le temblaba el pulso cuando de actuar en contra de todos aquellos que no obedecieran ni cumplieran los preceptos de su Dios se trataba.<\/p>\n\n\n\n<p>Los mismos Sacerdotes de Israel le ten\u00edan un respeto a toda prueba. Le hab\u00edan dado un carnet de identificaci\u00f3n que lo autorizaba a enviar a la c\u00e1rcel a cualquiera que estuviera adorando a un Dios que no fuera el Dios de su naci\u00f3n, a Jehov\u00e1. Era un hombre muy conocido en las esferas oficiales tanto que a\u00fan los reyes romanos se deleitaban en escuchar su l\u00e9xico.<\/p>\n\n\n\n<p>Todo esto nos lleva a una conclusi\u00f3n: Cuando Jesus decide buscar a un hombre que re\u00fana ciertas cualidades que le iban a servir para emplearlo como su mensajero para expandir su reino, no duda en tumbar de su orgullo, su linaje y su brillante curr\u00edculum a este hombre que si no hubiera sido por un aguij\u00f3n en su carne, quiz\u00e1 hubiera roto todos los paradigmas espirituales.<\/p>\n\n\n\n<p>Su momento m\u00e1s ic\u00f3nico es el traum\u00e1tico encuentro con Jesus. En sus palabras podemos vislumbrar como el orgullo humano se hace trizas cuando Jesus toma el mando. En solo dos palabras se revela el alto impacto que Jesus hizo en el coraz\u00f3n de este abanderado de la religi\u00f3n: \u201c\u00bfQui\u00e9n eres, Se\u00f1or?\u201d Para empezar le dice \u201cSe\u00f1or\u201d. \u201cKurios\u201d. Dos veces le repite el mismo t\u00edtulo. Este t\u00edtulo denota: \u201cT\u00fa mandas\u201d. Seguidamente le expresa lo que todo esclavo tiene que decir: \u201c\u00bfQu\u00e9 quieres que haga? Qu\u00e9 debo hacer Se\u00f1or?\u201d El orgulloso y tirano Saulo se hace humo y nace el siervo Pablo. Saulo se anula para darle paso a un siervo que cruz\u00f3 los siete mares con tal de obedecer lo que su Se\u00f1or le hab\u00eda mandado.<\/p>\n\n\n\n<p>No, no hemos alcanzado ese nivel se\u00f1ores. A\u00fan no hemos dejado nuestros paradigmas, es por eso que no nos pueden confiar los secretos del Cielo. Pero no desmayemos y sigamos el Camino. \u00c9l mismo lo dijo: \u201cNo lo he alcanzado todav\u00eda\u2026\u00bb<\/p>\n","protected":false},"excerpt":{"rendered":"<p>Hechos 22:8 Y respond\u00ed: \u00ab\u00bfQui\u00e9n eres, Se\u00f1or?\u00bb Y El me dijo: \u00abYo soy Jes\u00fas el Nazareno, a quien t\u00fa persigues\u2026 Y yo dije: \u00ab\u00bfQu\u00e9 debo hacer, Se\u00f1or?\u201d Pablo es un hombre de tres culturas. Judio de nacimiento. Ciudadano romano. Griego por estudios. As\u00ed que hablaba los tres idiomas m\u00e1s importantes de su \u00e9poca: hebreo, lat\u00edn [&hellip;]<\/p>\n","protected":false},"author":3,"featured_media":10971,"comment_status":"open","ping_status":"open","sticky":false,"template":"","format":"standard","meta":[],"categories":[36],"tags":[],"yoast_head":"<!-- This site is optimized with the Yoast SEO plugin v20.8 - https:\/\/yoast.com\/wordpress\/plugins\/seo\/ -->\n<title>De Saulo a Pablo - La Prensa Cristiana<\/title>\n<meta name=\"robots\" content=\"index, follow, max-snippet:-1, max-image-preview:large, max-video-preview:-1\" \/>\n<link rel=\"canonical\" href=\"https:\/\/laprensacristiana.com\/?p=10970\" \/>\n<meta property=\"og:locale\" content=\"es_ES\" \/>\n<meta property=\"og:type\" content=\"article\" \/>\n<meta property=\"og:title\" content=\"De Saulo a Pablo - La Prensa Cristiana\" \/>\n<meta property=\"og:description\" content=\"Hechos 22:8 Y respond\u00ed: \u00ab\u00bfQui\u00e9n eres, Se\u00f1or?\u00bb Y El me dijo: \u00abYo soy Jes\u00fas el Nazareno, a quien t\u00fa persigues\u2026 Y yo dije: \u00ab\u00bfQu\u00e9 debo hacer, Se\u00f1or?\u201d Pablo es un hombre de tres culturas. Judio de nacimiento. Ciudadano romano. Griego por estudios. As\u00ed que hablaba los tres idiomas m\u00e1s importantes de su \u00e9poca: hebreo, lat\u00edn [&hellip;]\" \/>\n<meta property=\"og:url\" content=\"https:\/\/laprensacristiana.com\/?p=10970\" \/>\n<meta property=\"og:site_name\" content=\"La Prensa Cristiana\" \/>\n<meta property=\"article:published_time\" content=\"2021-01-08T16:08:29+00:00\" \/>\n<meta property=\"article:modified_time\" content=\"2021-01-08T16:08:31+00:00\" \/>\n<meta property=\"og:image\" content=\"https:\/\/laprensacristiana.com\/wp-content\/uploads\/2021\/01\/IMG_20210106_125417_358.jpg\" \/>\n\t<meta property=\"og:image:width\" content=\"1280\" \/>\n\t<meta property=\"og:image:height\" content=\"714\" \/>\n\t<meta property=\"og:image:type\" content=\"image\/jpeg\" \/>\n<meta name=\"author\" content=\"EDITOR\" \/>\n<meta name=\"twitter:card\" content=\"summary_large_image\" \/>\n<meta name=\"twitter:label1\" content=\"Escrito por\" \/>\n\t<meta name=\"twitter:data1\" content=\"EDITOR\" \/>\n\t<meta name=\"twitter:label2\" content=\"Tiempo de lectura\" \/>\n\t<meta name=\"twitter:data2\" content=\"3 minutos\" \/>\n<script type=\"application\/ld+json\" class=\"yoast-schema-graph\">{\"@context\":\"https:\/\/schema.org\",\"@graph\":[{\"@type\":\"WebPage\",\"@id\":\"https:\/\/laprensacristiana.com\/?p=10970\",\"url\":\"https:\/\/laprensacristiana.com\/?p=10970\",\"name\":\"De Saulo a Pablo - La Prensa Cristiana\",\"isPartOf\":{\"@id\":\"https:\/\/laprensacristiana.com\/#website\"},\"datePublished\":\"2021-01-08T16:08:29+00:00\",\"dateModified\":\"2021-01-08T16:08:31+00:00\",\"author\":{\"@id\":\"https:\/\/laprensacristiana.com\/#\/schema\/person\/3e7d82c6bfd6b1fa67010f8f7cd5256e\"},\"breadcrumb\":{\"@id\":\"https:\/\/laprensacristiana.com\/?p=10970#breadcrumb\"},\"inLanguage\":\"es\",\"potentialAction\":[{\"@type\":\"ReadAction\",\"target\":[\"https:\/\/laprensacristiana.com\/?p=10970\"]}]},{\"@type\":\"BreadcrumbList\",\"@id\":\"https:\/\/laprensacristiana.com\/?p=10970#breadcrumb\",\"itemListElement\":[{\"@type\":\"ListItem\",\"position\":1,\"name\":\"Portada\",\"item\":\"https:\/\/laprensacristiana.com\/\"},{\"@type\":\"ListItem\",\"position\":2,\"name\":\"De Saulo a Pablo\"}]},{\"@type\":\"WebSite\",\"@id\":\"https:\/\/laprensacristiana.com\/#website\",\"url\":\"https:\/\/laprensacristiana.com\/\",\"name\":\"La Prensa Cristiana\",\"description\":\"Anunciando Las Buenas Nuevas\",\"potentialAction\":[{\"@type\":\"SearchAction\",\"target\":{\"@type\":\"EntryPoint\",\"urlTemplate\":\"https:\/\/laprensacristiana.com\/?s={search_term_string}\"},\"query-input\":\"required name=search_term_string\"}],\"inLanguage\":\"es\"},{\"@type\":\"Person\",\"@id\":\"https:\/\/laprensacristiana.com\/#\/schema\/person\/3e7d82c6bfd6b1fa67010f8f7cd5256e\",\"name\":\"EDITOR\",\"image\":{\"@type\":\"ImageObject\",\"inLanguage\":\"es\",\"@id\":\"https:\/\/laprensacristiana.com\/#\/schema\/person\/image\/\",\"url\":\"https:\/\/secure.gravatar.com\/avatar\/72069dfb6c13772d9e8381e3638666d2?s=96&d=mm&r=g\",\"contentUrl\":\"https:\/\/secure.gravatar.com\/avatar\/72069dfb6c13772d9e8381e3638666d2?s=96&d=mm&r=g\",\"caption\":\"EDITOR\"},\"url\":\"https:\/\/laprensacristiana.com\/?author=3\"}]}<\/script>\n<!-- \/ Yoast SEO plugin. -->","yoast_head_json":{"title":"De Saulo a Pablo - La Prensa Cristiana","robots":{"index":"index","follow":"follow","max-snippet":"max-snippet:-1","max-image-preview":"max-image-preview:large","max-video-preview":"max-video-preview:-1"},"canonical":"https:\/\/laprensacristiana.com\/?p=10970","og_locale":"es_ES","og_type":"article","og_title":"De Saulo a Pablo - La Prensa Cristiana","og_description":"Hechos 22:8 Y respond\u00ed: \u00ab\u00bfQui\u00e9n eres, Se\u00f1or?\u00bb Y El me dijo: \u00abYo soy Jes\u00fas el Nazareno, a quien t\u00fa persigues\u2026 Y yo dije: \u00ab\u00bfQu\u00e9 debo hacer, Se\u00f1or?\u201d Pablo es un hombre de tres culturas. Judio de nacimiento. Ciudadano romano. Griego por estudios. As\u00ed que hablaba los tres idiomas m\u00e1s importantes de su \u00e9poca: hebreo, lat\u00edn [&hellip;]","og_url":"https:\/\/laprensacristiana.com\/?p=10970","og_site_name":"La Prensa Cristiana","article_published_time":"2021-01-08T16:08:29+00:00","article_modified_time":"2021-01-08T16:08:31+00:00","og_image":[{"width":1280,"height":714,"url":"https:\/\/laprensacristiana.com\/wp-content\/uploads\/2021\/01\/IMG_20210106_125417_358.jpg","type":"image\/jpeg"}],"author":"EDITOR","twitter_card":"summary_large_image","twitter_misc":{"Escrito por":"EDITOR","Tiempo de lectura":"3 minutos"},"schema":{"@context":"https:\/\/schema.org","@graph":[{"@type":"WebPage","@id":"https:\/\/laprensacristiana.com\/?p=10970","url":"https:\/\/laprensacristiana.com\/?p=10970","name":"De Saulo a Pablo - La Prensa Cristiana","isPartOf":{"@id":"https:\/\/laprensacristiana.com\/#website"},"datePublished":"2021-01-08T16:08:29+00:00","dateModified":"2021-01-08T16:08:31+00:00","author":{"@id":"https:\/\/laprensacristiana.com\/#\/schema\/person\/3e7d82c6bfd6b1fa67010f8f7cd5256e"},"breadcrumb":{"@id":"https:\/\/laprensacristiana.com\/?p=10970#breadcrumb"},"inLanguage":"es","potentialAction":[{"@type":"ReadAction","target":["https:\/\/laprensacristiana.com\/?p=10970"]}]},{"@type":"BreadcrumbList","@id":"https:\/\/laprensacristiana.com\/?p=10970#breadcrumb","itemListElement":[{"@type":"ListItem","position":1,"name":"Portada","item":"https:\/\/laprensacristiana.com\/"},{"@type":"ListItem","position":2,"name":"De Saulo a Pablo"}]},{"@type":"WebSite","@id":"https:\/\/laprensacristiana.com\/#website","url":"https:\/\/laprensacristiana.com\/","name":"La Prensa Cristiana","description":"Anunciando Las Buenas Nuevas","potentialAction":[{"@type":"SearchAction","target":{"@type":"EntryPoint","urlTemplate":"https:\/\/laprensacristiana.com\/?s={search_term_string}"},"query-input":"required name=search_term_string"}],"inLanguage":"es"},{"@type":"Person","@id":"https:\/\/laprensacristiana.com\/#\/schema\/person\/3e7d82c6bfd6b1fa67010f8f7cd5256e","name":"EDITOR","image":{"@type":"ImageObject","inLanguage":"es","@id":"https:\/\/laprensacristiana.com\/#\/schema\/person\/image\/","url":"https:\/\/secure.gravatar.com\/avatar\/72069dfb6c13772d9e8381e3638666d2?s=96&d=mm&r=g","contentUrl":"https:\/\/secure.gravatar.com\/avatar\/72069dfb6c13772d9e8381e3638666d2?s=96&d=mm&r=g","caption":"EDITOR"},"url":"https:\/\/laprensacristiana.com\/?author=3"}]}},"_links":{"self":[{"href":"https:\/\/laprensacristiana.com\/index.php?rest_route=\/wp\/v2\/posts\/10970"}],"collection":[{"href":"https:\/\/laprensacristiana.com\/index.php?rest_route=\/wp\/v2\/posts"}],"about":[{"href":"https:\/\/laprensacristiana.com\/index.php?rest_route=\/wp\/v2\/types\/post"}],"author":[{"embeddable":true,"href":"https:\/\/laprensacristiana.com\/index.php?rest_route=\/wp\/v2\/users\/3"}],"replies":[{"embeddable":true,"href":"https:\/\/laprensacristiana.com\/index.php?rest_route=%2Fwp%2Fv2%2Fcomments&post=10970"}],"version-history":[{"count":1,"href":"https:\/\/laprensacristiana.com\/index.php?rest_route=\/wp\/v2\/posts\/10970\/revisions"}],"predecessor-version":[{"id":10972,"href":"https:\/\/laprensacristiana.com\/index.php?rest_route=\/wp\/v2\/posts\/10970\/revisions\/10972"}],"wp:featuredmedia":[{"embeddable":true,"href":"https:\/\/laprensacristiana.com\/index.php?rest_route=\/wp\/v2\/media\/10971"}],"wp:attachment":[{"href":"https:\/\/laprensacristiana.com\/index.php?rest_route=%2Fwp%2Fv2%2Fmedia&parent=10970"}],"wp:term":[{"taxonomy":"category","embeddable":true,"href":"https:\/\/laprensacristiana.com\/index.php?rest_route=%2Fwp%2Fv2%2Fcategories&post=10970"},{"taxonomy":"post_tag","embeddable":true,"href":"https:\/\/laprensacristiana.com\/index.php?rest_route=%2Fwp%2Fv2%2Ftags&post=10970"}],"curies":[{"name":"wp","href":"https:\/\/api.w.org\/{rel}","templated":true}]}}