{"id":10981,"date":"2021-01-12T14:17:16","date_gmt":"2021-01-12T14:17:16","guid":{"rendered":"https:\/\/laprensacristiana.com\/?p=10981"},"modified":"2021-01-12T14:40:32","modified_gmt":"2021-01-12T14:40:32","slug":"santa-tecla-organizada-para-cristo-presenta-plan-de-trabajo","status":"publish","type":"post","link":"https:\/\/laprensacristiana.com\/?p=10981","title":{"rendered":"Santa Tecla Organizada para Cristo presenta plan de trabajo"},"content":{"rendered":"\n<p>El d\u00eda de hoy en un desayuno realizado en Hacienda Real present\u00f3 su plan de trabajo para el presente a\u00f1o. Cabe destacar que la nueva directiva esta vigente desde el a\u00f1o 2020, pero por motivos de pandemia no habian podido realizar reuniones, y la actual cont\u00f3 con todas las medidas de bioseguridad.<\/p>\n\n\n\n<p>En la reuni\u00f3n el director de Santa Tecla Organizada para Cristo el pastor Edgar Borja present\u00f3 cada uno de los ejes de accion a trav\u00e9s de los cuales trabajar\u00e1 la asociaci\u00f3n destacando el lanzamiento de un programa de Coaching para pastores y l\u00edderes en el lapso de 8 semanas, el cual ser\u00e1 impartido por CAPUCOM.<\/p>\n\n\n\n<figure class=\"wp-block-image size-large\"><img decoding=\"async\" loading=\"lazy\" width=\"768\" height=\"1024\" src=\"https:\/\/laprensacristiana.com\/wp-content\/uploads\/2021\/01\/IMG-20210112-WA0014-768x1024.jpg\" alt=\"\" class=\"wp-image-10983\" srcset=\"https:\/\/laprensacristiana.com\/wp-content\/uploads\/2021\/01\/IMG-20210112-WA0014-768x1024.jpg 768w, https:\/\/laprensacristiana.com\/wp-content\/uploads\/2021\/01\/IMG-20210112-WA0014-225x300.jpg 225w, https:\/\/laprensacristiana.com\/wp-content\/uploads\/2021\/01\/IMG-20210112-WA0014-696x928.jpg 696w, https:\/\/laprensacristiana.com\/wp-content\/uploads\/2021\/01\/IMG-20210112-WA0014-600x800.jpg 600w, https:\/\/laprensacristiana.com\/wp-content\/uploads\/2021\/01\/IMG-20210112-WA0014.jpg 960w\" sizes=\"(max-width: 768px) 100vw, 768px\" \/><figcaption>Pastor Edgar Borja | Director Santa Tecla Organizada para Cristo<\/figcaption><\/figure>\n\n\n\n<p>En el desarrollo de la reuni\u00f3n hicieron un diagnostico sobre la iglesia, su su proyecci\u00f3n y los ministerios con los que cuenta. Y se inst\u00f3 a los asistentes a motivar a los miembros de la congregaci\u00f3n a participar en el analisis. \u00abLas condiciones de los miembros de la congregaci\u00f3n han cambiado, debemos aprender a escuchar a las personas para entender como ayudarlos a avanzar\u00bb expres\u00f3 el pastor Edgar Borja. <\/p>\n\n\n\n<p>El Lic. Alfredo Caballero present\u00f3 una ponencia titulada: \u00abAprovechando bien el tiempo\u00bb destacando aspectos como aprendiendo a diferenciar entre qu\u00e9 es importante y qu\u00e9 es urgente, ordenando prioridades, \u00abEmpiece el dia con el trabajo mas importante: Orar y leer la Biblia\u00bb acot\u00f3 Caballero.<\/p>\n\n\n\n<p>Con esta reuni\u00f3n Santa Tecla Organizada para Cristo continua avanzando en fortalecer e invertir en el crecimiento de los pastores del municipio y sus alrededores.<\/p>\n\n\n\n<p><\/p>\n","protected":false},"excerpt":{"rendered":"<p>El d\u00eda de hoy en un desayuno realizado en Hacienda Real present\u00f3 su plan de trabajo para el presente a\u00f1o. Cabe destacar que la nueva directiva esta vigente desde el a\u00f1o 2020, pero por motivos de pandemia no habian podido realizar reuniones, y la actual cont\u00f3 con todas las medidas de bioseguridad. En la reuni\u00f3n [&hellip;]<\/p>\n","protected":false},"author":3,"featured_media":10982,"comment_status":"open","ping_status":"open","sticky":false,"template":"","format":"standard","meta":[],"categories":[56],"tags":[],"yoast_head":"<!-- This site is optimized with the Yoast SEO plugin v20.8 - https:\/\/yoast.com\/wordpress\/plugins\/seo\/ -->\n<title>Santa Tecla Organizada para Cristo presenta plan de trabajo - La Prensa Cristiana<\/title>\n<meta name=\"robots\" content=\"index, follow, max-snippet:-1, max-image-preview:large, max-video-preview:-1\" \/>\n<link rel=\"canonical\" href=\"https:\/\/laprensacristiana.com\/?p=10981\" \/>\n<meta property=\"og:locale\" content=\"es_ES\" \/>\n<meta property=\"og:type\" content=\"article\" \/>\n<meta property=\"og:title\" content=\"Santa Tecla Organizada para Cristo presenta plan de trabajo - La Prensa Cristiana\" \/>\n<meta property=\"og:description\" content=\"El d\u00eda de hoy en un desayuno realizado en Hacienda Real present\u00f3 su plan de trabajo para el presente a\u00f1o. Cabe destacar que la nueva directiva esta vigente desde el a\u00f1o 2020, pero por motivos de pandemia no habian podido realizar reuniones, y la actual cont\u00f3 con todas las medidas de bioseguridad. En la reuni\u00f3n [&hellip;]\" \/>\n<meta property=\"og:url\" content=\"https:\/\/laprensacristiana.com\/?p=10981\" \/>\n<meta property=\"og:site_name\" content=\"La Prensa Cristiana\" \/>\n<meta property=\"article:published_time\" content=\"2021-01-12T14:17:16+00:00\" \/>\n<meta property=\"article:modified_time\" content=\"2021-01-12T14:40:32+00:00\" \/>\n<meta property=\"og:image\" content=\"https:\/\/laprensacristiana.com\/wp-content\/uploads\/2021\/01\/IMG-20210112-WA0010.jpg\" \/>\n\t<meta property=\"og:image:width\" content=\"1280\" \/>\n\t<meta property=\"og:image:height\" content=\"960\" \/>\n\t<meta property=\"og:image:type\" content=\"image\/jpeg\" \/>\n<meta name=\"author\" content=\"EDITOR\" \/>\n<meta name=\"twitter:card\" content=\"summary_large_image\" \/>\n<meta name=\"twitter:label1\" content=\"Escrito por\" \/>\n\t<meta name=\"twitter:data1\" content=\"EDITOR\" \/>\n\t<meta name=\"twitter:label2\" content=\"Tiempo de lectura\" \/>\n\t<meta name=\"twitter:data2\" content=\"1 minuto\" \/>\n<script type=\"application\/ld+json\" class=\"yoast-schema-graph\">{\"@context\":\"https:\/\/schema.org\",\"@graph\":[{\"@type\":\"WebPage\",\"@id\":\"https:\/\/laprensacristiana.com\/?p=10981\",\"url\":\"https:\/\/laprensacristiana.com\/?p=10981\",\"name\":\"Santa Tecla Organizada para Cristo presenta plan de trabajo - La Prensa Cristiana\",\"isPartOf\":{\"@id\":\"https:\/\/laprensacristiana.com\/#website\"},\"datePublished\":\"2021-01-12T14:17:16+00:00\",\"dateModified\":\"2021-01-12T14:40:32+00:00\",\"author\":{\"@id\":\"https:\/\/laprensacristiana.com\/#\/schema\/person\/3e7d82c6bfd6b1fa67010f8f7cd5256e\"},\"breadcrumb\":{\"@id\":\"https:\/\/laprensacristiana.com\/?p=10981#breadcrumb\"},\"inLanguage\":\"es\",\"potentialAction\":[{\"@type\":\"ReadAction\",\"target\":[\"https:\/\/laprensacristiana.com\/?p=10981\"]}]},{\"@type\":\"BreadcrumbList\",\"@id\":\"https:\/\/laprensacristiana.com\/?p=10981#breadcrumb\",\"itemListElement\":[{\"@type\":\"ListItem\",\"position\":1,\"name\":\"Portada\",\"item\":\"https:\/\/laprensacristiana.com\/\"},{\"@type\":\"ListItem\",\"position\":2,\"name\":\"Santa Tecla Organizada para Cristo presenta plan de trabajo\"}]},{\"@type\":\"WebSite\",\"@id\":\"https:\/\/laprensacristiana.com\/#website\",\"url\":\"https:\/\/laprensacristiana.com\/\",\"name\":\"La Prensa Cristiana\",\"description\":\"Anunciando Las Buenas Nuevas\",\"potentialAction\":[{\"@type\":\"SearchAction\",\"target\":{\"@type\":\"EntryPoint\",\"urlTemplate\":\"https:\/\/laprensacristiana.com\/?s={search_term_string}\"},\"query-input\":\"required name=search_term_string\"}],\"inLanguage\":\"es\"},{\"@type\":\"Person\",\"@id\":\"https:\/\/laprensacristiana.com\/#\/schema\/person\/3e7d82c6bfd6b1fa67010f8f7cd5256e\",\"name\":\"EDITOR\",\"image\":{\"@type\":\"ImageObject\",\"inLanguage\":\"es\",\"@id\":\"https:\/\/laprensacristiana.com\/#\/schema\/person\/image\/\",\"url\":\"https:\/\/secure.gravatar.com\/avatar\/72069dfb6c13772d9e8381e3638666d2?s=96&d=mm&r=g\",\"contentUrl\":\"https:\/\/secure.gravatar.com\/avatar\/72069dfb6c13772d9e8381e3638666d2?s=96&d=mm&r=g\",\"caption\":\"EDITOR\"},\"url\":\"https:\/\/laprensacristiana.com\/?author=3\"}]}<\/script>\n<!-- \/ Yoast SEO plugin. -->","yoast_head_json":{"title":"Santa Tecla Organizada para Cristo presenta plan de trabajo - La Prensa Cristiana","robots":{"index":"index","follow":"follow","max-snippet":"max-snippet:-1","max-image-preview":"max-image-preview:large","max-video-preview":"max-video-preview:-1"},"canonical":"https:\/\/laprensacristiana.com\/?p=10981","og_locale":"es_ES","og_type":"article","og_title":"Santa Tecla Organizada para Cristo presenta plan de trabajo - La Prensa Cristiana","og_description":"El d\u00eda de hoy en un desayuno realizado en Hacienda Real present\u00f3 su plan de trabajo para el presente a\u00f1o. Cabe destacar que la nueva directiva esta vigente desde el a\u00f1o 2020, pero por motivos de pandemia no habian podido realizar reuniones, y la actual cont\u00f3 con todas las medidas de bioseguridad. En la reuni\u00f3n [&hellip;]","og_url":"https:\/\/laprensacristiana.com\/?p=10981","og_site_name":"La Prensa Cristiana","article_published_time":"2021-01-12T14:17:16+00:00","article_modified_time":"2021-01-12T14:40:32+00:00","og_image":[{"width":1280,"height":960,"url":"https:\/\/laprensacristiana.com\/wp-content\/uploads\/2021\/01\/IMG-20210112-WA0010.jpg","type":"image\/jpeg"}],"author":"EDITOR","twitter_card":"summary_large_image","twitter_misc":{"Escrito por":"EDITOR","Tiempo de lectura":"1 minuto"},"schema":{"@context":"https:\/\/schema.org","@graph":[{"@type":"WebPage","@id":"https:\/\/laprensacristiana.com\/?p=10981","url":"https:\/\/laprensacristiana.com\/?p=10981","name":"Santa Tecla Organizada para Cristo presenta plan de trabajo - La Prensa Cristiana","isPartOf":{"@id":"https:\/\/laprensacristiana.com\/#website"},"datePublished":"2021-01-12T14:17:16+00:00","dateModified":"2021-01-12T14:40:32+00:00","author":{"@id":"https:\/\/laprensacristiana.com\/#\/schema\/person\/3e7d82c6bfd6b1fa67010f8f7cd5256e"},"breadcrumb":{"@id":"https:\/\/laprensacristiana.com\/?p=10981#breadcrumb"},"inLanguage":"es","potentialAction":[{"@type":"ReadAction","target":["https:\/\/laprensacristiana.com\/?p=10981"]}]},{"@type":"BreadcrumbList","@id":"https:\/\/laprensacristiana.com\/?p=10981#breadcrumb","itemListElement":[{"@type":"ListItem","position":1,"name":"Portada","item":"https:\/\/laprensacristiana.com\/"},{"@type":"ListItem","position":2,"name":"Santa Tecla Organizada para Cristo presenta plan de trabajo"}]},{"@type":"WebSite","@id":"https:\/\/laprensacristiana.com\/#website","url":"https:\/\/laprensacristiana.com\/","name":"La Prensa Cristiana","description":"Anunciando Las Buenas Nuevas","potentialAction":[{"@type":"SearchAction","target":{"@type":"EntryPoint","urlTemplate":"https:\/\/laprensacristiana.com\/?s={search_term_string}"},"query-input":"required name=search_term_string"}],"inLanguage":"es"},{"@type":"Person","@id":"https:\/\/laprensacristiana.com\/#\/schema\/person\/3e7d82c6bfd6b1fa67010f8f7cd5256e","name":"EDITOR","image":{"@type":"ImageObject","inLanguage":"es","@id":"https:\/\/laprensacristiana.com\/#\/schema\/person\/image\/","url":"https:\/\/secure.gravatar.com\/avatar\/72069dfb6c13772d9e8381e3638666d2?s=96&d=mm&r=g","contentUrl":"https:\/\/secure.gravatar.com\/avatar\/72069dfb6c13772d9e8381e3638666d2?s=96&d=mm&r=g","caption":"EDITOR"},"url":"https:\/\/laprensacristiana.com\/?author=3"}]}},"_links":{"self":[{"href":"https:\/\/laprensacristiana.com\/index.php?rest_route=\/wp\/v2\/posts\/10981"}],"collection":[{"href":"https:\/\/laprensacristiana.com\/index.php?rest_route=\/wp\/v2\/posts"}],"about":[{"href":"https:\/\/laprensacristiana.com\/index.php?rest_route=\/wp\/v2\/types\/post"}],"author":[{"embeddable":true,"href":"https:\/\/laprensacristiana.com\/index.php?rest_route=\/wp\/v2\/users\/3"}],"replies":[{"embeddable":true,"href":"https:\/\/laprensacristiana.com\/index.php?rest_route=%2Fwp%2Fv2%2Fcomments&post=10981"}],"version-history":[{"count":5,"href":"https:\/\/laprensacristiana.com\/index.php?rest_route=\/wp\/v2\/posts\/10981\/revisions"}],"predecessor-version":[{"id":10988,"href":"https:\/\/laprensacristiana.com\/index.php?rest_route=\/wp\/v2\/posts\/10981\/revisions\/10988"}],"wp:featuredmedia":[{"embeddable":true,"href":"https:\/\/laprensacristiana.com\/index.php?rest_route=\/wp\/v2\/media\/10982"}],"wp:attachment":[{"href":"https:\/\/laprensacristiana.com\/index.php?rest_route=%2Fwp%2Fv2%2Fmedia&parent=10981"}],"wp:term":[{"taxonomy":"category","embeddable":true,"href":"https:\/\/laprensacristiana.com\/index.php?rest_route=%2Fwp%2Fv2%2Fcategories&post=10981"},{"taxonomy":"post_tag","embeddable":true,"href":"https:\/\/laprensacristiana.com\/index.php?rest_route=%2Fwp%2Fv2%2Ftags&post=10981"}],"curies":[{"name":"wp","href":"https:\/\/api.w.org\/{rel}","templated":true}]}}