{"id":11018,"date":"2021-01-15T21:42:36","date_gmt":"2021-01-15T21:42:36","guid":{"rendered":"https:\/\/laprensacristiana.com\/?p=11018"},"modified":"2021-01-15T21:42:38","modified_gmt":"2021-01-15T21:42:38","slug":"que-podemos-esperar-en-2021","status":"publish","type":"post","link":"https:\/\/laprensacristiana.com\/?p=11018","title":{"rendered":"\u00bfQu\u00e9 podemos esperar en 2021?"},"content":{"rendered":"\n<p><\/p>\n\n\n\n<p>Por: Mario Vega | Pastor general Misi\u00f3n Cristiana Elim<\/p>\n\n\n\n<p>Mientras bebemos el calostro del nuevo a\u00f1o experimentamos perplejidad y prudencia sobre lo que podemos esperar de las dram\u00e1ticas condiciones de sanidad y amenazas a la democracia que nos asechan.&nbsp;Los saludos postreros y sinceros de un 2021 de paz y prosperidad nos dejan en claro que el deseo de los amigos es que habiendo volteado la hoja del calendario podamos iniciar una etapa diferente. Pero al valorar la insobornable realidad e intentar calcular las posibilidades de prosperidad nuestra imaginaci\u00f3n se sume en un embarazoso silencio. Sin ser profetas, solamente nos queda echar mano de los recursos de la raz\u00f3n para construir una base para la esperanza. Hay, al menos, dos elementos que debemos tener en cuenta. El primero es la naturaleza de la historia, la cual no siempre es lineal. En ciertos momentos la complejidad aumenta, se acumula la energ\u00eda que proviene de las din\u00e1micas sociales y estalla en una ruptura que desestructura lo antiguo y hace que irrumpa lo nuevo con fuerza seminal. Son transformaciones que introducen cambios dram\u00e1ticos y apresuran eventos que se cre\u00eda tardar\u00edan muchos a\u00f1os. Tiempo e historia son indetenibles, los procesos ya marchan, se quieran o no, y asoman los nuevos escenarios. De forma irreverente, surgir\u00e1 un nuevo \u00e1mbito en la sociedad y nacer\u00e1 un horizonte de esperanza.<\/p>\n\n\n\n<p>La situaci\u00f3n actual presenta los s\u00edntomas que han acompa\u00f1ado los aprendizajes y los cambios de la historia nacional y regional. Esos cambios se manifiestan en vestido de crisis y colocan a la sociedad ante encrucijadas que destruyen un orden e inducen la aparici\u00f3n de uno nuevo. \u00bfNo estamos al final del callej\u00f3n por el que nos condujo el pragmatismo separado de la \u00e9tica? \u00bfNo es la actual etapa miserable la \u00faltima de las posibilidades del clientelismo? \u00bfNo es la oportunidad para que nazca una manera nueva de servicio en lo p\u00fablico? Un nuevo estado de conciencia est\u00e1 emergiendo, cr\u00edtico y exigente. Nos precede el ocaso de los populismos extranjeros y nos ense\u00f1an que, al final, los pueblos re\u00fanen la fuerza para recuperar la cordura. No puede faltar la esperanza cuando se comprende la idea de proceso. La historia a\u00fan contin\u00faa.<\/p>\n\n\n\n<p>El segundo elemento de esperanza es el hecho de reconocernos como parte org\u00e1nica de algo mayor. La totalidad en la que residen relaciones de dependencia de diversos niveles y afectaci\u00f3n mutua. Cada individuo es importante dentro de la inmensa corriente de energ\u00eda y vida. Los sistemas pueden ser ca\u00f3ticos y, por lo tanto, domina en ellos la imprevisibilidad. Pero, como un todo, est\u00e1n sometidos a leyes matem\u00e1ticas susceptibles de ser descritas, aunque su comportamiento espec\u00edfico no puede ser previsto. Las m\u00ednimas modificaciones pueden ocasionar grandes cambios. Es el \u201cefecto mariposa\u201d que esta latente en cada uno de nosotros y que puede desencadenar un proceso cuyo efecto ser\u00e1 una inconmensurable transformaci\u00f3n en la historia.<\/p>\n\n\n\n<p><br>Es el cansancio de una tarde de Rosa Parks que la llev\u00f3 a negarse a ceder su asiento a un blanco y que produjo la reacci\u00f3n de millones en la lucha por los derechos civiles. Nadie puede predecir lo que una acci\u00f3n, por peque\u00f1a o ignorada que sea, puede producir en la dimensi\u00f3n de lo social. Cada peque\u00f1o gesto y movimiento es una apuesta de resultados impensables. Nuestro tiempo est\u00e1 inscrito dentro de estos procesos y nuestra negativa a doblegarnos crea la \u00fanica esperanza posible.<\/p>\n","protected":false},"excerpt":{"rendered":"<p>Por: Mario Vega | Pastor general Misi\u00f3n Cristiana Elim Mientras bebemos el calostro del nuevo a\u00f1o experimentamos perplejidad y prudencia sobre lo que podemos esperar de las dram\u00e1ticas condiciones de sanidad y amenazas a la democracia que nos asechan.&nbsp;Los saludos postreros y sinceros de un 2021 de paz y prosperidad nos dejan en claro que [&hellip;]<\/p>\n","protected":false},"author":3,"featured_media":6072,"comment_status":"open","ping_status":"open","sticky":false,"template":"","format":"standard","meta":[],"categories":[23],"tags":[],"yoast_head":"<!-- This site is optimized with the Yoast SEO plugin v20.8 - https:\/\/yoast.com\/wordpress\/plugins\/seo\/ -->\n<title>\u00bfQu\u00e9 podemos esperar en 2021? - La Prensa Cristiana<\/title>\n<meta name=\"robots\" content=\"index, follow, max-snippet:-1, max-image-preview:large, max-video-preview:-1\" \/>\n<link rel=\"canonical\" href=\"https:\/\/laprensacristiana.com\/?p=11018\" \/>\n<meta property=\"og:locale\" content=\"es_ES\" \/>\n<meta property=\"og:type\" content=\"article\" \/>\n<meta property=\"og:title\" content=\"\u00bfQu\u00e9 podemos esperar en 2021? - La Prensa Cristiana\" \/>\n<meta property=\"og:description\" content=\"Por: Mario Vega | Pastor general Misi\u00f3n Cristiana Elim Mientras bebemos el calostro del nuevo a\u00f1o experimentamos perplejidad y prudencia sobre lo que podemos esperar de las dram\u00e1ticas condiciones de sanidad y amenazas a la democracia que nos asechan.&nbsp;Los saludos postreros y sinceros de un 2021 de paz y prosperidad nos dejan en claro que [&hellip;]\" \/>\n<meta property=\"og:url\" content=\"https:\/\/laprensacristiana.com\/?p=11018\" \/>\n<meta property=\"og:site_name\" content=\"La Prensa Cristiana\" \/>\n<meta property=\"article:published_time\" content=\"2021-01-15T21:42:36+00:00\" \/>\n<meta property=\"article:modified_time\" content=\"2021-01-15T21:42:38+00:00\" \/>\n<meta property=\"og:image\" content=\"https:\/\/laprensacristiana.com\/wp-content\/uploads\/2019\/06\/OPINION-01-scaled.jpg\" \/>\n\t<meta property=\"og:image:width\" content=\"2560\" \/>\n\t<meta property=\"og:image:height\" content=\"1429\" \/>\n\t<meta property=\"og:image:type\" content=\"image\/jpeg\" \/>\n<meta name=\"author\" content=\"EDITOR\" \/>\n<meta name=\"twitter:card\" content=\"summary_large_image\" \/>\n<meta name=\"twitter:label1\" content=\"Escrito por\" \/>\n\t<meta name=\"twitter:data1\" content=\"EDITOR\" \/>\n\t<meta name=\"twitter:label2\" content=\"Tiempo de lectura\" \/>\n\t<meta name=\"twitter:data2\" content=\"3 minutos\" \/>\n<script type=\"application\/ld+json\" class=\"yoast-schema-graph\">{\"@context\":\"https:\/\/schema.org\",\"@graph\":[{\"@type\":\"WebPage\",\"@id\":\"https:\/\/laprensacristiana.com\/?p=11018\",\"url\":\"https:\/\/laprensacristiana.com\/?p=11018\",\"name\":\"\u00bfQu\u00e9 podemos esperar en 2021? - La Prensa Cristiana\",\"isPartOf\":{\"@id\":\"https:\/\/laprensacristiana.com\/#website\"},\"datePublished\":\"2021-01-15T21:42:36+00:00\",\"dateModified\":\"2021-01-15T21:42:38+00:00\",\"author\":{\"@id\":\"https:\/\/laprensacristiana.com\/#\/schema\/person\/3e7d82c6bfd6b1fa67010f8f7cd5256e\"},\"breadcrumb\":{\"@id\":\"https:\/\/laprensacristiana.com\/?p=11018#breadcrumb\"},\"inLanguage\":\"es\",\"potentialAction\":[{\"@type\":\"ReadAction\",\"target\":[\"https:\/\/laprensacristiana.com\/?p=11018\"]}]},{\"@type\":\"BreadcrumbList\",\"@id\":\"https:\/\/laprensacristiana.com\/?p=11018#breadcrumb\",\"itemListElement\":[{\"@type\":\"ListItem\",\"position\":1,\"name\":\"Portada\",\"item\":\"https:\/\/laprensacristiana.com\/\"},{\"@type\":\"ListItem\",\"position\":2,\"name\":\"\u00bfQu\u00e9 podemos esperar en 2021?\"}]},{\"@type\":\"WebSite\",\"@id\":\"https:\/\/laprensacristiana.com\/#website\",\"url\":\"https:\/\/laprensacristiana.com\/\",\"name\":\"La Prensa Cristiana\",\"description\":\"Anunciando Las Buenas Nuevas\",\"potentialAction\":[{\"@type\":\"SearchAction\",\"target\":{\"@type\":\"EntryPoint\",\"urlTemplate\":\"https:\/\/laprensacristiana.com\/?s={search_term_string}\"},\"query-input\":\"required name=search_term_string\"}],\"inLanguage\":\"es\"},{\"@type\":\"Person\",\"@id\":\"https:\/\/laprensacristiana.com\/#\/schema\/person\/3e7d82c6bfd6b1fa67010f8f7cd5256e\",\"name\":\"EDITOR\",\"image\":{\"@type\":\"ImageObject\",\"inLanguage\":\"es\",\"@id\":\"https:\/\/laprensacristiana.com\/#\/schema\/person\/image\/\",\"url\":\"https:\/\/secure.gravatar.com\/avatar\/72069dfb6c13772d9e8381e3638666d2?s=96&d=mm&r=g\",\"contentUrl\":\"https:\/\/secure.gravatar.com\/avatar\/72069dfb6c13772d9e8381e3638666d2?s=96&d=mm&r=g\",\"caption\":\"EDITOR\"},\"url\":\"https:\/\/laprensacristiana.com\/?author=3\"}]}<\/script>\n<!-- \/ Yoast SEO plugin. -->","yoast_head_json":{"title":"\u00bfQu\u00e9 podemos esperar en 2021? - La Prensa Cristiana","robots":{"index":"index","follow":"follow","max-snippet":"max-snippet:-1","max-image-preview":"max-image-preview:large","max-video-preview":"max-video-preview:-1"},"canonical":"https:\/\/laprensacristiana.com\/?p=11018","og_locale":"es_ES","og_type":"article","og_title":"\u00bfQu\u00e9 podemos esperar en 2021? - La Prensa Cristiana","og_description":"Por: Mario Vega | Pastor general Misi\u00f3n Cristiana Elim Mientras bebemos el calostro del nuevo a\u00f1o experimentamos perplejidad y prudencia sobre lo que podemos esperar de las dram\u00e1ticas condiciones de sanidad y amenazas a la democracia que nos asechan.&nbsp;Los saludos postreros y sinceros de un 2021 de paz y prosperidad nos dejan en claro que [&hellip;]","og_url":"https:\/\/laprensacristiana.com\/?p=11018","og_site_name":"La Prensa Cristiana","article_published_time":"2021-01-15T21:42:36+00:00","article_modified_time":"2021-01-15T21:42:38+00:00","og_image":[{"width":2560,"height":1429,"url":"https:\/\/laprensacristiana.com\/wp-content\/uploads\/2019\/06\/OPINION-01-scaled.jpg","type":"image\/jpeg"}],"author":"EDITOR","twitter_card":"summary_large_image","twitter_misc":{"Escrito por":"EDITOR","Tiempo de lectura":"3 minutos"},"schema":{"@context":"https:\/\/schema.org","@graph":[{"@type":"WebPage","@id":"https:\/\/laprensacristiana.com\/?p=11018","url":"https:\/\/laprensacristiana.com\/?p=11018","name":"\u00bfQu\u00e9 podemos esperar en 2021? - La Prensa Cristiana","isPartOf":{"@id":"https:\/\/laprensacristiana.com\/#website"},"datePublished":"2021-01-15T21:42:36+00:00","dateModified":"2021-01-15T21:42:38+00:00","author":{"@id":"https:\/\/laprensacristiana.com\/#\/schema\/person\/3e7d82c6bfd6b1fa67010f8f7cd5256e"},"breadcrumb":{"@id":"https:\/\/laprensacristiana.com\/?p=11018#breadcrumb"},"inLanguage":"es","potentialAction":[{"@type":"ReadAction","target":["https:\/\/laprensacristiana.com\/?p=11018"]}]},{"@type":"BreadcrumbList","@id":"https:\/\/laprensacristiana.com\/?p=11018#breadcrumb","itemListElement":[{"@type":"ListItem","position":1,"name":"Portada","item":"https:\/\/laprensacristiana.com\/"},{"@type":"ListItem","position":2,"name":"\u00bfQu\u00e9 podemos esperar en 2021?"}]},{"@type":"WebSite","@id":"https:\/\/laprensacristiana.com\/#website","url":"https:\/\/laprensacristiana.com\/","name":"La Prensa Cristiana","description":"Anunciando Las Buenas Nuevas","potentialAction":[{"@type":"SearchAction","target":{"@type":"EntryPoint","urlTemplate":"https:\/\/laprensacristiana.com\/?s={search_term_string}"},"query-input":"required name=search_term_string"}],"inLanguage":"es"},{"@type":"Person","@id":"https:\/\/laprensacristiana.com\/#\/schema\/person\/3e7d82c6bfd6b1fa67010f8f7cd5256e","name":"EDITOR","image":{"@type":"ImageObject","inLanguage":"es","@id":"https:\/\/laprensacristiana.com\/#\/schema\/person\/image\/","url":"https:\/\/secure.gravatar.com\/avatar\/72069dfb6c13772d9e8381e3638666d2?s=96&d=mm&r=g","contentUrl":"https:\/\/secure.gravatar.com\/avatar\/72069dfb6c13772d9e8381e3638666d2?s=96&d=mm&r=g","caption":"EDITOR"},"url":"https:\/\/laprensacristiana.com\/?author=3"}]}},"_links":{"self":[{"href":"https:\/\/laprensacristiana.com\/index.php?rest_route=\/wp\/v2\/posts\/11018"}],"collection":[{"href":"https:\/\/laprensacristiana.com\/index.php?rest_route=\/wp\/v2\/posts"}],"about":[{"href":"https:\/\/laprensacristiana.com\/index.php?rest_route=\/wp\/v2\/types\/post"}],"author":[{"embeddable":true,"href":"https:\/\/laprensacristiana.com\/index.php?rest_route=\/wp\/v2\/users\/3"}],"replies":[{"embeddable":true,"href":"https:\/\/laprensacristiana.com\/index.php?rest_route=%2Fwp%2Fv2%2Fcomments&post=11018"}],"version-history":[{"count":1,"href":"https:\/\/laprensacristiana.com\/index.php?rest_route=\/wp\/v2\/posts\/11018\/revisions"}],"predecessor-version":[{"id":11019,"href":"https:\/\/laprensacristiana.com\/index.php?rest_route=\/wp\/v2\/posts\/11018\/revisions\/11019"}],"wp:featuredmedia":[{"embeddable":true,"href":"https:\/\/laprensacristiana.com\/index.php?rest_route=\/wp\/v2\/media\/6072"}],"wp:attachment":[{"href":"https:\/\/laprensacristiana.com\/index.php?rest_route=%2Fwp%2Fv2%2Fmedia&parent=11018"}],"wp:term":[{"taxonomy":"category","embeddable":true,"href":"https:\/\/laprensacristiana.com\/index.php?rest_route=%2Fwp%2Fv2%2Fcategories&post=11018"},{"taxonomy":"post_tag","embeddable":true,"href":"https:\/\/laprensacristiana.com\/index.php?rest_route=%2Fwp%2Fv2%2Ftags&post=11018"}],"curies":[{"name":"wp","href":"https:\/\/api.w.org\/{rel}","templated":true}]}}