{"id":11092,"date":"2021-01-24T01:53:46","date_gmt":"2021-01-24T01:53:46","guid":{"rendered":"https:\/\/laprensacristiana.com\/?p=11092"},"modified":"2021-01-24T01:53:47","modified_gmt":"2021-01-24T01:53:47","slug":"yo-primero","status":"publish","type":"post","link":"https:\/\/laprensacristiana.com\/?p=11092","title":{"rendered":"Yo primero"},"content":{"rendered":"\n<p>Por: Mario Vega | Pastor General Misi\u00f3n Cristiana Elim <\/p>\n\n\n\n<p>Las vacunas contra el COVID 19 ya est\u00e1n disponibles y un aproximado de 39 millones de personas las han recibido.\u00a0El problema es que todas esas personas viven en los 49 pa\u00edses m\u00e1s ricos del mundo o de renta media. En los pa\u00edses de ingresos bajos solo 25 personas han sido inmunizadas. No se trata de un error de imprenta, es tal como lo vio. No son 2,500 ni 250 personas vacunadas en pa\u00edses pobres, son solo 25. Est\u00e1 ocurriendo exactamente lo que la Organizaci\u00f3n Mundial de la Salud quer\u00eda evitar: una distribuci\u00f3n desigual de las vacunas. Para prevenirlo, cre\u00f3 en abril de 2020 el Acelerador del Acceso a las Herramientas contra la COVID 19 (Acelerador ACT), uno de cuyos cuatro pilares es la iniciativa COVAX, que es la manera pr\u00e1ctica de llamar al Centro de Acceso Global a Vacunas COVID 19. La idea consiste en que la OMS apoya a las farmac\u00e9uticas en la investigaci\u00f3n y desarrollo de las vacunas. Adem\u00e1s, centraliza el poder de compra de los 172 pa\u00edses de la iniciativa para negociar en bloque los precios de las vacunas y recibe donativos para garantizar que los pa\u00edses pobres puedan inmunizar al 20% de su poblaci\u00f3n de manera gratuita.<\/p>\n\n\n\n<p>Lastimosamente, la falta de solidaridad mundial inici\u00f3 pronto. Comenzando con los Estados Unidos, al menos el de Trump, que se neg\u00f3 a colaborar con la iniciativa y se apresur\u00f3 a acaparar las primeras 700 millones de dosis. Los pa\u00edses europeos se enfocaron en acuerdos bilaterales con las farmac\u00e9uticas a fin de asegurar para ellos las primeras dosis. Eso est\u00e1 haciendo que los precios de las vacunas aumenten y que se altere el orden en las listas de distribuci\u00f3n. Canad\u00e1, con 38 millones de habitantes, ha comprado m\u00e1s de 400 millones de dosis, cinco veces m\u00e1s de las que necesitan. Como bien lo ha dicho el director general de la OMS, Dr. Tedros Adhanom: \u201cEl mundo est\u00e1 al borde de un fracaso moral catastr\u00f3fico, y el precio de ese fracaso se pagar\u00e1 con vidas y medios de subsistencia en los pa\u00edses m\u00e1s pobres del mundo\u201d. La traba con las actitudes ego\u00edstas es que la pandemia solo puede ser vencida cuando haya equidad y universalidad en la inmunizaci\u00f3n. En t\u00e9rminos epidemiol\u00f3gicos si no nos salvamos todos no se salvar\u00e1 nadie y cuanto mayor sea la solidaridad, m\u00e1s vidas se salvar\u00e1n y m\u00e1s r\u00e1pido terminar\u00e1 la pandemia.<\/p>\n\n\n\n<p>El mal del ser humano es su persistente ego\u00edsmo que termina por producirle mayores sufrimientos y p\u00e9rdidas. Es f\u00e1cil verlo en las personas que toman decisiones que afectan a millones, pero tambi\u00e9n est\u00e1 muy cerca de cada uno y debe identificarse para corregirlo. Se encuentra en la renuencia a ceder un asiento o el lugar en una fila de espera. Est\u00e1 en la impaciencia de no otorgar el paso a un veh\u00edculo que ingresa al carril o en el amago agresivo por ser los primeros en abordar el autob\u00fas. El mensaje central del cristianismo es precisamente el de la muerte al yo. La consagraci\u00f3n de la persona al servicio de los dem\u00e1s y la bienaventuranza de partir el pan con los hambrientos. Lo que nos hace creyentes es la capacidad de vernos en el otro y descubrirnos como hermanos. Si se permite que el ego\u00edsmo prevalezca, el bienestar y la sobrevivencia se ver\u00e1n amenazadas. Vacunas hay suficientes para todos, se trata solo de distribuirlas de la manera m\u00e1s eficaz posible. \u00bfQu\u00e9 suceder\u00e1 cuando lleguen a nuestro pa\u00eds? \u00bfSe priorizar\u00e1 la inmunizaci\u00f3n del personal m\u00e9dico y de las personas con perfil de riesgo? \u00bfSer\u00e1 posible por una vez en la vida renunciar a la cultura del vivo y ceder el lugar para quienes afrontan mayor riesgo? Que Dios nos ayude a que as\u00ed sea.<\/p>\n","protected":false},"excerpt":{"rendered":"<p>Por: Mario Vega | Pastor General Misi\u00f3n Cristiana Elim Las vacunas contra el COVID 19 ya est\u00e1n disponibles y un aproximado de 39 millones de personas las han recibido.\u00a0El problema es que todas esas personas viven en los 49 pa\u00edses m\u00e1s ricos del mundo o de renta media. En los pa\u00edses de ingresos bajos solo [&hellip;]<\/p>\n","protected":false},"author":3,"featured_media":11093,"comment_status":"open","ping_status":"open","sticky":false,"template":"","format":"standard","meta":[],"categories":[23],"tags":[],"yoast_head":"<!-- This site is optimized with the Yoast SEO plugin v20.8 - https:\/\/yoast.com\/wordpress\/plugins\/seo\/ -->\n<title>Yo primero - La Prensa Cristiana<\/title>\n<meta name=\"robots\" content=\"index, follow, max-snippet:-1, max-image-preview:large, max-video-preview:-1\" \/>\n<link rel=\"canonical\" href=\"https:\/\/laprensacristiana.com\/?p=11092\" \/>\n<meta property=\"og:locale\" content=\"es_ES\" \/>\n<meta property=\"og:type\" content=\"article\" \/>\n<meta property=\"og:title\" content=\"Yo primero - La Prensa Cristiana\" \/>\n<meta property=\"og:description\" content=\"Por: Mario Vega | Pastor General Misi\u00f3n Cristiana Elim Las vacunas contra el COVID 19 ya est\u00e1n disponibles y un aproximado de 39 millones de personas las han recibido.\u00a0El problema es que todas esas personas viven en los 49 pa\u00edses m\u00e1s ricos del mundo o de renta media. En los pa\u00edses de ingresos bajos solo [&hellip;]\" \/>\n<meta property=\"og:url\" content=\"https:\/\/laprensacristiana.com\/?p=11092\" \/>\n<meta property=\"og:site_name\" content=\"La Prensa Cristiana\" \/>\n<meta property=\"article:published_time\" content=\"2021-01-24T01:53:46+00:00\" \/>\n<meta property=\"article:modified_time\" content=\"2021-01-24T01:53:47+00:00\" \/>\n<meta property=\"og:image\" content=\"https:\/\/laprensacristiana.com\/wp-content\/uploads\/2021\/01\/IMG-20190215-WA0063.jpg\" \/>\n\t<meta property=\"og:image:width\" content=\"1280\" \/>\n\t<meta property=\"og:image:height\" content=\"714\" \/>\n\t<meta property=\"og:image:type\" content=\"image\/jpeg\" \/>\n<meta name=\"author\" content=\"EDITOR\" \/>\n<meta name=\"twitter:card\" content=\"summary_large_image\" \/>\n<meta name=\"twitter:label1\" content=\"Escrito por\" \/>\n\t<meta name=\"twitter:data1\" content=\"EDITOR\" \/>\n\t<meta name=\"twitter:label2\" content=\"Tiempo de lectura\" \/>\n\t<meta name=\"twitter:data2\" content=\"3 minutos\" \/>\n<script type=\"application\/ld+json\" class=\"yoast-schema-graph\">{\"@context\":\"https:\/\/schema.org\",\"@graph\":[{\"@type\":\"WebPage\",\"@id\":\"https:\/\/laprensacristiana.com\/?p=11092\",\"url\":\"https:\/\/laprensacristiana.com\/?p=11092\",\"name\":\"Yo primero - La Prensa Cristiana\",\"isPartOf\":{\"@id\":\"https:\/\/laprensacristiana.com\/#website\"},\"datePublished\":\"2021-01-24T01:53:46+00:00\",\"dateModified\":\"2021-01-24T01:53:47+00:00\",\"author\":{\"@id\":\"https:\/\/laprensacristiana.com\/#\/schema\/person\/3e7d82c6bfd6b1fa67010f8f7cd5256e\"},\"breadcrumb\":{\"@id\":\"https:\/\/laprensacristiana.com\/?p=11092#breadcrumb\"},\"inLanguage\":\"es\",\"potentialAction\":[{\"@type\":\"ReadAction\",\"target\":[\"https:\/\/laprensacristiana.com\/?p=11092\"]}]},{\"@type\":\"BreadcrumbList\",\"@id\":\"https:\/\/laprensacristiana.com\/?p=11092#breadcrumb\",\"itemListElement\":[{\"@type\":\"ListItem\",\"position\":1,\"name\":\"Portada\",\"item\":\"https:\/\/laprensacristiana.com\/\"},{\"@type\":\"ListItem\",\"position\":2,\"name\":\"Yo primero\"}]},{\"@type\":\"WebSite\",\"@id\":\"https:\/\/laprensacristiana.com\/#website\",\"url\":\"https:\/\/laprensacristiana.com\/\",\"name\":\"La Prensa Cristiana\",\"description\":\"Anunciando Las Buenas Nuevas\",\"potentialAction\":[{\"@type\":\"SearchAction\",\"target\":{\"@type\":\"EntryPoint\",\"urlTemplate\":\"https:\/\/laprensacristiana.com\/?s={search_term_string}\"},\"query-input\":\"required name=search_term_string\"}],\"inLanguage\":\"es\"},{\"@type\":\"Person\",\"@id\":\"https:\/\/laprensacristiana.com\/#\/schema\/person\/3e7d82c6bfd6b1fa67010f8f7cd5256e\",\"name\":\"EDITOR\",\"image\":{\"@type\":\"ImageObject\",\"inLanguage\":\"es\",\"@id\":\"https:\/\/laprensacristiana.com\/#\/schema\/person\/image\/\",\"url\":\"https:\/\/secure.gravatar.com\/avatar\/72069dfb6c13772d9e8381e3638666d2?s=96&d=mm&r=g\",\"contentUrl\":\"https:\/\/secure.gravatar.com\/avatar\/72069dfb6c13772d9e8381e3638666d2?s=96&d=mm&r=g\",\"caption\":\"EDITOR\"},\"url\":\"https:\/\/laprensacristiana.com\/?author=3\"}]}<\/script>\n<!-- \/ Yoast SEO plugin. -->","yoast_head_json":{"title":"Yo primero - La Prensa Cristiana","robots":{"index":"index","follow":"follow","max-snippet":"max-snippet:-1","max-image-preview":"max-image-preview:large","max-video-preview":"max-video-preview:-1"},"canonical":"https:\/\/laprensacristiana.com\/?p=11092","og_locale":"es_ES","og_type":"article","og_title":"Yo primero - La Prensa Cristiana","og_description":"Por: Mario Vega | Pastor General Misi\u00f3n Cristiana Elim Las vacunas contra el COVID 19 ya est\u00e1n disponibles y un aproximado de 39 millones de personas las han recibido.\u00a0El problema es que todas esas personas viven en los 49 pa\u00edses m\u00e1s ricos del mundo o de renta media. En los pa\u00edses de ingresos bajos solo [&hellip;]","og_url":"https:\/\/laprensacristiana.com\/?p=11092","og_site_name":"La Prensa Cristiana","article_published_time":"2021-01-24T01:53:46+00:00","article_modified_time":"2021-01-24T01:53:47+00:00","og_image":[{"width":1280,"height":714,"url":"https:\/\/laprensacristiana.com\/wp-content\/uploads\/2021\/01\/IMG-20190215-WA0063.jpg","type":"image\/jpeg"}],"author":"EDITOR","twitter_card":"summary_large_image","twitter_misc":{"Escrito por":"EDITOR","Tiempo de lectura":"3 minutos"},"schema":{"@context":"https:\/\/schema.org","@graph":[{"@type":"WebPage","@id":"https:\/\/laprensacristiana.com\/?p=11092","url":"https:\/\/laprensacristiana.com\/?p=11092","name":"Yo primero - La Prensa Cristiana","isPartOf":{"@id":"https:\/\/laprensacristiana.com\/#website"},"datePublished":"2021-01-24T01:53:46+00:00","dateModified":"2021-01-24T01:53:47+00:00","author":{"@id":"https:\/\/laprensacristiana.com\/#\/schema\/person\/3e7d82c6bfd6b1fa67010f8f7cd5256e"},"breadcrumb":{"@id":"https:\/\/laprensacristiana.com\/?p=11092#breadcrumb"},"inLanguage":"es","potentialAction":[{"@type":"ReadAction","target":["https:\/\/laprensacristiana.com\/?p=11092"]}]},{"@type":"BreadcrumbList","@id":"https:\/\/laprensacristiana.com\/?p=11092#breadcrumb","itemListElement":[{"@type":"ListItem","position":1,"name":"Portada","item":"https:\/\/laprensacristiana.com\/"},{"@type":"ListItem","position":2,"name":"Yo primero"}]},{"@type":"WebSite","@id":"https:\/\/laprensacristiana.com\/#website","url":"https:\/\/laprensacristiana.com\/","name":"La Prensa Cristiana","description":"Anunciando Las Buenas Nuevas","potentialAction":[{"@type":"SearchAction","target":{"@type":"EntryPoint","urlTemplate":"https:\/\/laprensacristiana.com\/?s={search_term_string}"},"query-input":"required name=search_term_string"}],"inLanguage":"es"},{"@type":"Person","@id":"https:\/\/laprensacristiana.com\/#\/schema\/person\/3e7d82c6bfd6b1fa67010f8f7cd5256e","name":"EDITOR","image":{"@type":"ImageObject","inLanguage":"es","@id":"https:\/\/laprensacristiana.com\/#\/schema\/person\/image\/","url":"https:\/\/secure.gravatar.com\/avatar\/72069dfb6c13772d9e8381e3638666d2?s=96&d=mm&r=g","contentUrl":"https:\/\/secure.gravatar.com\/avatar\/72069dfb6c13772d9e8381e3638666d2?s=96&d=mm&r=g","caption":"EDITOR"},"url":"https:\/\/laprensacristiana.com\/?author=3"}]}},"_links":{"self":[{"href":"https:\/\/laprensacristiana.com\/index.php?rest_route=\/wp\/v2\/posts\/11092"}],"collection":[{"href":"https:\/\/laprensacristiana.com\/index.php?rest_route=\/wp\/v2\/posts"}],"about":[{"href":"https:\/\/laprensacristiana.com\/index.php?rest_route=\/wp\/v2\/types\/post"}],"author":[{"embeddable":true,"href":"https:\/\/laprensacristiana.com\/index.php?rest_route=\/wp\/v2\/users\/3"}],"replies":[{"embeddable":true,"href":"https:\/\/laprensacristiana.com\/index.php?rest_route=%2Fwp%2Fv2%2Fcomments&post=11092"}],"version-history":[{"count":1,"href":"https:\/\/laprensacristiana.com\/index.php?rest_route=\/wp\/v2\/posts\/11092\/revisions"}],"predecessor-version":[{"id":11094,"href":"https:\/\/laprensacristiana.com\/index.php?rest_route=\/wp\/v2\/posts\/11092\/revisions\/11094"}],"wp:featuredmedia":[{"embeddable":true,"href":"https:\/\/laprensacristiana.com\/index.php?rest_route=\/wp\/v2\/media\/11093"}],"wp:attachment":[{"href":"https:\/\/laprensacristiana.com\/index.php?rest_route=%2Fwp%2Fv2%2Fmedia&parent=11092"}],"wp:term":[{"taxonomy":"category","embeddable":true,"href":"https:\/\/laprensacristiana.com\/index.php?rest_route=%2Fwp%2Fv2%2Fcategories&post=11092"},{"taxonomy":"post_tag","embeddable":true,"href":"https:\/\/laprensacristiana.com\/index.php?rest_route=%2Fwp%2Fv2%2Ftags&post=11092"}],"curies":[{"name":"wp","href":"https:\/\/api.w.org\/{rel}","templated":true}]}}