{"id":11113,"date":"2021-01-25T20:33:54","date_gmt":"2021-01-25T20:33:54","guid":{"rendered":"https:\/\/laprensacristiana.com\/?p=11113"},"modified":"2021-01-25T20:44:06","modified_gmt":"2021-01-25T20:44:06","slug":"el-informativo-aumenta-la-persecucion-a-cristianos-en-india","status":"publish","type":"post","link":"https:\/\/laprensacristiana.com\/?p=11113","title":{"rendered":"El Informativo: Aumenta la persecuci\u00f3n a cristianos en India"},"content":{"rendered":"\n<p>Por: Javier Bola\u00f1os \/ GNA<\/p>\n\n\n\n<figure class=\"wp-block-embed-youtube wp-block-embed is-type-video is-provider-youtube wp-embed-aspect-16-9 wp-has-aspect-ratio\"><div class=\"wp-block-embed__wrapper\">\n<iframe loading=\"lazy\" title=\"El Informativo  Aumenta la persecuci\u00f3n a cristianos en India\" width=\"696\" height=\"392\" src=\"https:\/\/www.youtube.com\/embed\/KasMssbJHjY?feature=oembed&#038;enablejsapi=1\" frameborder=\"0\" allow=\"accelerometer; autoplay; clipboard-write; encrypted-media; gyroscope; picture-in-picture\" allowfullscreen><\/iframe>\n<\/div><\/figure>\n\n\n\n<p>Los niveles de violencia contra los cristianos en la India por parte de extremistas hind\u00faes se est\u00e1n intensificando. Las cosas son a\u00fan peores ahora durante la pandemia, especialmente para los seguidores de Jes\u00fas que viven fuera de las ciudades. Esto y m\u00e1s en El Informativo.<\/p>\n","protected":false},"excerpt":{"rendered":"<p>Por: Javier Bola\u00f1os \/ GNA Los niveles de violencia contra los cristianos en la India por parte de extremistas hind\u00faes se est\u00e1n intensificando. Las cosas son a\u00fan peores ahora durante la pandemia, especialmente para los seguidores de Jes\u00fas que viven fuera de las ciudades. Esto y m\u00e1s en El Informativo.<\/p>\n","protected":false},"author":3,"featured_media":11114,"comment_status":"open","ping_status":"open","sticky":false,"template":"","format":"standard","meta":[],"categories":[97],"tags":[],"yoast_head":"<!-- This site is optimized with the Yoast SEO plugin v20.8 - https:\/\/yoast.com\/wordpress\/plugins\/seo\/ -->\n<title>El Informativo: Aumenta la persecuci\u00f3n a cristianos en India - La Prensa Cristiana<\/title>\n<meta name=\"robots\" content=\"index, follow, max-snippet:-1, max-image-preview:large, max-video-preview:-1\" \/>\n<link rel=\"canonical\" href=\"https:\/\/laprensacristiana.com\/?p=11113\" \/>\n<meta property=\"og:locale\" content=\"es_ES\" \/>\n<meta property=\"og:type\" content=\"article\" \/>\n<meta property=\"og:title\" content=\"El Informativo: Aumenta la persecuci\u00f3n a cristianos en India - La Prensa Cristiana\" \/>\n<meta property=\"og:description\" content=\"Por: Javier Bola\u00f1os \/ GNA Los niveles de violencia contra los cristianos en la India por parte de extremistas hind\u00faes se est\u00e1n intensificando. Las cosas son a\u00fan peores ahora durante la pandemia, especialmente para los seguidores de Jes\u00fas que viven fuera de las ciudades. Esto y m\u00e1s en El Informativo.\" \/>\n<meta property=\"og:url\" content=\"https:\/\/laprensacristiana.com\/?p=11113\" \/>\n<meta property=\"og:site_name\" content=\"La Prensa Cristiana\" \/>\n<meta property=\"article:published_time\" content=\"2021-01-25T20:33:54+00:00\" \/>\n<meta property=\"article:modified_time\" content=\"2021-01-25T20:44:06+00:00\" \/>\n<meta property=\"og:image\" content=\"https:\/\/laprensacristiana.com\/wp-content\/uploads\/2021\/01\/ElInformativo051.jpg\" \/>\n\t<meta property=\"og:image:width\" content=\"480\" \/>\n\t<meta property=\"og:image:height\" content=\"270\" \/>\n\t<meta property=\"og:image:type\" content=\"image\/jpeg\" \/>\n<meta name=\"author\" content=\"EDITOR\" \/>\n<meta name=\"twitter:card\" content=\"summary_large_image\" \/>\n<meta name=\"twitter:label1\" content=\"Escrito por\" \/>\n\t<meta name=\"twitter:data1\" content=\"EDITOR\" \/>\n<script type=\"application\/ld+json\" class=\"yoast-schema-graph\">{\"@context\":\"https:\/\/schema.org\",\"@graph\":[{\"@type\":\"WebPage\",\"@id\":\"https:\/\/laprensacristiana.com\/?p=11113\",\"url\":\"https:\/\/laprensacristiana.com\/?p=11113\",\"name\":\"El Informativo: Aumenta la persecuci\u00f3n a cristianos en India - La Prensa Cristiana\",\"isPartOf\":{\"@id\":\"https:\/\/laprensacristiana.com\/#website\"},\"datePublished\":\"2021-01-25T20:33:54+00:00\",\"dateModified\":\"2021-01-25T20:44:06+00:00\",\"author\":{\"@id\":\"https:\/\/laprensacristiana.com\/#\/schema\/person\/3e7d82c6bfd6b1fa67010f8f7cd5256e\"},\"breadcrumb\":{\"@id\":\"https:\/\/laprensacristiana.com\/?p=11113#breadcrumb\"},\"inLanguage\":\"es\",\"potentialAction\":[{\"@type\":\"ReadAction\",\"target\":[\"https:\/\/laprensacristiana.com\/?p=11113\"]}]},{\"@type\":\"BreadcrumbList\",\"@id\":\"https:\/\/laprensacristiana.com\/?p=11113#breadcrumb\",\"itemListElement\":[{\"@type\":\"ListItem\",\"position\":1,\"name\":\"Portada\",\"item\":\"https:\/\/laprensacristiana.com\/\"},{\"@type\":\"ListItem\",\"position\":2,\"name\":\"El Informativo: Aumenta la persecuci\u00f3n a cristianos en India\"}]},{\"@type\":\"WebSite\",\"@id\":\"https:\/\/laprensacristiana.com\/#website\",\"url\":\"https:\/\/laprensacristiana.com\/\",\"name\":\"La Prensa Cristiana\",\"description\":\"Anunciando Las Buenas Nuevas\",\"potentialAction\":[{\"@type\":\"SearchAction\",\"target\":{\"@type\":\"EntryPoint\",\"urlTemplate\":\"https:\/\/laprensacristiana.com\/?s={search_term_string}\"},\"query-input\":\"required name=search_term_string\"}],\"inLanguage\":\"es\"},{\"@type\":\"Person\",\"@id\":\"https:\/\/laprensacristiana.com\/#\/schema\/person\/3e7d82c6bfd6b1fa67010f8f7cd5256e\",\"name\":\"EDITOR\",\"image\":{\"@type\":\"ImageObject\",\"inLanguage\":\"es\",\"@id\":\"https:\/\/laprensacristiana.com\/#\/schema\/person\/image\/\",\"url\":\"https:\/\/secure.gravatar.com\/avatar\/72069dfb6c13772d9e8381e3638666d2?s=96&d=mm&r=g\",\"contentUrl\":\"https:\/\/secure.gravatar.com\/avatar\/72069dfb6c13772d9e8381e3638666d2?s=96&d=mm&r=g\",\"caption\":\"EDITOR\"},\"url\":\"https:\/\/laprensacristiana.com\/?author=3\"}]}<\/script>\n<!-- \/ Yoast SEO plugin. -->","yoast_head_json":{"title":"El Informativo: Aumenta la persecuci\u00f3n a cristianos en India - La Prensa Cristiana","robots":{"index":"index","follow":"follow","max-snippet":"max-snippet:-1","max-image-preview":"max-image-preview:large","max-video-preview":"max-video-preview:-1"},"canonical":"https:\/\/laprensacristiana.com\/?p=11113","og_locale":"es_ES","og_type":"article","og_title":"El Informativo: Aumenta la persecuci\u00f3n a cristianos en India - La Prensa Cristiana","og_description":"Por: Javier Bola\u00f1os \/ GNA Los niveles de violencia contra los cristianos en la India por parte de extremistas hind\u00faes se est\u00e1n intensificando. Las cosas son a\u00fan peores ahora durante la pandemia, especialmente para los seguidores de Jes\u00fas que viven fuera de las ciudades. Esto y m\u00e1s en El Informativo.","og_url":"https:\/\/laprensacristiana.com\/?p=11113","og_site_name":"La Prensa Cristiana","article_published_time":"2021-01-25T20:33:54+00:00","article_modified_time":"2021-01-25T20:44:06+00:00","og_image":[{"width":480,"height":270,"url":"https:\/\/laprensacristiana.com\/wp-content\/uploads\/2021\/01\/ElInformativo051.jpg","type":"image\/jpeg"}],"author":"EDITOR","twitter_card":"summary_large_image","twitter_misc":{"Escrito por":"EDITOR"},"schema":{"@context":"https:\/\/schema.org","@graph":[{"@type":"WebPage","@id":"https:\/\/laprensacristiana.com\/?p=11113","url":"https:\/\/laprensacristiana.com\/?p=11113","name":"El Informativo: Aumenta la persecuci\u00f3n a cristianos en India - La Prensa Cristiana","isPartOf":{"@id":"https:\/\/laprensacristiana.com\/#website"},"datePublished":"2021-01-25T20:33:54+00:00","dateModified":"2021-01-25T20:44:06+00:00","author":{"@id":"https:\/\/laprensacristiana.com\/#\/schema\/person\/3e7d82c6bfd6b1fa67010f8f7cd5256e"},"breadcrumb":{"@id":"https:\/\/laprensacristiana.com\/?p=11113#breadcrumb"},"inLanguage":"es","potentialAction":[{"@type":"ReadAction","target":["https:\/\/laprensacristiana.com\/?p=11113"]}]},{"@type":"BreadcrumbList","@id":"https:\/\/laprensacristiana.com\/?p=11113#breadcrumb","itemListElement":[{"@type":"ListItem","position":1,"name":"Portada","item":"https:\/\/laprensacristiana.com\/"},{"@type":"ListItem","position":2,"name":"El Informativo: Aumenta la persecuci\u00f3n a cristianos en India"}]},{"@type":"WebSite","@id":"https:\/\/laprensacristiana.com\/#website","url":"https:\/\/laprensacristiana.com\/","name":"La Prensa Cristiana","description":"Anunciando Las Buenas Nuevas","potentialAction":[{"@type":"SearchAction","target":{"@type":"EntryPoint","urlTemplate":"https:\/\/laprensacristiana.com\/?s={search_term_string}"},"query-input":"required name=search_term_string"}],"inLanguage":"es"},{"@type":"Person","@id":"https:\/\/laprensacristiana.com\/#\/schema\/person\/3e7d82c6bfd6b1fa67010f8f7cd5256e","name":"EDITOR","image":{"@type":"ImageObject","inLanguage":"es","@id":"https:\/\/laprensacristiana.com\/#\/schema\/person\/image\/","url":"https:\/\/secure.gravatar.com\/avatar\/72069dfb6c13772d9e8381e3638666d2?s=96&d=mm&r=g","contentUrl":"https:\/\/secure.gravatar.com\/avatar\/72069dfb6c13772d9e8381e3638666d2?s=96&d=mm&r=g","caption":"EDITOR"},"url":"https:\/\/laprensacristiana.com\/?author=3"}]}},"_links":{"self":[{"href":"https:\/\/laprensacristiana.com\/index.php?rest_route=\/wp\/v2\/posts\/11113"}],"collection":[{"href":"https:\/\/laprensacristiana.com\/index.php?rest_route=\/wp\/v2\/posts"}],"about":[{"href":"https:\/\/laprensacristiana.com\/index.php?rest_route=\/wp\/v2\/types\/post"}],"author":[{"embeddable":true,"href":"https:\/\/laprensacristiana.com\/index.php?rest_route=\/wp\/v2\/users\/3"}],"replies":[{"embeddable":true,"href":"https:\/\/laprensacristiana.com\/index.php?rest_route=%2Fwp%2Fv2%2Fcomments&post=11113"}],"version-history":[{"count":2,"href":"https:\/\/laprensacristiana.com\/index.php?rest_route=\/wp\/v2\/posts\/11113\/revisions"}],"predecessor-version":[{"id":11117,"href":"https:\/\/laprensacristiana.com\/index.php?rest_route=\/wp\/v2\/posts\/11113\/revisions\/11117"}],"wp:featuredmedia":[{"embeddable":true,"href":"https:\/\/laprensacristiana.com\/index.php?rest_route=\/wp\/v2\/media\/11114"}],"wp:attachment":[{"href":"https:\/\/laprensacristiana.com\/index.php?rest_route=%2Fwp%2Fv2%2Fmedia&parent=11113"}],"wp:term":[{"taxonomy":"category","embeddable":true,"href":"https:\/\/laprensacristiana.com\/index.php?rest_route=%2Fwp%2Fv2%2Fcategories&post=11113"},{"taxonomy":"post_tag","embeddable":true,"href":"https:\/\/laprensacristiana.com\/index.php?rest_route=%2Fwp%2Fv2%2Ftags&post=11113"}],"curies":[{"name":"wp","href":"https:\/\/api.w.org\/{rel}","templated":true}]}}