{"id":11133,"date":"2021-01-26T14:27:08","date_gmt":"2021-01-26T14:27:08","guid":{"rendered":"https:\/\/laprensacristiana.com\/?p=11133"},"modified":"2021-01-26T14:35:35","modified_gmt":"2021-01-26T14:35:35","slug":"elias","status":"publish","type":"post","link":"https:\/\/laprensacristiana.com\/?p=11133","title":{"rendered":"El\u00edas"},"content":{"rendered":"\n<p>No se si ya les habl\u00e9 de otro de mis amigos que m\u00e1s admiro. Es un viejo cascarrabias. Su forma de vestir es muy peculiar. Es un iconoclasta de la moda. No le interesa impresionar a nadie con su ropa. Se pone lo que primero encuentra a mano y eso me dice mucho sobre su personalidad solitaria. No tiene amigos porque su car\u00e1cter es frontal y a veces duro. Lo que me gusta de \u00e9l es que es un hombre que ama a Dios y se ha entregado en cuerpo y alma a su servicio.<\/p>\n\n\n\n<p>Hizo un acto que ha pasado a la historia como un hito que nadie ha vuelto a repetir: Hizo que bajara fuego del cielo cuando la idolatr\u00eda estaba en su peor apogeo en la tierra de Israel. Su nombre es paradigma del anuncio del regreso de Cristo. Es tan admirado que a\u00fan hoy, en ciertos grupos religiosos, cuando celebran la Pascua, dejan una silla vac\u00eda en la mesa donde se espera que se siente \u00e9l si es que esa noche regresara para anunciar la llegada del Mes\u00edas.<\/p>\n\n\n\n<p>Se llama El\u00edas. Y su nombre tiene dos significados: Precursor o Jehov\u00e1 es mi Dios. \u00a1Qu\u00e9 tal! En su nombre se concentran dos funciones de significado profundo. \u201cPrecursor\u201d porque es quien anuncia la llega de alguien. Juan el Bautista fue su mejor representante. Y el otro nombre pues no digamos.<\/p>\n\n\n\n<p>Pero no es su nombre lo que me impacta. Tampoco su valor cuando se enfrent\u00f3 a los reyes Acab y Jezabel, tampoco cuando derrot\u00f3 a todos los profetas falsos de aquel tiempo. No, lo que me impacta es su debilidad. Porque en las debilidades de este gran hombre me siento protegido porque si Dios tuvo la paciencia de alimentarlo en la cueva cuando ya no quer\u00eda seguir su camino, cuando desmay\u00f3, cuando se cans\u00f3 de luchar contra todo y contra todos, incluso cuando declar\u00f3 que era mejor morir que seguir viviendo, veo c\u00f3mo Dios lo escuch\u00f3 y, aunque no le hizo ning\u00fan caso, lo soport\u00f3 hasta el final. El\u00edas es el ejemplo m\u00e1s vivo del ser humano d\u00e9bil, polvo, sujeto a pasiones como las m\u00edas, que en un momento est\u00e1 elevado ante la Presencia del Poder de Dios y al segundo siguiente se siente acobardado por las debilidades de su carne.<\/p>\n\n\n\n<p>Puedo contar con el ejemplo de El\u00edas que me inspira a seguir sirviendo a mi Dios a pesar de mis momentos oscuros y grises, momentos en que bajo los brazos y parece que todo se me pierde. Pero viene el recuerdo de este gran amigo que no ocult\u00f3 sus debilidades para mostrarnos el eterno y constante Amor de nuestro Dios. \u00a1Gracias El\u00edas, por tan grande ejemplo! Ahora entiendo m\u00e1s el significado de tu nombre: \u201cJehov\u00e1 es mi Dios\u201d. El m\u00edo tambi\u00e9n.<\/p>\n","protected":false},"excerpt":{"rendered":"<p>No se si ya les habl\u00e9 de otro de mis amigos que m\u00e1s admiro. Es un viejo cascarrabias. Su forma de vestir es muy peculiar. Es un iconoclasta de la moda. No le interesa impresionar a nadie con su ropa. Se pone lo que primero encuentra a mano y eso me dice mucho sobre su [&hellip;]<\/p>\n","protected":false},"author":3,"featured_media":11134,"comment_status":"open","ping_status":"open","sticky":false,"template":"","format":"standard","meta":[],"categories":[36],"tags":[],"yoast_head":"<!-- This site is optimized with the Yoast SEO plugin v20.8 - https:\/\/yoast.com\/wordpress\/plugins\/seo\/ -->\n<title>El\u00edas - La Prensa Cristiana<\/title>\n<meta name=\"robots\" content=\"index, follow, max-snippet:-1, max-image-preview:large, max-video-preview:-1\" \/>\n<link rel=\"canonical\" href=\"https:\/\/laprensacristiana.com\/?p=11133\" \/>\n<meta property=\"og:locale\" content=\"es_ES\" \/>\n<meta property=\"og:type\" content=\"article\" \/>\n<meta property=\"og:title\" content=\"El\u00edas - La Prensa Cristiana\" \/>\n<meta property=\"og:description\" content=\"No se si ya les habl\u00e9 de otro de mis amigos que m\u00e1s admiro. Es un viejo cascarrabias. Su forma de vestir es muy peculiar. Es un iconoclasta de la moda. No le interesa impresionar a nadie con su ropa. Se pone lo que primero encuentra a mano y eso me dice mucho sobre su [&hellip;]\" \/>\n<meta property=\"og:url\" content=\"https:\/\/laprensacristiana.com\/?p=11133\" \/>\n<meta property=\"og:site_name\" content=\"La Prensa Cristiana\" \/>\n<meta property=\"article:published_time\" content=\"2021-01-26T14:27:08+00:00\" \/>\n<meta property=\"article:modified_time\" content=\"2021-01-26T14:35:35+00:00\" \/>\n<meta property=\"og:image\" content=\"https:\/\/laprensacristiana.com\/wp-content\/uploads\/2021\/01\/IMG_20210125_102420_950.jpg\" \/>\n\t<meta property=\"og:image:width\" content=\"1280\" \/>\n\t<meta property=\"og:image:height\" content=\"714\" \/>\n\t<meta property=\"og:image:type\" content=\"image\/jpeg\" \/>\n<meta name=\"author\" content=\"EDITOR\" \/>\n<meta name=\"twitter:card\" content=\"summary_large_image\" \/>\n<meta name=\"twitter:label1\" content=\"Escrito por\" \/>\n\t<meta name=\"twitter:data1\" content=\"EDITOR\" \/>\n\t<meta name=\"twitter:label2\" content=\"Tiempo de lectura\" \/>\n\t<meta name=\"twitter:data2\" content=\"2 minutos\" \/>\n<script type=\"application\/ld+json\" class=\"yoast-schema-graph\">{\"@context\":\"https:\/\/schema.org\",\"@graph\":[{\"@type\":\"WebPage\",\"@id\":\"https:\/\/laprensacristiana.com\/?p=11133\",\"url\":\"https:\/\/laprensacristiana.com\/?p=11133\",\"name\":\"El\u00edas - La Prensa Cristiana\",\"isPartOf\":{\"@id\":\"https:\/\/laprensacristiana.com\/#website\"},\"datePublished\":\"2021-01-26T14:27:08+00:00\",\"dateModified\":\"2021-01-26T14:35:35+00:00\",\"author\":{\"@id\":\"https:\/\/laprensacristiana.com\/#\/schema\/person\/3e7d82c6bfd6b1fa67010f8f7cd5256e\"},\"breadcrumb\":{\"@id\":\"https:\/\/laprensacristiana.com\/?p=11133#breadcrumb\"},\"inLanguage\":\"es\",\"potentialAction\":[{\"@type\":\"ReadAction\",\"target\":[\"https:\/\/laprensacristiana.com\/?p=11133\"]}]},{\"@type\":\"BreadcrumbList\",\"@id\":\"https:\/\/laprensacristiana.com\/?p=11133#breadcrumb\",\"itemListElement\":[{\"@type\":\"ListItem\",\"position\":1,\"name\":\"Portada\",\"item\":\"https:\/\/laprensacristiana.com\/\"},{\"@type\":\"ListItem\",\"position\":2,\"name\":\"El\u00edas\"}]},{\"@type\":\"WebSite\",\"@id\":\"https:\/\/laprensacristiana.com\/#website\",\"url\":\"https:\/\/laprensacristiana.com\/\",\"name\":\"La Prensa Cristiana\",\"description\":\"Anunciando Las Buenas Nuevas\",\"potentialAction\":[{\"@type\":\"SearchAction\",\"target\":{\"@type\":\"EntryPoint\",\"urlTemplate\":\"https:\/\/laprensacristiana.com\/?s={search_term_string}\"},\"query-input\":\"required name=search_term_string\"}],\"inLanguage\":\"es\"},{\"@type\":\"Person\",\"@id\":\"https:\/\/laprensacristiana.com\/#\/schema\/person\/3e7d82c6bfd6b1fa67010f8f7cd5256e\",\"name\":\"EDITOR\",\"image\":{\"@type\":\"ImageObject\",\"inLanguage\":\"es\",\"@id\":\"https:\/\/laprensacristiana.com\/#\/schema\/person\/image\/\",\"url\":\"https:\/\/secure.gravatar.com\/avatar\/72069dfb6c13772d9e8381e3638666d2?s=96&d=mm&r=g\",\"contentUrl\":\"https:\/\/secure.gravatar.com\/avatar\/72069dfb6c13772d9e8381e3638666d2?s=96&d=mm&r=g\",\"caption\":\"EDITOR\"},\"url\":\"https:\/\/laprensacristiana.com\/?author=3\"}]}<\/script>\n<!-- \/ Yoast SEO plugin. -->","yoast_head_json":{"title":"El\u00edas - La Prensa Cristiana","robots":{"index":"index","follow":"follow","max-snippet":"max-snippet:-1","max-image-preview":"max-image-preview:large","max-video-preview":"max-video-preview:-1"},"canonical":"https:\/\/laprensacristiana.com\/?p=11133","og_locale":"es_ES","og_type":"article","og_title":"El\u00edas - La Prensa Cristiana","og_description":"No se si ya les habl\u00e9 de otro de mis amigos que m\u00e1s admiro. Es un viejo cascarrabias. Su forma de vestir es muy peculiar. Es un iconoclasta de la moda. No le interesa impresionar a nadie con su ropa. Se pone lo que primero encuentra a mano y eso me dice mucho sobre su [&hellip;]","og_url":"https:\/\/laprensacristiana.com\/?p=11133","og_site_name":"La Prensa Cristiana","article_published_time":"2021-01-26T14:27:08+00:00","article_modified_time":"2021-01-26T14:35:35+00:00","og_image":[{"width":1280,"height":714,"url":"https:\/\/laprensacristiana.com\/wp-content\/uploads\/2021\/01\/IMG_20210125_102420_950.jpg","type":"image\/jpeg"}],"author":"EDITOR","twitter_card":"summary_large_image","twitter_misc":{"Escrito por":"EDITOR","Tiempo de lectura":"2 minutos"},"schema":{"@context":"https:\/\/schema.org","@graph":[{"@type":"WebPage","@id":"https:\/\/laprensacristiana.com\/?p=11133","url":"https:\/\/laprensacristiana.com\/?p=11133","name":"El\u00edas - La Prensa Cristiana","isPartOf":{"@id":"https:\/\/laprensacristiana.com\/#website"},"datePublished":"2021-01-26T14:27:08+00:00","dateModified":"2021-01-26T14:35:35+00:00","author":{"@id":"https:\/\/laprensacristiana.com\/#\/schema\/person\/3e7d82c6bfd6b1fa67010f8f7cd5256e"},"breadcrumb":{"@id":"https:\/\/laprensacristiana.com\/?p=11133#breadcrumb"},"inLanguage":"es","potentialAction":[{"@type":"ReadAction","target":["https:\/\/laprensacristiana.com\/?p=11133"]}]},{"@type":"BreadcrumbList","@id":"https:\/\/laprensacristiana.com\/?p=11133#breadcrumb","itemListElement":[{"@type":"ListItem","position":1,"name":"Portada","item":"https:\/\/laprensacristiana.com\/"},{"@type":"ListItem","position":2,"name":"El\u00edas"}]},{"@type":"WebSite","@id":"https:\/\/laprensacristiana.com\/#website","url":"https:\/\/laprensacristiana.com\/","name":"La Prensa Cristiana","description":"Anunciando Las Buenas Nuevas","potentialAction":[{"@type":"SearchAction","target":{"@type":"EntryPoint","urlTemplate":"https:\/\/laprensacristiana.com\/?s={search_term_string}"},"query-input":"required name=search_term_string"}],"inLanguage":"es"},{"@type":"Person","@id":"https:\/\/laprensacristiana.com\/#\/schema\/person\/3e7d82c6bfd6b1fa67010f8f7cd5256e","name":"EDITOR","image":{"@type":"ImageObject","inLanguage":"es","@id":"https:\/\/laprensacristiana.com\/#\/schema\/person\/image\/","url":"https:\/\/secure.gravatar.com\/avatar\/72069dfb6c13772d9e8381e3638666d2?s=96&d=mm&r=g","contentUrl":"https:\/\/secure.gravatar.com\/avatar\/72069dfb6c13772d9e8381e3638666d2?s=96&d=mm&r=g","caption":"EDITOR"},"url":"https:\/\/laprensacristiana.com\/?author=3"}]}},"_links":{"self":[{"href":"https:\/\/laprensacristiana.com\/index.php?rest_route=\/wp\/v2\/posts\/11133"}],"collection":[{"href":"https:\/\/laprensacristiana.com\/index.php?rest_route=\/wp\/v2\/posts"}],"about":[{"href":"https:\/\/laprensacristiana.com\/index.php?rest_route=\/wp\/v2\/types\/post"}],"author":[{"embeddable":true,"href":"https:\/\/laprensacristiana.com\/index.php?rest_route=\/wp\/v2\/users\/3"}],"replies":[{"embeddable":true,"href":"https:\/\/laprensacristiana.com\/index.php?rest_route=%2Fwp%2Fv2%2Fcomments&post=11133"}],"version-history":[{"count":2,"href":"https:\/\/laprensacristiana.com\/index.php?rest_route=\/wp\/v2\/posts\/11133\/revisions"}],"predecessor-version":[{"id":11136,"href":"https:\/\/laprensacristiana.com\/index.php?rest_route=\/wp\/v2\/posts\/11133\/revisions\/11136"}],"wp:featuredmedia":[{"embeddable":true,"href":"https:\/\/laprensacristiana.com\/index.php?rest_route=\/wp\/v2\/media\/11134"}],"wp:attachment":[{"href":"https:\/\/laprensacristiana.com\/index.php?rest_route=%2Fwp%2Fv2%2Fmedia&parent=11133"}],"wp:term":[{"taxonomy":"category","embeddable":true,"href":"https:\/\/laprensacristiana.com\/index.php?rest_route=%2Fwp%2Fv2%2Fcategories&post=11133"},{"taxonomy":"post_tag","embeddable":true,"href":"https:\/\/laprensacristiana.com\/index.php?rest_route=%2Fwp%2Fv2%2Ftags&post=11133"}],"curies":[{"name":"wp","href":"https:\/\/api.w.org\/{rel}","templated":true}]}}