{"id":11164,"date":"2021-01-29T13:07:16","date_gmt":"2021-01-29T13:07:16","guid":{"rendered":"https:\/\/laprensacristiana.com\/?p=11164"},"modified":"2021-01-29T13:07:17","modified_gmt":"2021-01-29T13:07:17","slug":"esclavos","status":"publish","type":"post","link":"https:\/\/laprensacristiana.com\/?p=11164","title":{"rendered":"Esclavos"},"content":{"rendered":"\n<p>2 Pedro, 2:19 \u201c\u2026pues uno es esclavo de aquello que le ha vencido\u2026\u201d<\/p>\n\n\n\n<p>El 1 de enero de 1863, Abraham Lincoln decret\u00f3 el fin de la esclavitud en Estados Unidos y le devolvi\u00f3 la igualdad de derechos y privilegios a todos los que estaban en esa condici\u00f3n.<\/p>\n\n\n\n<p>Aunque a\u00fan hay conatos de segregaci\u00f3n racial en esa naci\u00f3n al igual que en otras, se acude a la Constituci\u00f3n para reclamar las libertades civiles. En ella est\u00e1 plasmado que todos los hombres son iguales para la ley civil.<\/p>\n\n\n\n<p>Pero la Biblia tiene otra opini\u00f3n al respecto, y no se trata de la esclavitud como la ejerc\u00edan los poderosos de aquella naci\u00f3n. La esclavitud de la que nos habla la Palabra de Dios es la esclavitud del alma al pecado. Porque no nos hemos dado cuenta que en muchos aspectos, el ser humano sigue siendo esclavo. Por m\u00e1s que Lincoln haya luchado por las libertades civiles en su pa\u00eds y que hombres tan famosos como Malcolm X, Martin Luther King y otros han dado sus vidas por reclamar sus derechos de libertad, no lograron lo que solo Uno ha venido a hacer al mundo: Jesucristo.<\/p>\n\n\n\n<p>Porque Jesus no solo nos vino a libertar de la esclavitud humana bajo la bota de los tiranos de moda, pero tambi\u00e9n nos vino a libertar del pecado que llena nuestros corazones. De nada sirve ser libre del hombre per se, si seguimos siendo esclavos del pecado. Y Pedro, en su segunda carta lo declara muy bien: \u201cpues uno es esclavo de aquello que le ha vencido\u201d. Ya no se trata entonces de que seamos esclavos de un jefe, de un patr\u00f3n que nos obliga a trabajar m\u00e1s de lo ordenado, esclavos de una deuda que durar\u00e1 a\u00f1os en ser cancelada. La peor esclavitud es la interna, la del coraz\u00f3n que es arrastrado por las cadenas de la lujuria, la rebeld\u00eda, el mal car\u00e1cter, las palabras soeces y las miradas lujuriosas.<\/p>\n\n\n\n<p>La peor esclavitud es la del alma que se niega a ser obediente a la Palabra del Se\u00f1or, la esclavitud que nos hace doblar las rodillas ante los placeres carnales y nos alejan m\u00e1s y m\u00e1s de la santidad que el Se\u00f1or espera de nosotros.<\/p>\n\n\n\n<p>Es por eso que la esclavitud como mal social no es nada, comparada con la esclavitud del esp\u00edritu. Porque lo que nos hace realmente esclavos no es un patr\u00f3n tirano, lo que realmente nos vence es esa parte del hombre interior que nos doblega, nos encadena a una vida de miserias y eso, de esclavitud interna. Aunque vistamos de cuello blanco, nuestro interior est\u00e1 ennegrecido por las pasiones que nos arrastran al fango. De eso nos quiere libertar Jesus.<\/p>\n","protected":false},"excerpt":{"rendered":"<p>2 Pedro, 2:19 \u201c\u2026pues uno es esclavo de aquello que le ha vencido\u2026\u201d El 1 de enero de 1863, Abraham Lincoln decret\u00f3 el fin de la esclavitud en Estados Unidos y le devolvi\u00f3 la igualdad de derechos y privilegios a todos los que estaban en esa condici\u00f3n. Aunque a\u00fan hay conatos de segregaci\u00f3n racial en [&hellip;]<\/p>\n","protected":false},"author":3,"featured_media":11165,"comment_status":"open","ping_status":"open","sticky":false,"template":"","format":"standard","meta":[],"categories":[36],"tags":[],"yoast_head":"<!-- This site is optimized with the Yoast SEO plugin v20.8 - https:\/\/yoast.com\/wordpress\/plugins\/seo\/ -->\n<title>Esclavos - La Prensa Cristiana<\/title>\n<meta name=\"robots\" content=\"index, follow, max-snippet:-1, max-image-preview:large, max-video-preview:-1\" \/>\n<link rel=\"canonical\" href=\"https:\/\/laprensacristiana.com\/?p=11164\" \/>\n<meta property=\"og:locale\" content=\"es_ES\" \/>\n<meta property=\"og:type\" content=\"article\" \/>\n<meta property=\"og:title\" content=\"Esclavos - La Prensa Cristiana\" \/>\n<meta property=\"og:description\" content=\"2 Pedro, 2:19 \u201c\u2026pues uno es esclavo de aquello que le ha vencido\u2026\u201d El 1 de enero de 1863, Abraham Lincoln decret\u00f3 el fin de la esclavitud en Estados Unidos y le devolvi\u00f3 la igualdad de derechos y privilegios a todos los que estaban en esa condici\u00f3n. Aunque a\u00fan hay conatos de segregaci\u00f3n racial en [&hellip;]\" \/>\n<meta property=\"og:url\" content=\"https:\/\/laprensacristiana.com\/?p=11164\" \/>\n<meta property=\"og:site_name\" content=\"La Prensa Cristiana\" \/>\n<meta property=\"article:published_time\" content=\"2021-01-29T13:07:16+00:00\" \/>\n<meta property=\"article:modified_time\" content=\"2021-01-29T13:07:17+00:00\" \/>\n<meta property=\"og:image\" content=\"https:\/\/laprensacristiana.com\/wp-content\/uploads\/2021\/01\/IMG_20210127_095317_167.jpg\" \/>\n\t<meta property=\"og:image:width\" content=\"1280\" \/>\n\t<meta property=\"og:image:height\" content=\"714\" \/>\n\t<meta property=\"og:image:type\" content=\"image\/jpeg\" \/>\n<meta name=\"author\" content=\"EDITOR\" \/>\n<meta name=\"twitter:card\" content=\"summary_large_image\" \/>\n<meta name=\"twitter:label1\" content=\"Escrito por\" \/>\n\t<meta name=\"twitter:data1\" content=\"EDITOR\" \/>\n\t<meta name=\"twitter:label2\" content=\"Tiempo de lectura\" \/>\n\t<meta name=\"twitter:data2\" content=\"2 minutos\" \/>\n<script type=\"application\/ld+json\" class=\"yoast-schema-graph\">{\"@context\":\"https:\/\/schema.org\",\"@graph\":[{\"@type\":\"WebPage\",\"@id\":\"https:\/\/laprensacristiana.com\/?p=11164\",\"url\":\"https:\/\/laprensacristiana.com\/?p=11164\",\"name\":\"Esclavos - La Prensa Cristiana\",\"isPartOf\":{\"@id\":\"https:\/\/laprensacristiana.com\/#website\"},\"datePublished\":\"2021-01-29T13:07:16+00:00\",\"dateModified\":\"2021-01-29T13:07:17+00:00\",\"author\":{\"@id\":\"https:\/\/laprensacristiana.com\/#\/schema\/person\/3e7d82c6bfd6b1fa67010f8f7cd5256e\"},\"breadcrumb\":{\"@id\":\"https:\/\/laprensacristiana.com\/?p=11164#breadcrumb\"},\"inLanguage\":\"es\",\"potentialAction\":[{\"@type\":\"ReadAction\",\"target\":[\"https:\/\/laprensacristiana.com\/?p=11164\"]}]},{\"@type\":\"BreadcrumbList\",\"@id\":\"https:\/\/laprensacristiana.com\/?p=11164#breadcrumb\",\"itemListElement\":[{\"@type\":\"ListItem\",\"position\":1,\"name\":\"Portada\",\"item\":\"https:\/\/laprensacristiana.com\/\"},{\"@type\":\"ListItem\",\"position\":2,\"name\":\"Esclavos\"}]},{\"@type\":\"WebSite\",\"@id\":\"https:\/\/laprensacristiana.com\/#website\",\"url\":\"https:\/\/laprensacristiana.com\/\",\"name\":\"La Prensa Cristiana\",\"description\":\"Anunciando Las Buenas Nuevas\",\"potentialAction\":[{\"@type\":\"SearchAction\",\"target\":{\"@type\":\"EntryPoint\",\"urlTemplate\":\"https:\/\/laprensacristiana.com\/?s={search_term_string}\"},\"query-input\":\"required name=search_term_string\"}],\"inLanguage\":\"es\"},{\"@type\":\"Person\",\"@id\":\"https:\/\/laprensacristiana.com\/#\/schema\/person\/3e7d82c6bfd6b1fa67010f8f7cd5256e\",\"name\":\"EDITOR\",\"image\":{\"@type\":\"ImageObject\",\"inLanguage\":\"es\",\"@id\":\"https:\/\/laprensacristiana.com\/#\/schema\/person\/image\/\",\"url\":\"https:\/\/secure.gravatar.com\/avatar\/72069dfb6c13772d9e8381e3638666d2?s=96&d=mm&r=g\",\"contentUrl\":\"https:\/\/secure.gravatar.com\/avatar\/72069dfb6c13772d9e8381e3638666d2?s=96&d=mm&r=g\",\"caption\":\"EDITOR\"},\"url\":\"https:\/\/laprensacristiana.com\/?author=3\"}]}<\/script>\n<!-- \/ Yoast SEO plugin. -->","yoast_head_json":{"title":"Esclavos - La Prensa Cristiana","robots":{"index":"index","follow":"follow","max-snippet":"max-snippet:-1","max-image-preview":"max-image-preview:large","max-video-preview":"max-video-preview:-1"},"canonical":"https:\/\/laprensacristiana.com\/?p=11164","og_locale":"es_ES","og_type":"article","og_title":"Esclavos - La Prensa Cristiana","og_description":"2 Pedro, 2:19 \u201c\u2026pues uno es esclavo de aquello que le ha vencido\u2026\u201d El 1 de enero de 1863, Abraham Lincoln decret\u00f3 el fin de la esclavitud en Estados Unidos y le devolvi\u00f3 la igualdad de derechos y privilegios a todos los que estaban en esa condici\u00f3n. Aunque a\u00fan hay conatos de segregaci\u00f3n racial en [&hellip;]","og_url":"https:\/\/laprensacristiana.com\/?p=11164","og_site_name":"La Prensa Cristiana","article_published_time":"2021-01-29T13:07:16+00:00","article_modified_time":"2021-01-29T13:07:17+00:00","og_image":[{"width":1280,"height":714,"url":"https:\/\/laprensacristiana.com\/wp-content\/uploads\/2021\/01\/IMG_20210127_095317_167.jpg","type":"image\/jpeg"}],"author":"EDITOR","twitter_card":"summary_large_image","twitter_misc":{"Escrito por":"EDITOR","Tiempo de lectura":"2 minutos"},"schema":{"@context":"https:\/\/schema.org","@graph":[{"@type":"WebPage","@id":"https:\/\/laprensacristiana.com\/?p=11164","url":"https:\/\/laprensacristiana.com\/?p=11164","name":"Esclavos - La Prensa Cristiana","isPartOf":{"@id":"https:\/\/laprensacristiana.com\/#website"},"datePublished":"2021-01-29T13:07:16+00:00","dateModified":"2021-01-29T13:07:17+00:00","author":{"@id":"https:\/\/laprensacristiana.com\/#\/schema\/person\/3e7d82c6bfd6b1fa67010f8f7cd5256e"},"breadcrumb":{"@id":"https:\/\/laprensacristiana.com\/?p=11164#breadcrumb"},"inLanguage":"es","potentialAction":[{"@type":"ReadAction","target":["https:\/\/laprensacristiana.com\/?p=11164"]}]},{"@type":"BreadcrumbList","@id":"https:\/\/laprensacristiana.com\/?p=11164#breadcrumb","itemListElement":[{"@type":"ListItem","position":1,"name":"Portada","item":"https:\/\/laprensacristiana.com\/"},{"@type":"ListItem","position":2,"name":"Esclavos"}]},{"@type":"WebSite","@id":"https:\/\/laprensacristiana.com\/#website","url":"https:\/\/laprensacristiana.com\/","name":"La Prensa Cristiana","description":"Anunciando Las Buenas Nuevas","potentialAction":[{"@type":"SearchAction","target":{"@type":"EntryPoint","urlTemplate":"https:\/\/laprensacristiana.com\/?s={search_term_string}"},"query-input":"required name=search_term_string"}],"inLanguage":"es"},{"@type":"Person","@id":"https:\/\/laprensacristiana.com\/#\/schema\/person\/3e7d82c6bfd6b1fa67010f8f7cd5256e","name":"EDITOR","image":{"@type":"ImageObject","inLanguage":"es","@id":"https:\/\/laprensacristiana.com\/#\/schema\/person\/image\/","url":"https:\/\/secure.gravatar.com\/avatar\/72069dfb6c13772d9e8381e3638666d2?s=96&d=mm&r=g","contentUrl":"https:\/\/secure.gravatar.com\/avatar\/72069dfb6c13772d9e8381e3638666d2?s=96&d=mm&r=g","caption":"EDITOR"},"url":"https:\/\/laprensacristiana.com\/?author=3"}]}},"_links":{"self":[{"href":"https:\/\/laprensacristiana.com\/index.php?rest_route=\/wp\/v2\/posts\/11164"}],"collection":[{"href":"https:\/\/laprensacristiana.com\/index.php?rest_route=\/wp\/v2\/posts"}],"about":[{"href":"https:\/\/laprensacristiana.com\/index.php?rest_route=\/wp\/v2\/types\/post"}],"author":[{"embeddable":true,"href":"https:\/\/laprensacristiana.com\/index.php?rest_route=\/wp\/v2\/users\/3"}],"replies":[{"embeddable":true,"href":"https:\/\/laprensacristiana.com\/index.php?rest_route=%2Fwp%2Fv2%2Fcomments&post=11164"}],"version-history":[{"count":1,"href":"https:\/\/laprensacristiana.com\/index.php?rest_route=\/wp\/v2\/posts\/11164\/revisions"}],"predecessor-version":[{"id":11166,"href":"https:\/\/laprensacristiana.com\/index.php?rest_route=\/wp\/v2\/posts\/11164\/revisions\/11166"}],"wp:featuredmedia":[{"embeddable":true,"href":"https:\/\/laprensacristiana.com\/index.php?rest_route=\/wp\/v2\/media\/11165"}],"wp:attachment":[{"href":"https:\/\/laprensacristiana.com\/index.php?rest_route=%2Fwp%2Fv2%2Fmedia&parent=11164"}],"wp:term":[{"taxonomy":"category","embeddable":true,"href":"https:\/\/laprensacristiana.com\/index.php?rest_route=%2Fwp%2Fv2%2Fcategories&post=11164"},{"taxonomy":"post_tag","embeddable":true,"href":"https:\/\/laprensacristiana.com\/index.php?rest_route=%2Fwp%2Fv2%2Ftags&post=11164"}],"curies":[{"name":"wp","href":"https:\/\/api.w.org\/{rel}","templated":true}]}}