{"id":11216,"date":"2021-02-03T14:51:10","date_gmt":"2021-02-03T14:51:10","guid":{"rendered":"https:\/\/laprensacristiana.com\/?p=11216"},"modified":"2021-02-03T14:51:11","modified_gmt":"2021-02-03T14:51:11","slug":"la-cueva","status":"publish","type":"post","link":"https:\/\/laprensacristiana.com\/?p=11216","title":{"rendered":"La cueva"},"content":{"rendered":"\n<p>1 Reyes 19:9 \u201cAll\u00ed entr\u00f3 en una cueva y pas\u00f3 en ella la noche; y he aqu\u00ed, vino a \u00e9l la palabra del SE\u00d1OR, y El le dijo: \u00bfQu\u00e9 haces aqu\u00ed, El\u00edas?\u201d<\/p>\n\n\n\n<p>La cueva era puro dolor: Paredes h\u00famedas por el agua filtrada, oscura, polvo acumulado por doquier por el paso del tiempo, una tristeza que lo cubr\u00eda todo como una p\u00e1tina. Casi pod\u00eda olerse en los rincones un olor a fracaso, olor a depresi\u00f3n, se pensar\u00eda que as\u00ed deb\u00eda sentirse una tumba desde adentro. Porque en las tumbas solo habita la muerte. Y en aquella cueva tambi\u00e9n. El hombre que se hab\u00eda refugiado en ella no quer\u00eda vivir m\u00e1s. Estaba cansado, agotado por las incertidumbres de su vida. No lograba que el pueblo al que hab\u00eda sido enviado creyera en un Dios Fiel y Poderoso. Hab\u00edan decidido seguir creyendo en \u00eddolos mudos, sordos e impotentes para atender a sus necesidades.<\/p>\n\n\n\n<p>Cansado de luchar contra corriente, se hab\u00eda refugiado en esa cueva a esperar la muerte. Porque muerto de miedo ya estaba. El mensaje que hab\u00eda recibido era claro: \u201cma\u00f1ana a esta hora estar\u00e1s muerto\u201d le hab\u00edan dicho. Y \u00e9l lo crey\u00f3. El sibilante aliento del diablo lo hab\u00eda alcanzado y sus defensas estaban por lo suelos, como lo estaba tambi\u00e9n su fe y su alma.<\/p>\n\n\n\n<p>El hombre escondido en esa cueva no parec\u00eda lo que era en realidad. Andrajoso. Macilento. Con el rostro p\u00e1lido por horas y horas de no poder dormir. Su ropa mostraba el fatal estado en el que se encontraba en esos momentos. Sus manos, que antes hab\u00edan sido poderosas para decapitar ochocientos cincuenta profetas falsos, ahora temblaban por la presi\u00f3n que ejerc\u00edan sobre su mente y su esp\u00edritu las amenazas de aquella mujer. Parec\u00eda que ya no hab\u00eda nada m\u00e1s que hacer con \u00e9l. Fracaso total. Profunda depresi\u00f3n. Hab\u00eda tocado fondo.<\/p>\n\n\n\n<p>Pero Dios -\u00a1cu\u00e1ndo no, nuestro hermoso Dios!-, lo busca. Lo busca porque todav\u00eda le puede ser \u00fatil. Porque a\u00fan no ha terminado con su siervo El\u00edas. Le queda mucho camino que recorrer y necesita hacer a\u00fan otros milagros. Una viuda est\u00e1 esperando la respuesta a sus oraciones y solo este andrajoso, fracasado y melindroso profeta tiene la soluci\u00f3n. As\u00ed que lo saca de su cueva. Los hijos de Dios no fueron hechos para vivir en cuevas. No fueron hechos para vivir entre los vahos apestosos y hediondos del fracaso. No. Fueron hechos para volar como \u00e1guilas. Para contar estrellas y granos de arena. Para ungir almohadas aunque sean de piedra.<\/p>\n\n\n\n<p>Pregunta: \u00bfEn qu\u00e9 cueva se ha escondido usted? No lo dude: Dios lo encontrar\u00e1.<\/p>\n","protected":false},"excerpt":{"rendered":"<p>1 Reyes 19:9 \u201cAll\u00ed entr\u00f3 en una cueva y pas\u00f3 en ella la noche; y he aqu\u00ed, vino a \u00e9l la palabra del SE\u00d1OR, y El le dijo: \u00bfQu\u00e9 haces aqu\u00ed, El\u00edas?\u201d La cueva era puro dolor: Paredes h\u00famedas por el agua filtrada, oscura, polvo acumulado por doquier por el paso del tiempo, una tristeza [&hellip;]<\/p>\n","protected":false},"author":3,"featured_media":11165,"comment_status":"open","ping_status":"open","sticky":false,"template":"","format":"standard","meta":[],"categories":[36],"tags":[],"yoast_head":"<!-- This site is optimized with the Yoast SEO plugin v20.8 - https:\/\/yoast.com\/wordpress\/plugins\/seo\/ -->\n<title>La cueva - La Prensa Cristiana<\/title>\n<meta name=\"robots\" content=\"index, follow, max-snippet:-1, max-image-preview:large, max-video-preview:-1\" \/>\n<link rel=\"canonical\" href=\"https:\/\/laprensacristiana.com\/?p=11216\" \/>\n<meta property=\"og:locale\" content=\"es_ES\" \/>\n<meta property=\"og:type\" content=\"article\" \/>\n<meta property=\"og:title\" content=\"La cueva - La Prensa Cristiana\" \/>\n<meta property=\"og:description\" content=\"1 Reyes 19:9 \u201cAll\u00ed entr\u00f3 en una cueva y pas\u00f3 en ella la noche; y he aqu\u00ed, vino a \u00e9l la palabra del SE\u00d1OR, y El le dijo: \u00bfQu\u00e9 haces aqu\u00ed, El\u00edas?\u201d La cueva era puro dolor: Paredes h\u00famedas por el agua filtrada, oscura, polvo acumulado por doquier por el paso del tiempo, una tristeza [&hellip;]\" \/>\n<meta property=\"og:url\" content=\"https:\/\/laprensacristiana.com\/?p=11216\" \/>\n<meta property=\"og:site_name\" content=\"La Prensa Cristiana\" \/>\n<meta property=\"article:published_time\" content=\"2021-02-03T14:51:10+00:00\" \/>\n<meta property=\"article:modified_time\" content=\"2021-02-03T14:51:11+00:00\" \/>\n<meta property=\"og:image\" content=\"https:\/\/laprensacristiana.com\/wp-content\/uploads\/2021\/01\/IMG_20210127_095317_167.jpg\" \/>\n\t<meta property=\"og:image:width\" content=\"1280\" \/>\n\t<meta property=\"og:image:height\" content=\"714\" \/>\n\t<meta property=\"og:image:type\" content=\"image\/jpeg\" \/>\n<meta name=\"author\" content=\"EDITOR\" \/>\n<meta name=\"twitter:card\" content=\"summary_large_image\" \/>\n<meta name=\"twitter:label1\" content=\"Escrito por\" \/>\n\t<meta name=\"twitter:data1\" content=\"EDITOR\" \/>\n\t<meta name=\"twitter:label2\" content=\"Tiempo de lectura\" \/>\n\t<meta name=\"twitter:data2\" content=\"2 minutos\" \/>\n<script type=\"application\/ld+json\" class=\"yoast-schema-graph\">{\"@context\":\"https:\/\/schema.org\",\"@graph\":[{\"@type\":\"WebPage\",\"@id\":\"https:\/\/laprensacristiana.com\/?p=11216\",\"url\":\"https:\/\/laprensacristiana.com\/?p=11216\",\"name\":\"La cueva - La Prensa Cristiana\",\"isPartOf\":{\"@id\":\"https:\/\/laprensacristiana.com\/#website\"},\"datePublished\":\"2021-02-03T14:51:10+00:00\",\"dateModified\":\"2021-02-03T14:51:11+00:00\",\"author\":{\"@id\":\"https:\/\/laprensacristiana.com\/#\/schema\/person\/3e7d82c6bfd6b1fa67010f8f7cd5256e\"},\"breadcrumb\":{\"@id\":\"https:\/\/laprensacristiana.com\/?p=11216#breadcrumb\"},\"inLanguage\":\"es\",\"potentialAction\":[{\"@type\":\"ReadAction\",\"target\":[\"https:\/\/laprensacristiana.com\/?p=11216\"]}]},{\"@type\":\"BreadcrumbList\",\"@id\":\"https:\/\/laprensacristiana.com\/?p=11216#breadcrumb\",\"itemListElement\":[{\"@type\":\"ListItem\",\"position\":1,\"name\":\"Portada\",\"item\":\"https:\/\/laprensacristiana.com\/\"},{\"@type\":\"ListItem\",\"position\":2,\"name\":\"La cueva\"}]},{\"@type\":\"WebSite\",\"@id\":\"https:\/\/laprensacristiana.com\/#website\",\"url\":\"https:\/\/laprensacristiana.com\/\",\"name\":\"La Prensa Cristiana\",\"description\":\"Anunciando Las Buenas Nuevas\",\"potentialAction\":[{\"@type\":\"SearchAction\",\"target\":{\"@type\":\"EntryPoint\",\"urlTemplate\":\"https:\/\/laprensacristiana.com\/?s={search_term_string}\"},\"query-input\":\"required name=search_term_string\"}],\"inLanguage\":\"es\"},{\"@type\":\"Person\",\"@id\":\"https:\/\/laprensacristiana.com\/#\/schema\/person\/3e7d82c6bfd6b1fa67010f8f7cd5256e\",\"name\":\"EDITOR\",\"image\":{\"@type\":\"ImageObject\",\"inLanguage\":\"es\",\"@id\":\"https:\/\/laprensacristiana.com\/#\/schema\/person\/image\/\",\"url\":\"https:\/\/secure.gravatar.com\/avatar\/72069dfb6c13772d9e8381e3638666d2?s=96&d=mm&r=g\",\"contentUrl\":\"https:\/\/secure.gravatar.com\/avatar\/72069dfb6c13772d9e8381e3638666d2?s=96&d=mm&r=g\",\"caption\":\"EDITOR\"},\"url\":\"https:\/\/laprensacristiana.com\/?author=3\"}]}<\/script>\n<!-- \/ Yoast SEO plugin. -->","yoast_head_json":{"title":"La cueva - La Prensa Cristiana","robots":{"index":"index","follow":"follow","max-snippet":"max-snippet:-1","max-image-preview":"max-image-preview:large","max-video-preview":"max-video-preview:-1"},"canonical":"https:\/\/laprensacristiana.com\/?p=11216","og_locale":"es_ES","og_type":"article","og_title":"La cueva - La Prensa Cristiana","og_description":"1 Reyes 19:9 \u201cAll\u00ed entr\u00f3 en una cueva y pas\u00f3 en ella la noche; y he aqu\u00ed, vino a \u00e9l la palabra del SE\u00d1OR, y El le dijo: \u00bfQu\u00e9 haces aqu\u00ed, El\u00edas?\u201d La cueva era puro dolor: Paredes h\u00famedas por el agua filtrada, oscura, polvo acumulado por doquier por el paso del tiempo, una tristeza [&hellip;]","og_url":"https:\/\/laprensacristiana.com\/?p=11216","og_site_name":"La Prensa Cristiana","article_published_time":"2021-02-03T14:51:10+00:00","article_modified_time":"2021-02-03T14:51:11+00:00","og_image":[{"width":1280,"height":714,"url":"https:\/\/laprensacristiana.com\/wp-content\/uploads\/2021\/01\/IMG_20210127_095317_167.jpg","type":"image\/jpeg"}],"author":"EDITOR","twitter_card":"summary_large_image","twitter_misc":{"Escrito por":"EDITOR","Tiempo de lectura":"2 minutos"},"schema":{"@context":"https:\/\/schema.org","@graph":[{"@type":"WebPage","@id":"https:\/\/laprensacristiana.com\/?p=11216","url":"https:\/\/laprensacristiana.com\/?p=11216","name":"La cueva - La Prensa Cristiana","isPartOf":{"@id":"https:\/\/laprensacristiana.com\/#website"},"datePublished":"2021-02-03T14:51:10+00:00","dateModified":"2021-02-03T14:51:11+00:00","author":{"@id":"https:\/\/laprensacristiana.com\/#\/schema\/person\/3e7d82c6bfd6b1fa67010f8f7cd5256e"},"breadcrumb":{"@id":"https:\/\/laprensacristiana.com\/?p=11216#breadcrumb"},"inLanguage":"es","potentialAction":[{"@type":"ReadAction","target":["https:\/\/laprensacristiana.com\/?p=11216"]}]},{"@type":"BreadcrumbList","@id":"https:\/\/laprensacristiana.com\/?p=11216#breadcrumb","itemListElement":[{"@type":"ListItem","position":1,"name":"Portada","item":"https:\/\/laprensacristiana.com\/"},{"@type":"ListItem","position":2,"name":"La cueva"}]},{"@type":"WebSite","@id":"https:\/\/laprensacristiana.com\/#website","url":"https:\/\/laprensacristiana.com\/","name":"La Prensa Cristiana","description":"Anunciando Las Buenas Nuevas","potentialAction":[{"@type":"SearchAction","target":{"@type":"EntryPoint","urlTemplate":"https:\/\/laprensacristiana.com\/?s={search_term_string}"},"query-input":"required name=search_term_string"}],"inLanguage":"es"},{"@type":"Person","@id":"https:\/\/laprensacristiana.com\/#\/schema\/person\/3e7d82c6bfd6b1fa67010f8f7cd5256e","name":"EDITOR","image":{"@type":"ImageObject","inLanguage":"es","@id":"https:\/\/laprensacristiana.com\/#\/schema\/person\/image\/","url":"https:\/\/secure.gravatar.com\/avatar\/72069dfb6c13772d9e8381e3638666d2?s=96&d=mm&r=g","contentUrl":"https:\/\/secure.gravatar.com\/avatar\/72069dfb6c13772d9e8381e3638666d2?s=96&d=mm&r=g","caption":"EDITOR"},"url":"https:\/\/laprensacristiana.com\/?author=3"}]}},"_links":{"self":[{"href":"https:\/\/laprensacristiana.com\/index.php?rest_route=\/wp\/v2\/posts\/11216"}],"collection":[{"href":"https:\/\/laprensacristiana.com\/index.php?rest_route=\/wp\/v2\/posts"}],"about":[{"href":"https:\/\/laprensacristiana.com\/index.php?rest_route=\/wp\/v2\/types\/post"}],"author":[{"embeddable":true,"href":"https:\/\/laprensacristiana.com\/index.php?rest_route=\/wp\/v2\/users\/3"}],"replies":[{"embeddable":true,"href":"https:\/\/laprensacristiana.com\/index.php?rest_route=%2Fwp%2Fv2%2Fcomments&post=11216"}],"version-history":[{"count":1,"href":"https:\/\/laprensacristiana.com\/index.php?rest_route=\/wp\/v2\/posts\/11216\/revisions"}],"predecessor-version":[{"id":11217,"href":"https:\/\/laprensacristiana.com\/index.php?rest_route=\/wp\/v2\/posts\/11216\/revisions\/11217"}],"wp:featuredmedia":[{"embeddable":true,"href":"https:\/\/laprensacristiana.com\/index.php?rest_route=\/wp\/v2\/media\/11165"}],"wp:attachment":[{"href":"https:\/\/laprensacristiana.com\/index.php?rest_route=%2Fwp%2Fv2%2Fmedia&parent=11216"}],"wp:term":[{"taxonomy":"category","embeddable":true,"href":"https:\/\/laprensacristiana.com\/index.php?rest_route=%2Fwp%2Fv2%2Fcategories&post=11216"},{"taxonomy":"post_tag","embeddable":true,"href":"https:\/\/laprensacristiana.com\/index.php?rest_route=%2Fwp%2Fv2%2Ftags&post=11216"}],"curies":[{"name":"wp","href":"https:\/\/api.w.org\/{rel}","templated":true}]}}