{"id":11280,"date":"2021-02-10T06:12:37","date_gmt":"2021-02-10T06:12:37","guid":{"rendered":"https:\/\/laprensacristiana.com\/?p=11280"},"modified":"2021-02-10T06:12:38","modified_gmt":"2021-02-10T06:12:38","slug":"ella-dijo-que-si","status":"publish","type":"post","link":"https:\/\/laprensacristiana.com\/?p=11280","title":{"rendered":"Ella dijo que \u00abSi\u00bb"},"content":{"rendered":"\n<p>G\u00e9nesis 24:58 \u201cY llamaron a Rebeca, y le dijeron: \u00bfIr\u00e1s t\u00fa con este var\u00f3n? Y ella respondi\u00f3: S\u00ed, ir\u00e9\u201d<\/p>\n\n\n\n<p>El matrimonio es un paso de fe. Se necesita mucha fe para que la mujer diga \u201csi, si quiero\u201d y de parte del hombre -pero del verdadero hombre-, mucha m\u00e1s fe para creer que podr\u00e1 soportar los rigores que el matrimonio exige: fidelidad. Esfuerzo. Provisi\u00f3n. Protecci\u00f3n. Cuidado y servicio.<\/p>\n\n\n\n<p>Cuando el siervo de Abraham le pidi\u00f3 a la familia que le dieran a la muchacha para llevarla a la casa de su due\u00f1o, el hermano Lab\u00e1n y el padre le hacen una \u00fanica pregunta y ella responde con una \u00fanica respuesta. \u201c\u00bfTe vas con \u00e9l?\u201d y ella, sin dudar, respondi\u00f3: \u201cSi, me voy\u201d.<\/p>\n\n\n\n<p>\u00bfSab\u00eda ella a qu\u00e9 lugar de la tierra se iba a ir a vivir? \u00bfEstaba segura de poder vivir fuera del seno materno? \u00bfSabr\u00eda ella que el car\u00e1cter del esposo iba a ser el correcto? \u00bfQue iba a ser tratada con la dignidad y el respeto que se merec\u00eda? \u00bfQue iba a tener a su lado a un hombre fiel, fuera de las costumbres \u201cnormales\u201d de su \u00e9poca? Muchas preguntas para responderlas en un minuto. Sin embargo, de acuerdo a la lectura de la Escritura, ella no lo pens\u00f3 ni una vez. Fue una respuesta de fe. De abandono de su terru\u00f1o, sus costumbres, su casa, sus dioses y su comodidad. Esa fe es admirable en Rebeca. Por algo es una de las matriarcas del pueblo de Israel. Un ejemplo de fe, de decisi\u00f3n, de arrojo. De valor.<\/p>\n\n\n\n<p>Era lo que necesitaba Isaac como esposa. Este muchacho fue criado bajo los par\u00e1metros del temor a Jehov\u00e1. E iba a necesitar a su lado a una mujer que llenara tambi\u00e9n ese perfil. Que conociera de primera mano al Dios del pueblo de su esposo. Es admirable como Dios fue formando los dos hilos conductores que los llev\u00f3 a unirse en una sola carne para la posteridad. Un ejemplo de esto lo tenemos cuando Isaac se dio cuenta que su esposa era est\u00e9ril. No pod\u00eda concebir hijos. Pero, a cambio de lo que hicieron sus ancestros, Isaac no se busc\u00f3 otra mujer para que fuera madre de sus hijos. No. Lo que hizo lo pone en un pedestal de fe: Fue el \u00fanico patriarca que or\u00f3 por su esposa. Y Dios lo escuch\u00f3.<\/p>\n\n\n\n<p>\u00bfNo les parece maravilloso saber que nuestros matrimonios son un pacto de fe del uno para con el otro entonces? No, no somos perfectos eso est\u00e1 claro. Pero tenemos fe en Dios en que llegaremos al final como empezamos: creyendo en la ayuda de nuestro Amigo el Esp\u00edritu Santo.<\/p>\n","protected":false},"excerpt":{"rendered":"<p>G\u00e9nesis 24:58 \u201cY llamaron a Rebeca, y le dijeron: \u00bfIr\u00e1s t\u00fa con este var\u00f3n? Y ella respondi\u00f3: S\u00ed, ir\u00e9\u201d El matrimonio es un paso de fe. Se necesita mucha fe para que la mujer diga \u201csi, si quiero\u201d y de parte del hombre -pero del verdadero hombre-, mucha m\u00e1s fe para creer que podr\u00e1 soportar [&hellip;]<\/p>\n","protected":false},"author":3,"featured_media":11165,"comment_status":"open","ping_status":"open","sticky":false,"template":"","format":"standard","meta":[],"categories":[36],"tags":[],"yoast_head":"<!-- This site is optimized with the Yoast SEO plugin v20.8 - https:\/\/yoast.com\/wordpress\/plugins\/seo\/ -->\n<title>Ella dijo que &quot;Si&quot; - La Prensa Cristiana<\/title>\n<meta name=\"robots\" content=\"index, follow, max-snippet:-1, max-image-preview:large, max-video-preview:-1\" \/>\n<link rel=\"canonical\" href=\"https:\/\/laprensacristiana.com\/?p=11280\" \/>\n<meta property=\"og:locale\" content=\"es_ES\" \/>\n<meta property=\"og:type\" content=\"article\" \/>\n<meta property=\"og:title\" content=\"Ella dijo que &quot;Si&quot; - La Prensa Cristiana\" \/>\n<meta property=\"og:description\" content=\"G\u00e9nesis 24:58 \u201cY llamaron a Rebeca, y le dijeron: \u00bfIr\u00e1s t\u00fa con este var\u00f3n? Y ella respondi\u00f3: S\u00ed, ir\u00e9\u201d El matrimonio es un paso de fe. Se necesita mucha fe para que la mujer diga \u201csi, si quiero\u201d y de parte del hombre -pero del verdadero hombre-, mucha m\u00e1s fe para creer que podr\u00e1 soportar [&hellip;]\" \/>\n<meta property=\"og:url\" content=\"https:\/\/laprensacristiana.com\/?p=11280\" \/>\n<meta property=\"og:site_name\" content=\"La Prensa Cristiana\" \/>\n<meta property=\"article:published_time\" content=\"2021-02-10T06:12:37+00:00\" \/>\n<meta property=\"article:modified_time\" content=\"2021-02-10T06:12:38+00:00\" \/>\n<meta property=\"og:image\" content=\"https:\/\/laprensacristiana.com\/wp-content\/uploads\/2021\/01\/IMG_20210127_095317_167.jpg\" \/>\n\t<meta property=\"og:image:width\" content=\"1280\" \/>\n\t<meta property=\"og:image:height\" content=\"714\" \/>\n\t<meta property=\"og:image:type\" content=\"image\/jpeg\" \/>\n<meta name=\"author\" content=\"EDITOR\" \/>\n<meta name=\"twitter:card\" content=\"summary_large_image\" \/>\n<meta name=\"twitter:label1\" content=\"Escrito por\" \/>\n\t<meta name=\"twitter:data1\" content=\"EDITOR\" \/>\n\t<meta name=\"twitter:label2\" content=\"Tiempo de lectura\" \/>\n\t<meta name=\"twitter:data2\" content=\"2 minutos\" \/>\n<script type=\"application\/ld+json\" class=\"yoast-schema-graph\">{\"@context\":\"https:\/\/schema.org\",\"@graph\":[{\"@type\":\"WebPage\",\"@id\":\"https:\/\/laprensacristiana.com\/?p=11280\",\"url\":\"https:\/\/laprensacristiana.com\/?p=11280\",\"name\":\"Ella dijo que \\\"Si\\\" - La Prensa Cristiana\",\"isPartOf\":{\"@id\":\"https:\/\/laprensacristiana.com\/#website\"},\"datePublished\":\"2021-02-10T06:12:37+00:00\",\"dateModified\":\"2021-02-10T06:12:38+00:00\",\"author\":{\"@id\":\"https:\/\/laprensacristiana.com\/#\/schema\/person\/3e7d82c6bfd6b1fa67010f8f7cd5256e\"},\"breadcrumb\":{\"@id\":\"https:\/\/laprensacristiana.com\/?p=11280#breadcrumb\"},\"inLanguage\":\"es\",\"potentialAction\":[{\"@type\":\"ReadAction\",\"target\":[\"https:\/\/laprensacristiana.com\/?p=11280\"]}]},{\"@type\":\"BreadcrumbList\",\"@id\":\"https:\/\/laprensacristiana.com\/?p=11280#breadcrumb\",\"itemListElement\":[{\"@type\":\"ListItem\",\"position\":1,\"name\":\"Portada\",\"item\":\"https:\/\/laprensacristiana.com\/\"},{\"@type\":\"ListItem\",\"position\":2,\"name\":\"Ella dijo que \u00abSi\u00bb\"}]},{\"@type\":\"WebSite\",\"@id\":\"https:\/\/laprensacristiana.com\/#website\",\"url\":\"https:\/\/laprensacristiana.com\/\",\"name\":\"La Prensa Cristiana\",\"description\":\"Anunciando Las Buenas Nuevas\",\"potentialAction\":[{\"@type\":\"SearchAction\",\"target\":{\"@type\":\"EntryPoint\",\"urlTemplate\":\"https:\/\/laprensacristiana.com\/?s={search_term_string}\"},\"query-input\":\"required name=search_term_string\"}],\"inLanguage\":\"es\"},{\"@type\":\"Person\",\"@id\":\"https:\/\/laprensacristiana.com\/#\/schema\/person\/3e7d82c6bfd6b1fa67010f8f7cd5256e\",\"name\":\"EDITOR\",\"image\":{\"@type\":\"ImageObject\",\"inLanguage\":\"es\",\"@id\":\"https:\/\/laprensacristiana.com\/#\/schema\/person\/image\/\",\"url\":\"https:\/\/secure.gravatar.com\/avatar\/72069dfb6c13772d9e8381e3638666d2?s=96&d=mm&r=g\",\"contentUrl\":\"https:\/\/secure.gravatar.com\/avatar\/72069dfb6c13772d9e8381e3638666d2?s=96&d=mm&r=g\",\"caption\":\"EDITOR\"},\"url\":\"https:\/\/laprensacristiana.com\/?author=3\"}]}<\/script>\n<!-- \/ Yoast SEO plugin. -->","yoast_head_json":{"title":"Ella dijo que \"Si\" - La Prensa Cristiana","robots":{"index":"index","follow":"follow","max-snippet":"max-snippet:-1","max-image-preview":"max-image-preview:large","max-video-preview":"max-video-preview:-1"},"canonical":"https:\/\/laprensacristiana.com\/?p=11280","og_locale":"es_ES","og_type":"article","og_title":"Ella dijo que \"Si\" - La Prensa Cristiana","og_description":"G\u00e9nesis 24:58 \u201cY llamaron a Rebeca, y le dijeron: \u00bfIr\u00e1s t\u00fa con este var\u00f3n? Y ella respondi\u00f3: S\u00ed, ir\u00e9\u201d El matrimonio es un paso de fe. Se necesita mucha fe para que la mujer diga \u201csi, si quiero\u201d y de parte del hombre -pero del verdadero hombre-, mucha m\u00e1s fe para creer que podr\u00e1 soportar [&hellip;]","og_url":"https:\/\/laprensacristiana.com\/?p=11280","og_site_name":"La Prensa Cristiana","article_published_time":"2021-02-10T06:12:37+00:00","article_modified_time":"2021-02-10T06:12:38+00:00","og_image":[{"width":1280,"height":714,"url":"https:\/\/laprensacristiana.com\/wp-content\/uploads\/2021\/01\/IMG_20210127_095317_167.jpg","type":"image\/jpeg"}],"author":"EDITOR","twitter_card":"summary_large_image","twitter_misc":{"Escrito por":"EDITOR","Tiempo de lectura":"2 minutos"},"schema":{"@context":"https:\/\/schema.org","@graph":[{"@type":"WebPage","@id":"https:\/\/laprensacristiana.com\/?p=11280","url":"https:\/\/laprensacristiana.com\/?p=11280","name":"Ella dijo que \"Si\" - La Prensa Cristiana","isPartOf":{"@id":"https:\/\/laprensacristiana.com\/#website"},"datePublished":"2021-02-10T06:12:37+00:00","dateModified":"2021-02-10T06:12:38+00:00","author":{"@id":"https:\/\/laprensacristiana.com\/#\/schema\/person\/3e7d82c6bfd6b1fa67010f8f7cd5256e"},"breadcrumb":{"@id":"https:\/\/laprensacristiana.com\/?p=11280#breadcrumb"},"inLanguage":"es","potentialAction":[{"@type":"ReadAction","target":["https:\/\/laprensacristiana.com\/?p=11280"]}]},{"@type":"BreadcrumbList","@id":"https:\/\/laprensacristiana.com\/?p=11280#breadcrumb","itemListElement":[{"@type":"ListItem","position":1,"name":"Portada","item":"https:\/\/laprensacristiana.com\/"},{"@type":"ListItem","position":2,"name":"Ella dijo que \u00abSi\u00bb"}]},{"@type":"WebSite","@id":"https:\/\/laprensacristiana.com\/#website","url":"https:\/\/laprensacristiana.com\/","name":"La Prensa Cristiana","description":"Anunciando Las Buenas Nuevas","potentialAction":[{"@type":"SearchAction","target":{"@type":"EntryPoint","urlTemplate":"https:\/\/laprensacristiana.com\/?s={search_term_string}"},"query-input":"required name=search_term_string"}],"inLanguage":"es"},{"@type":"Person","@id":"https:\/\/laprensacristiana.com\/#\/schema\/person\/3e7d82c6bfd6b1fa67010f8f7cd5256e","name":"EDITOR","image":{"@type":"ImageObject","inLanguage":"es","@id":"https:\/\/laprensacristiana.com\/#\/schema\/person\/image\/","url":"https:\/\/secure.gravatar.com\/avatar\/72069dfb6c13772d9e8381e3638666d2?s=96&d=mm&r=g","contentUrl":"https:\/\/secure.gravatar.com\/avatar\/72069dfb6c13772d9e8381e3638666d2?s=96&d=mm&r=g","caption":"EDITOR"},"url":"https:\/\/laprensacristiana.com\/?author=3"}]}},"_links":{"self":[{"href":"https:\/\/laprensacristiana.com\/index.php?rest_route=\/wp\/v2\/posts\/11280"}],"collection":[{"href":"https:\/\/laprensacristiana.com\/index.php?rest_route=\/wp\/v2\/posts"}],"about":[{"href":"https:\/\/laprensacristiana.com\/index.php?rest_route=\/wp\/v2\/types\/post"}],"author":[{"embeddable":true,"href":"https:\/\/laprensacristiana.com\/index.php?rest_route=\/wp\/v2\/users\/3"}],"replies":[{"embeddable":true,"href":"https:\/\/laprensacristiana.com\/index.php?rest_route=%2Fwp%2Fv2%2Fcomments&post=11280"}],"version-history":[{"count":1,"href":"https:\/\/laprensacristiana.com\/index.php?rest_route=\/wp\/v2\/posts\/11280\/revisions"}],"predecessor-version":[{"id":11281,"href":"https:\/\/laprensacristiana.com\/index.php?rest_route=\/wp\/v2\/posts\/11280\/revisions\/11281"}],"wp:featuredmedia":[{"embeddable":true,"href":"https:\/\/laprensacristiana.com\/index.php?rest_route=\/wp\/v2\/media\/11165"}],"wp:attachment":[{"href":"https:\/\/laprensacristiana.com\/index.php?rest_route=%2Fwp%2Fv2%2Fmedia&parent=11280"}],"wp:term":[{"taxonomy":"category","embeddable":true,"href":"https:\/\/laprensacristiana.com\/index.php?rest_route=%2Fwp%2Fv2%2Fcategories&post=11280"},{"taxonomy":"post_tag","embeddable":true,"href":"https:\/\/laprensacristiana.com\/index.php?rest_route=%2Fwp%2Fv2%2Ftags&post=11280"}],"curies":[{"name":"wp","href":"https:\/\/api.w.org\/{rel}","templated":true}]}}