{"id":11288,"date":"2021-02-12T16:57:40","date_gmt":"2021-02-12T16:57:40","guid":{"rendered":"https:\/\/laprensacristiana.com\/?p=11288"},"modified":"2021-02-12T16:57:41","modified_gmt":"2021-02-12T16:57:41","slug":"limpiando-gavetas","status":"publish","type":"post","link":"https:\/\/laprensacristiana.com\/?p=11288","title":{"rendered":"Limpiando gavetas"},"content":{"rendered":"\n<p>Bueno, hoy es el \u00faltimo d\u00eda del a\u00f1o 2020. Y en cuanto me sent\u00e9 a escribir, lo primero que me vino a la mente es que debo limpiar las gavetas de mi escritorio. Abr\u00ed la primera y encontr\u00e9 un mont\u00f3n de papeles que ya no recuerdo por qu\u00e9 los puse all\u00ed. En otra tengo unos llaveros que alguien me regal\u00f3 y que nunca us\u00e9, tambi\u00e9n encontr\u00e9 cables de computadora, cargadores y un sin fin de cosas que ya olvid\u00e9 para qu\u00e9 sirven\u2026<\/p>\n\n\n\n<p>En mi coraz\u00f3n tambi\u00e9n tengo algunas gavetas que vaciar\u2026<\/p>\n\n\n\n<p>Tengo que desocupar espacios en donde guard\u00e9 amistades que cre\u00ed que eran sinceras. En algunas gavetas de mi coraz\u00f3n guard\u00e9 por mucho tiempo la esperanza de que alguien que dijo que me amaba lo demostrara pero no obtuve pruebas de ello. Personas que se cruzaron en mi camino y dejaron algunas huellas de mentiras, traici\u00f3n y dolor. Tengo que sacarlas de los rincones de mi alma porque me estan abultando la existencia y no vale la pena recargar mi vida con esos recuerdos.<\/p>\n\n\n\n<p>Otros que caminaron conmigo por un tiempo haci\u00e9ndome sentir que eran amigos pero la prueba del tiempo demostr\u00f3 que no eran sinceros porque los momentos dif\u00edciles de cualquier amistad les hizo dar la vuelta y me dejaron con un mal sabor en la boca. Sigo rebuscando en los cajones de mi interior y me encuentro n\u00fameros telef\u00f3nicos a los cuales llam\u00e9 muchas veces pero nunca me respondieron. Quiz\u00e1 fui borrado de su lista de contactos y nunca me hab\u00eda dado cuenta. Otros que est\u00e1n, como se dice, en la cuerda floja porque les he escrito alg\u00fan que otro wats app pero me dejaron \u201cvisto\u201d sin tomarse el tiempo ni la cortes\u00eda de responder. S\u00e9 que debo dejarlos ir. Debo limpiar los espacios de mi coraz\u00f3n para seguir creyendo y volver a empezar a poner en mi interior otros sue\u00f1os y anhelos de seguir creyendo en las personas. Creo que no todo est\u00e1 perdido.<\/p>\n\n\n\n<p>Estoy vaciando los cajones de mi alma y tengo que tirar recuerdos amargos, momentos dif\u00edciles, amistades t\u00f3xicas, de esas que solo chupan sangre y tiempo, personas que no apreciaron un abrazo, un saludo o un \u201cte amo\u201d. Sacar momentos de dolor y tristeza. Instantes de dudas y de luchas. Noches de desvelo y l\u00e1grimas de impotencia\u2026<\/p>\n\n\n\n<p>Pero \u00bfsaben qu\u00e9? empezar\u00e9 otro a\u00f1o. Y con \u00e9l, seguir\u00e9 creyendo en Jesus. Seguir\u00e9 creyendo en las personas. Seguir\u00e9 creyendo que todav\u00eda existe la verdadera amistad. Continuar\u00e9 guardando en mi escritorio recuerdos de aquellos que a\u00fan sonr\u00eden, que todav\u00eda aman y que como yo, siguen esperando que el amor prevalezca por sobre los avatares de la vida.<\/p>\n\n\n\n<p>Con Jesus todo es posible. As\u00ed que feliz a\u00f1o nuevo, mis queridos lectores.<\/p>\n","protected":false},"excerpt":{"rendered":"<p>Bueno, hoy es el \u00faltimo d\u00eda del a\u00f1o 2020. Y en cuanto me sent\u00e9 a escribir, lo primero que me vino a la mente es que debo limpiar las gavetas de mi escritorio. Abr\u00ed la primera y encontr\u00e9 un mont\u00f3n de papeles que ya no recuerdo por qu\u00e9 los puse all\u00ed. En otra tengo unos [&hellip;]<\/p>\n","protected":false},"author":3,"featured_media":11105,"comment_status":"open","ping_status":"open","sticky":false,"template":"","format":"standard","meta":[],"categories":[36],"tags":[],"yoast_head":"<!-- This site is optimized with the Yoast SEO plugin v20.8 - https:\/\/yoast.com\/wordpress\/plugins\/seo\/ -->\n<title>Limpiando gavetas - La Prensa Cristiana<\/title>\n<meta name=\"robots\" content=\"index, follow, max-snippet:-1, max-image-preview:large, max-video-preview:-1\" \/>\n<link rel=\"canonical\" href=\"https:\/\/laprensacristiana.com\/?p=11288\" \/>\n<meta property=\"og:locale\" content=\"es_ES\" \/>\n<meta property=\"og:type\" content=\"article\" \/>\n<meta property=\"og:title\" content=\"Limpiando gavetas - La Prensa Cristiana\" \/>\n<meta property=\"og:description\" content=\"Bueno, hoy es el \u00faltimo d\u00eda del a\u00f1o 2020. Y en cuanto me sent\u00e9 a escribir, lo primero que me vino a la mente es que debo limpiar las gavetas de mi escritorio. Abr\u00ed la primera y encontr\u00e9 un mont\u00f3n de papeles que ya no recuerdo por qu\u00e9 los puse all\u00ed. En otra tengo unos [&hellip;]\" \/>\n<meta property=\"og:url\" content=\"https:\/\/laprensacristiana.com\/?p=11288\" \/>\n<meta property=\"og:site_name\" content=\"La Prensa Cristiana\" \/>\n<meta property=\"article:published_time\" content=\"2021-02-12T16:57:40+00:00\" \/>\n<meta property=\"article:modified_time\" content=\"2021-02-12T16:57:41+00:00\" \/>\n<meta property=\"og:image\" content=\"https:\/\/laprensacristiana.com\/wp-content\/uploads\/2021\/01\/IMG_20210122_155826_393.jpg\" \/>\n\t<meta property=\"og:image:width\" content=\"1280\" \/>\n\t<meta property=\"og:image:height\" content=\"714\" \/>\n\t<meta property=\"og:image:type\" content=\"image\/jpeg\" \/>\n<meta name=\"author\" content=\"EDITOR\" \/>\n<meta name=\"twitter:card\" content=\"summary_large_image\" \/>\n<meta name=\"twitter:label1\" content=\"Escrito por\" \/>\n\t<meta name=\"twitter:data1\" content=\"EDITOR\" \/>\n\t<meta name=\"twitter:label2\" content=\"Tiempo de lectura\" \/>\n\t<meta name=\"twitter:data2\" content=\"2 minutos\" \/>\n<script type=\"application\/ld+json\" class=\"yoast-schema-graph\">{\"@context\":\"https:\/\/schema.org\",\"@graph\":[{\"@type\":\"WebPage\",\"@id\":\"https:\/\/laprensacristiana.com\/?p=11288\",\"url\":\"https:\/\/laprensacristiana.com\/?p=11288\",\"name\":\"Limpiando gavetas - La Prensa Cristiana\",\"isPartOf\":{\"@id\":\"https:\/\/laprensacristiana.com\/#website\"},\"datePublished\":\"2021-02-12T16:57:40+00:00\",\"dateModified\":\"2021-02-12T16:57:41+00:00\",\"author\":{\"@id\":\"https:\/\/laprensacristiana.com\/#\/schema\/person\/3e7d82c6bfd6b1fa67010f8f7cd5256e\"},\"breadcrumb\":{\"@id\":\"https:\/\/laprensacristiana.com\/?p=11288#breadcrumb\"},\"inLanguage\":\"es\",\"potentialAction\":[{\"@type\":\"ReadAction\",\"target\":[\"https:\/\/laprensacristiana.com\/?p=11288\"]}]},{\"@type\":\"BreadcrumbList\",\"@id\":\"https:\/\/laprensacristiana.com\/?p=11288#breadcrumb\",\"itemListElement\":[{\"@type\":\"ListItem\",\"position\":1,\"name\":\"Portada\",\"item\":\"https:\/\/laprensacristiana.com\/\"},{\"@type\":\"ListItem\",\"position\":2,\"name\":\"Limpiando gavetas\"}]},{\"@type\":\"WebSite\",\"@id\":\"https:\/\/laprensacristiana.com\/#website\",\"url\":\"https:\/\/laprensacristiana.com\/\",\"name\":\"La Prensa Cristiana\",\"description\":\"Anunciando Las Buenas Nuevas\",\"potentialAction\":[{\"@type\":\"SearchAction\",\"target\":{\"@type\":\"EntryPoint\",\"urlTemplate\":\"https:\/\/laprensacristiana.com\/?s={search_term_string}\"},\"query-input\":\"required name=search_term_string\"}],\"inLanguage\":\"es\"},{\"@type\":\"Person\",\"@id\":\"https:\/\/laprensacristiana.com\/#\/schema\/person\/3e7d82c6bfd6b1fa67010f8f7cd5256e\",\"name\":\"EDITOR\",\"image\":{\"@type\":\"ImageObject\",\"inLanguage\":\"es\",\"@id\":\"https:\/\/laprensacristiana.com\/#\/schema\/person\/image\/\",\"url\":\"https:\/\/secure.gravatar.com\/avatar\/72069dfb6c13772d9e8381e3638666d2?s=96&d=mm&r=g\",\"contentUrl\":\"https:\/\/secure.gravatar.com\/avatar\/72069dfb6c13772d9e8381e3638666d2?s=96&d=mm&r=g\",\"caption\":\"EDITOR\"},\"url\":\"https:\/\/laprensacristiana.com\/?author=3\"}]}<\/script>\n<!-- \/ Yoast SEO plugin. -->","yoast_head_json":{"title":"Limpiando gavetas - La Prensa Cristiana","robots":{"index":"index","follow":"follow","max-snippet":"max-snippet:-1","max-image-preview":"max-image-preview:large","max-video-preview":"max-video-preview:-1"},"canonical":"https:\/\/laprensacristiana.com\/?p=11288","og_locale":"es_ES","og_type":"article","og_title":"Limpiando gavetas - La Prensa Cristiana","og_description":"Bueno, hoy es el \u00faltimo d\u00eda del a\u00f1o 2020. Y en cuanto me sent\u00e9 a escribir, lo primero que me vino a la mente es que debo limpiar las gavetas de mi escritorio. Abr\u00ed la primera y encontr\u00e9 un mont\u00f3n de papeles que ya no recuerdo por qu\u00e9 los puse all\u00ed. En otra tengo unos [&hellip;]","og_url":"https:\/\/laprensacristiana.com\/?p=11288","og_site_name":"La Prensa Cristiana","article_published_time":"2021-02-12T16:57:40+00:00","article_modified_time":"2021-02-12T16:57:41+00:00","og_image":[{"width":1280,"height":714,"url":"https:\/\/laprensacristiana.com\/wp-content\/uploads\/2021\/01\/IMG_20210122_155826_393.jpg","type":"image\/jpeg"}],"author":"EDITOR","twitter_card":"summary_large_image","twitter_misc":{"Escrito por":"EDITOR","Tiempo de lectura":"2 minutos"},"schema":{"@context":"https:\/\/schema.org","@graph":[{"@type":"WebPage","@id":"https:\/\/laprensacristiana.com\/?p=11288","url":"https:\/\/laprensacristiana.com\/?p=11288","name":"Limpiando gavetas - La Prensa Cristiana","isPartOf":{"@id":"https:\/\/laprensacristiana.com\/#website"},"datePublished":"2021-02-12T16:57:40+00:00","dateModified":"2021-02-12T16:57:41+00:00","author":{"@id":"https:\/\/laprensacristiana.com\/#\/schema\/person\/3e7d82c6bfd6b1fa67010f8f7cd5256e"},"breadcrumb":{"@id":"https:\/\/laprensacristiana.com\/?p=11288#breadcrumb"},"inLanguage":"es","potentialAction":[{"@type":"ReadAction","target":["https:\/\/laprensacristiana.com\/?p=11288"]}]},{"@type":"BreadcrumbList","@id":"https:\/\/laprensacristiana.com\/?p=11288#breadcrumb","itemListElement":[{"@type":"ListItem","position":1,"name":"Portada","item":"https:\/\/laprensacristiana.com\/"},{"@type":"ListItem","position":2,"name":"Limpiando gavetas"}]},{"@type":"WebSite","@id":"https:\/\/laprensacristiana.com\/#website","url":"https:\/\/laprensacristiana.com\/","name":"La Prensa Cristiana","description":"Anunciando Las Buenas Nuevas","potentialAction":[{"@type":"SearchAction","target":{"@type":"EntryPoint","urlTemplate":"https:\/\/laprensacristiana.com\/?s={search_term_string}"},"query-input":"required name=search_term_string"}],"inLanguage":"es"},{"@type":"Person","@id":"https:\/\/laprensacristiana.com\/#\/schema\/person\/3e7d82c6bfd6b1fa67010f8f7cd5256e","name":"EDITOR","image":{"@type":"ImageObject","inLanguage":"es","@id":"https:\/\/laprensacristiana.com\/#\/schema\/person\/image\/","url":"https:\/\/secure.gravatar.com\/avatar\/72069dfb6c13772d9e8381e3638666d2?s=96&d=mm&r=g","contentUrl":"https:\/\/secure.gravatar.com\/avatar\/72069dfb6c13772d9e8381e3638666d2?s=96&d=mm&r=g","caption":"EDITOR"},"url":"https:\/\/laprensacristiana.com\/?author=3"}]}},"_links":{"self":[{"href":"https:\/\/laprensacristiana.com\/index.php?rest_route=\/wp\/v2\/posts\/11288"}],"collection":[{"href":"https:\/\/laprensacristiana.com\/index.php?rest_route=\/wp\/v2\/posts"}],"about":[{"href":"https:\/\/laprensacristiana.com\/index.php?rest_route=\/wp\/v2\/types\/post"}],"author":[{"embeddable":true,"href":"https:\/\/laprensacristiana.com\/index.php?rest_route=\/wp\/v2\/users\/3"}],"replies":[{"embeddable":true,"href":"https:\/\/laprensacristiana.com\/index.php?rest_route=%2Fwp%2Fv2%2Fcomments&post=11288"}],"version-history":[{"count":1,"href":"https:\/\/laprensacristiana.com\/index.php?rest_route=\/wp\/v2\/posts\/11288\/revisions"}],"predecessor-version":[{"id":11289,"href":"https:\/\/laprensacristiana.com\/index.php?rest_route=\/wp\/v2\/posts\/11288\/revisions\/11289"}],"wp:featuredmedia":[{"embeddable":true,"href":"https:\/\/laprensacristiana.com\/index.php?rest_route=\/wp\/v2\/media\/11105"}],"wp:attachment":[{"href":"https:\/\/laprensacristiana.com\/index.php?rest_route=%2Fwp%2Fv2%2Fmedia&parent=11288"}],"wp:term":[{"taxonomy":"category","embeddable":true,"href":"https:\/\/laprensacristiana.com\/index.php?rest_route=%2Fwp%2Fv2%2Fcategories&post=11288"},{"taxonomy":"post_tag","embeddable":true,"href":"https:\/\/laprensacristiana.com\/index.php?rest_route=%2Fwp%2Fv2%2Ftags&post=11288"}],"curies":[{"name":"wp","href":"https:\/\/api.w.org\/{rel}","templated":true}]}}