{"id":11319,"date":"2021-02-16T01:33:16","date_gmt":"2021-02-16T01:33:16","guid":{"rendered":"https:\/\/laprensacristiana.com\/?p=11319"},"modified":"2021-02-16T01:33:19","modified_gmt":"2021-02-16T01:33:19","slug":"nuevos-aportes-contextuales-para-el-ministerio-pastoral-en-el-salvador","status":"publish","type":"post","link":"https:\/\/laprensacristiana.com\/?p=11319","title":{"rendered":"Nuevos aportes contextuales para el ministerio pastoral en El Salvador"},"content":{"rendered":"\n<p><strong>Una Pastoral en funci\u00f3n de las personas<\/strong><\/p>\n\n\n\n<p>En la pastoral, el ministerio debe estar en funci\u00f3n de las personas y no las personas en funci\u00f3n del ministerio pastoral. &nbsp;El ministerio de Jes\u00fas estuvo orientado al ser humano. En las palabras de Isa\u00edas y de la relectura de Lucas 4, las \u201cBuenas Nuevas del Evangelio\u201d son buenas nuevas a \u00bfqui\u00e9nes?, a los empobrecidos, a los abatidos, a los oprimidos, enlutados, no hay un evangelio para el sistema eclesi\u00e1stico, hay evangelio para las personas, no debemos olvidar la centralidad del mensaje de Jes\u00fas hacia las personas que necesitan de Dios.<\/p>\n\n\n\n<p><strong>El lugar desde d\u00f3nde se hace la pastoral limita o potencia el mensaje que se predica<\/strong><\/p>\n\n\n\n<p>Hay una des-encarnaci\u00f3n del ministerio pastoral actual sobre la realidad de las personas que se pastorean. No se camina con ellos, no se les conoce en su cotidianidad, ni la realidad con la que luchan. Es necesario encarnarse, \u201cel verbo se hizo carne\u201d dice el Evangelio de Juan, si el pastor no se encarna en la realidad de su gente, no les podr\u00e1 entender, porque desde arriba las cosas se ven de una manera totalmente distinta, hasta la predicaci\u00f3n falla, creyendo que se les est\u00e1 llenando y lo que las personas necesitan, muchas veces, es algo distinto.<\/p>\n\n\n\n<p>Esta labor pastoral desencarnada no nos permite tener una conciencia sensibilizada del dolor, el sufrimiento y las luchas de nuestros miembros con la vida, la pobreza, las presiones, los problemas o las injusticias que viven a diario, y por ende, la predicaci\u00f3n nos les habla, no les llena.<\/p>\n\n\n\n<p><strong>Un nuevo enfoque de lo que es el ministerio pastoral<\/strong>.<\/p>\n\n\n\n<p>En la acci\u00f3n propiamente pastoral, debemos tener una nueva forma de relaci\u00f3n, ya no seguirnos relacionando con la gente desde arriba, en un sentido piramidal, jer\u00e1rquico, sino con alteridad, es decir, de forma horizontal al estilo de Jes\u00fas con sus disc\u00edpulos; no debe hacerse en las categor\u00edas de \u201cdominador-dominado\u201d o con la actitud de \u201cyo estoy arriba, yo te domino y t\u00fa te sometes\u201d. Eso es contrario al evangelio y al liderazgo b\u00edblico de Jes\u00fas.<\/p>\n\n\n\n<p>Tenemos diversos tipos de liderazgo como alternativa, por ejemplo: Jes\u00fas, Bonhoeffer, Martin Luther King, Spurgeon, Billy Graham, Gandhi, entre otros m\u00e1s. Hay que tomar otras referencias, para salirnos un poco de la visi\u00f3n del liderazgo anglosaj\u00f3n que se basa en figuras en la c\u00faspide gerencial o corporativas. Los seminarios de liderazgo ahondan en esta tem\u00e1tica, nos venden la visi\u00f3n empresarial de liderazgo, el liderazgo b\u00edblico es diferente, se realiza con un esp\u00edritu distinto, un lenguaje y una intencionalidad transformadora y no utilitarista.<\/p>\n\n\n\n<p><strong>Nuevas met\u00e1foras pastorales<\/strong><\/p>\n\n\n\n<p>Hay que usar nuevas met\u00e1foras, quiz\u00e1, hay que dejar la met\u00e1fora de pastor-oveja porque en la met\u00e1fora de pastor-oveja, se ve a la oveja como tonta e incapaz, hasta se predica ese tipo de significados, la oveja es tonta, es boba y no puede. Esto provoca una especie de dependencia espiritual porque si el pastor no est\u00e1, la oveja se va, se cae en el acantilado y se ahoga. Entonces, como la oveja es tonta depende absolutamente del pastor; esa met\u00e1fora que surgi\u00f3 en un ambiente agr\u00edcola y pastoril, creo que ha ayudado bastante, pero hay que buscar nuevas met\u00e1foras que ayuden a entender la relaci\u00f3n del pastor con los miembros de la iglesia y comunidad de fe. Es necesario el uso de otras met\u00e1foras que muestren una forma diferente de ver el pastorado y la relaci\u00f3n de pastor-creyente, tutor-aprendiz, maestro-disc\u00edpulo.<\/p>\n\n\n\n<p><strong>Nuevos modelos pastorales<\/strong><\/p>\n\n\n\n<p>No se trata de abandonar el modelo gerencial y empresarial, (el m\u00e1s usado en ambientes urbanos) sino por lo menos equilibrarlo o matizarlo con el modelo de Jes\u00fas. Hay muchos libros con enfoque empresarial, ejemplo de eso son los t\u00edtulos como: \u00abEl Jes\u00fas gerencial\u00bb, en el que se muestra una visi\u00f3n gerencial y jer\u00e1rquica, que sabemos que es una traici\u00f3n directa al esp\u00edritu de Jes\u00fas de Nazaret, que se le llama el \u201cSiervo de Yahv\u00e9\u201d, \u201cel pastor de los perdidos y extraviados\u201d que necesitaban guianza y acompa\u00f1amiento. El Jes\u00fas siervo-maestro-gu\u00eda es un modelo adecuado para la pr\u00e1ctica pastoral evang\u00e9lica actual.<\/p>\n","protected":false},"excerpt":{"rendered":"<p>Una Pastoral en funci\u00f3n de las personas En la pastoral, el ministerio debe estar en funci\u00f3n de las personas y no las personas en funci\u00f3n del ministerio pastoral. &nbsp;El ministerio de Jes\u00fas estuvo orientado al ser humano. En las palabras de Isa\u00edas y de la relectura de Lucas 4, las \u201cBuenas Nuevas del Evangelio\u201d son [&hellip;]<\/p>\n","protected":false},"author":3,"featured_media":11320,"comment_status":"open","ping_status":"open","sticky":false,"template":"","format":"standard","meta":[],"categories":[36],"tags":[],"yoast_head":"<!-- This site is optimized with the Yoast SEO plugin v20.8 - https:\/\/yoast.com\/wordpress\/plugins\/seo\/ -->\n<title>Nuevos aportes contextuales para el ministerio pastoral en El Salvador - La Prensa Cristiana<\/title>\n<meta name=\"robots\" content=\"index, follow, max-snippet:-1, max-image-preview:large, max-video-preview:-1\" \/>\n<link rel=\"canonical\" href=\"https:\/\/laprensacristiana.com\/?p=11319\" \/>\n<meta property=\"og:locale\" content=\"es_ES\" \/>\n<meta property=\"og:type\" content=\"article\" \/>\n<meta property=\"og:title\" content=\"Nuevos aportes contextuales para el ministerio pastoral en El Salvador - La Prensa Cristiana\" \/>\n<meta property=\"og:description\" content=\"Una Pastoral en funci\u00f3n de las personas En la pastoral, el ministerio debe estar en funci\u00f3n de las personas y no las personas en funci\u00f3n del ministerio pastoral. &nbsp;El ministerio de Jes\u00fas estuvo orientado al ser humano. En las palabras de Isa\u00edas y de la relectura de Lucas 4, las \u201cBuenas Nuevas del Evangelio\u201d son [&hellip;]\" \/>\n<meta property=\"og:url\" content=\"https:\/\/laprensacristiana.com\/?p=11319\" \/>\n<meta property=\"og:site_name\" content=\"La Prensa Cristiana\" \/>\n<meta property=\"article:published_time\" content=\"2021-02-16T01:33:16+00:00\" \/>\n<meta property=\"article:modified_time\" content=\"2021-02-16T01:33:19+00:00\" \/>\n<meta property=\"og:image\" content=\"https:\/\/laprensacristiana.com\/wp-content\/uploads\/2021\/02\/Arte-Dr.jpg\" \/>\n\t<meta property=\"og:image:width\" content=\"1280\" \/>\n\t<meta property=\"og:image:height\" content=\"713\" \/>\n\t<meta property=\"og:image:type\" content=\"image\/jpeg\" \/>\n<meta name=\"author\" content=\"EDITOR\" \/>\n<meta name=\"twitter:card\" content=\"summary_large_image\" \/>\n<meta name=\"twitter:label1\" content=\"Escrito por\" \/>\n\t<meta name=\"twitter:data1\" content=\"EDITOR\" \/>\n\t<meta name=\"twitter:label2\" content=\"Tiempo de lectura\" \/>\n\t<meta name=\"twitter:data2\" content=\"4 minutos\" \/>\n<script type=\"application\/ld+json\" class=\"yoast-schema-graph\">{\"@context\":\"https:\/\/schema.org\",\"@graph\":[{\"@type\":\"WebPage\",\"@id\":\"https:\/\/laprensacristiana.com\/?p=11319\",\"url\":\"https:\/\/laprensacristiana.com\/?p=11319\",\"name\":\"Nuevos aportes contextuales para el ministerio pastoral en El Salvador - La Prensa Cristiana\",\"isPartOf\":{\"@id\":\"https:\/\/laprensacristiana.com\/#website\"},\"datePublished\":\"2021-02-16T01:33:16+00:00\",\"dateModified\":\"2021-02-16T01:33:19+00:00\",\"author\":{\"@id\":\"https:\/\/laprensacristiana.com\/#\/schema\/person\/3e7d82c6bfd6b1fa67010f8f7cd5256e\"},\"breadcrumb\":{\"@id\":\"https:\/\/laprensacristiana.com\/?p=11319#breadcrumb\"},\"inLanguage\":\"es\",\"potentialAction\":[{\"@type\":\"ReadAction\",\"target\":[\"https:\/\/laprensacristiana.com\/?p=11319\"]}]},{\"@type\":\"BreadcrumbList\",\"@id\":\"https:\/\/laprensacristiana.com\/?p=11319#breadcrumb\",\"itemListElement\":[{\"@type\":\"ListItem\",\"position\":1,\"name\":\"Portada\",\"item\":\"https:\/\/laprensacristiana.com\/\"},{\"@type\":\"ListItem\",\"position\":2,\"name\":\"Nuevos aportes contextuales para el ministerio pastoral en El Salvador\"}]},{\"@type\":\"WebSite\",\"@id\":\"https:\/\/laprensacristiana.com\/#website\",\"url\":\"https:\/\/laprensacristiana.com\/\",\"name\":\"La Prensa Cristiana\",\"description\":\"Anunciando Las Buenas Nuevas\",\"potentialAction\":[{\"@type\":\"SearchAction\",\"target\":{\"@type\":\"EntryPoint\",\"urlTemplate\":\"https:\/\/laprensacristiana.com\/?s={search_term_string}\"},\"query-input\":\"required name=search_term_string\"}],\"inLanguage\":\"es\"},{\"@type\":\"Person\",\"@id\":\"https:\/\/laprensacristiana.com\/#\/schema\/person\/3e7d82c6bfd6b1fa67010f8f7cd5256e\",\"name\":\"EDITOR\",\"image\":{\"@type\":\"ImageObject\",\"inLanguage\":\"es\",\"@id\":\"https:\/\/laprensacristiana.com\/#\/schema\/person\/image\/\",\"url\":\"https:\/\/secure.gravatar.com\/avatar\/72069dfb6c13772d9e8381e3638666d2?s=96&d=mm&r=g\",\"contentUrl\":\"https:\/\/secure.gravatar.com\/avatar\/72069dfb6c13772d9e8381e3638666d2?s=96&d=mm&r=g\",\"caption\":\"EDITOR\"},\"url\":\"https:\/\/laprensacristiana.com\/?author=3\"}]}<\/script>\n<!-- \/ Yoast SEO plugin. -->","yoast_head_json":{"title":"Nuevos aportes contextuales para el ministerio pastoral en El Salvador - La Prensa Cristiana","robots":{"index":"index","follow":"follow","max-snippet":"max-snippet:-1","max-image-preview":"max-image-preview:large","max-video-preview":"max-video-preview:-1"},"canonical":"https:\/\/laprensacristiana.com\/?p=11319","og_locale":"es_ES","og_type":"article","og_title":"Nuevos aportes contextuales para el ministerio pastoral en El Salvador - La Prensa Cristiana","og_description":"Una Pastoral en funci\u00f3n de las personas En la pastoral, el ministerio debe estar en funci\u00f3n de las personas y no las personas en funci\u00f3n del ministerio pastoral. &nbsp;El ministerio de Jes\u00fas estuvo orientado al ser humano. En las palabras de Isa\u00edas y de la relectura de Lucas 4, las \u201cBuenas Nuevas del Evangelio\u201d son [&hellip;]","og_url":"https:\/\/laprensacristiana.com\/?p=11319","og_site_name":"La Prensa Cristiana","article_published_time":"2021-02-16T01:33:16+00:00","article_modified_time":"2021-02-16T01:33:19+00:00","og_image":[{"width":1280,"height":713,"url":"https:\/\/laprensacristiana.com\/wp-content\/uploads\/2021\/02\/Arte-Dr.jpg","type":"image\/jpeg"}],"author":"EDITOR","twitter_card":"summary_large_image","twitter_misc":{"Escrito por":"EDITOR","Tiempo de lectura":"4 minutos"},"schema":{"@context":"https:\/\/schema.org","@graph":[{"@type":"WebPage","@id":"https:\/\/laprensacristiana.com\/?p=11319","url":"https:\/\/laprensacristiana.com\/?p=11319","name":"Nuevos aportes contextuales para el ministerio pastoral en El Salvador - La Prensa Cristiana","isPartOf":{"@id":"https:\/\/laprensacristiana.com\/#website"},"datePublished":"2021-02-16T01:33:16+00:00","dateModified":"2021-02-16T01:33:19+00:00","author":{"@id":"https:\/\/laprensacristiana.com\/#\/schema\/person\/3e7d82c6bfd6b1fa67010f8f7cd5256e"},"breadcrumb":{"@id":"https:\/\/laprensacristiana.com\/?p=11319#breadcrumb"},"inLanguage":"es","potentialAction":[{"@type":"ReadAction","target":["https:\/\/laprensacristiana.com\/?p=11319"]}]},{"@type":"BreadcrumbList","@id":"https:\/\/laprensacristiana.com\/?p=11319#breadcrumb","itemListElement":[{"@type":"ListItem","position":1,"name":"Portada","item":"https:\/\/laprensacristiana.com\/"},{"@type":"ListItem","position":2,"name":"Nuevos aportes contextuales para el ministerio pastoral en El Salvador"}]},{"@type":"WebSite","@id":"https:\/\/laprensacristiana.com\/#website","url":"https:\/\/laprensacristiana.com\/","name":"La Prensa Cristiana","description":"Anunciando Las Buenas Nuevas","potentialAction":[{"@type":"SearchAction","target":{"@type":"EntryPoint","urlTemplate":"https:\/\/laprensacristiana.com\/?s={search_term_string}"},"query-input":"required name=search_term_string"}],"inLanguage":"es"},{"@type":"Person","@id":"https:\/\/laprensacristiana.com\/#\/schema\/person\/3e7d82c6bfd6b1fa67010f8f7cd5256e","name":"EDITOR","image":{"@type":"ImageObject","inLanguage":"es","@id":"https:\/\/laprensacristiana.com\/#\/schema\/person\/image\/","url":"https:\/\/secure.gravatar.com\/avatar\/72069dfb6c13772d9e8381e3638666d2?s=96&d=mm&r=g","contentUrl":"https:\/\/secure.gravatar.com\/avatar\/72069dfb6c13772d9e8381e3638666d2?s=96&d=mm&r=g","caption":"EDITOR"},"url":"https:\/\/laprensacristiana.com\/?author=3"}]}},"_links":{"self":[{"href":"https:\/\/laprensacristiana.com\/index.php?rest_route=\/wp\/v2\/posts\/11319"}],"collection":[{"href":"https:\/\/laprensacristiana.com\/index.php?rest_route=\/wp\/v2\/posts"}],"about":[{"href":"https:\/\/laprensacristiana.com\/index.php?rest_route=\/wp\/v2\/types\/post"}],"author":[{"embeddable":true,"href":"https:\/\/laprensacristiana.com\/index.php?rest_route=\/wp\/v2\/users\/3"}],"replies":[{"embeddable":true,"href":"https:\/\/laprensacristiana.com\/index.php?rest_route=%2Fwp%2Fv2%2Fcomments&post=11319"}],"version-history":[{"count":1,"href":"https:\/\/laprensacristiana.com\/index.php?rest_route=\/wp\/v2\/posts\/11319\/revisions"}],"predecessor-version":[{"id":11321,"href":"https:\/\/laprensacristiana.com\/index.php?rest_route=\/wp\/v2\/posts\/11319\/revisions\/11321"}],"wp:featuredmedia":[{"embeddable":true,"href":"https:\/\/laprensacristiana.com\/index.php?rest_route=\/wp\/v2\/media\/11320"}],"wp:attachment":[{"href":"https:\/\/laprensacristiana.com\/index.php?rest_route=%2Fwp%2Fv2%2Fmedia&parent=11319"}],"wp:term":[{"taxonomy":"category","embeddable":true,"href":"https:\/\/laprensacristiana.com\/index.php?rest_route=%2Fwp%2Fv2%2Fcategories&post=11319"},{"taxonomy":"post_tag","embeddable":true,"href":"https:\/\/laprensacristiana.com\/index.php?rest_route=%2Fwp%2Fv2%2Ftags&post=11319"}],"curies":[{"name":"wp","href":"https:\/\/api.w.org\/{rel}","templated":true}]}}