{"id":11365,"date":"2021-02-24T04:09:46","date_gmt":"2021-02-24T04:09:46","guid":{"rendered":"https:\/\/laprensacristiana.com\/?p=11365"},"modified":"2021-02-24T04:09:48","modified_gmt":"2021-02-24T04:09:48","slug":"dina-y-su-curiosidad","status":"publish","type":"post","link":"https:\/\/laprensacristiana.com\/?p=11365","title":{"rendered":"Dina y su curiosidad"},"content":{"rendered":"\n<p>G\u00e9nesis 34:1-2 \u201cSali\u00f3 Dina la hija de Lea, la cual \u00e9sta hab\u00eda dado a luz a Jacob, a ver a las hijas del pa\u00eds. Y la vio Siquem hijo de Hamor heveo, pr\u00edncipe de aquella tierra, y la tom\u00f3, y se acost\u00f3 con ella, y la deshonr\u00f3\u201d<\/p>\n\n\n\n<p>Aqu\u00ed hay mucha tela que cortar. A veces le echamos la culpa al Se\u00f1or de lo que nos sucede, pero no nos damos cuenta que somos nosotros mismos quienes nos ponemos en situaciones de peligro. Como humanos pecadores, nos gusta a veces andar en el filo de la navaja. Nuestros deseos carnales nos dominan y nos hacen comete hechos que nos da\u00f1an, nos duelen y provocamos dolor en las personas que decimos amar.<\/p>\n\n\n\n<p>Dos preguntas surgen de este pasaje y de la tragedia que le sucedi\u00f3 a esta muchacha, hija del patriarca Jacob:<\/p>\n\n\n\n<p>Primera: \u00bfComo es que el padre Jacob no control\u00f3 la conducta de su hija? \u00bfPor qu\u00e9 no le ense\u00f1\u00f3 el peligro que entra\u00f1aba salir de su entorno cultural, social y familiar? \u00bfPor qu\u00e9 no le ense\u00f1\u00f3 el temor al Dios que adoraba? Y, si lo hizo, \u00bfPor qu\u00e9 no vigil\u00f3 m\u00e1s de cerca a esta hija? Cualquier padre o madre sabe de qu\u00e9 pie cojean los hijos.<\/p>\n\n\n\n<p>Segunda: \u00bfQu\u00e9 andaba haciendo esta muchacha viendo las costumbres, los vicios y la cultura de una sociedad que era marcadamente perversa? \u00bfPor qu\u00e9 se puso en peligro yendo a ver como eran las muchachas del \u201cotro\u201d lado? Indudablemente, para que el hijo de Hamor le hablara, se enamorara y luego la violara, nos da un buen indicio que no fue solo una vez que ella se fue a dar una vueltecita \u201cal mundo\u201d. Tambi\u00e9n podemos ver que esta chica curiosa tuvo que entablar amistad con las muchachas de esa sociedad. Podemos deducir muchas cosas como por ejemplo: era la \u00fanica hija de Jacob. Todos los dem\u00e1s eran varones. Eso nos dice que ella buscaba amistades femeninas, alguien con quien compartir sus cosas de mujeres. Pero, \u00bfacaso no estaba su mam\u00e1 con ella? \u00bfQu\u00e9 mejor amiga que una madre? Bueno, eso creo que es lo que se espera de una madre, \u00bfo no?<\/p>\n\n\n\n<p>La historia toma un vuelco de violencia, venganza y mortandad de parte de los hermanos de Dina, pero nadie se percat\u00f3 que el pr\u00edncipe que la viol\u00f3 no tuvo toda la culpa. Ella se puso al alcance de sus deseos insanos al ir y querer tener amistad con gentes que no honraban al Dios de sus padres. No autorizo la violencia sexual. No justifico el hecho. Solo menciono los motivos que hicieron que estos j\u00f3venes actuaran deshonestamente. Y para que los padres de hoy pongan sus barbas en remojo.<\/p>\n","protected":false},"excerpt":{"rendered":"<p>G\u00e9nesis 34:1-2 \u201cSali\u00f3 Dina la hija de Lea, la cual \u00e9sta hab\u00eda dado a luz a Jacob, a ver a las hijas del pa\u00eds. Y la vio Siquem hijo de Hamor heveo, pr\u00edncipe de aquella tierra, y la tom\u00f3, y se acost\u00f3 con ella, y la deshonr\u00f3\u201d Aqu\u00ed hay mucha tela que cortar. A veces [&hellip;]<\/p>\n","protected":false},"author":3,"featured_media":11327,"comment_status":"open","ping_status":"open","sticky":false,"template":"","format":"standard","meta":[],"categories":[36],"tags":[],"yoast_head":"<!-- This site is optimized with the Yoast SEO plugin v20.8 - https:\/\/yoast.com\/wordpress\/plugins\/seo\/ -->\n<title>Dina y su curiosidad - La Prensa Cristiana<\/title>\n<meta name=\"robots\" content=\"index, follow, max-snippet:-1, max-image-preview:large, max-video-preview:-1\" \/>\n<link rel=\"canonical\" href=\"https:\/\/laprensacristiana.com\/?p=11365\" \/>\n<meta property=\"og:locale\" content=\"es_ES\" \/>\n<meta property=\"og:type\" content=\"article\" \/>\n<meta property=\"og:title\" content=\"Dina y su curiosidad - La Prensa Cristiana\" \/>\n<meta property=\"og:description\" content=\"G\u00e9nesis 34:1-2 \u201cSali\u00f3 Dina la hija de Lea, la cual \u00e9sta hab\u00eda dado a luz a Jacob, a ver a las hijas del pa\u00eds. Y la vio Siquem hijo de Hamor heveo, pr\u00edncipe de aquella tierra, y la tom\u00f3, y se acost\u00f3 con ella, y la deshonr\u00f3\u201d Aqu\u00ed hay mucha tela que cortar. A veces [&hellip;]\" \/>\n<meta property=\"og:url\" content=\"https:\/\/laprensacristiana.com\/?p=11365\" \/>\n<meta property=\"og:site_name\" content=\"La Prensa Cristiana\" \/>\n<meta property=\"article:published_time\" content=\"2021-02-24T04:09:46+00:00\" \/>\n<meta property=\"article:modified_time\" content=\"2021-02-24T04:09:48+00:00\" \/>\n<meta property=\"og:image\" content=\"https:\/\/laprensacristiana.com\/wp-content\/uploads\/2021\/02\/IMG_20210215_163352_769.jpg\" \/>\n\t<meta property=\"og:image:width\" content=\"1280\" \/>\n\t<meta property=\"og:image:height\" content=\"714\" \/>\n\t<meta property=\"og:image:type\" content=\"image\/jpeg\" \/>\n<meta name=\"author\" content=\"EDITOR\" \/>\n<meta name=\"twitter:card\" content=\"summary_large_image\" \/>\n<meta name=\"twitter:label1\" content=\"Escrito por\" \/>\n\t<meta name=\"twitter:data1\" content=\"EDITOR\" \/>\n\t<meta name=\"twitter:label2\" content=\"Tiempo de lectura\" \/>\n\t<meta name=\"twitter:data2\" content=\"2 minutos\" \/>\n<script type=\"application\/ld+json\" class=\"yoast-schema-graph\">{\"@context\":\"https:\/\/schema.org\",\"@graph\":[{\"@type\":\"WebPage\",\"@id\":\"https:\/\/laprensacristiana.com\/?p=11365\",\"url\":\"https:\/\/laprensacristiana.com\/?p=11365\",\"name\":\"Dina y su curiosidad - La Prensa Cristiana\",\"isPartOf\":{\"@id\":\"https:\/\/laprensacristiana.com\/#website\"},\"datePublished\":\"2021-02-24T04:09:46+00:00\",\"dateModified\":\"2021-02-24T04:09:48+00:00\",\"author\":{\"@id\":\"https:\/\/laprensacristiana.com\/#\/schema\/person\/3e7d82c6bfd6b1fa67010f8f7cd5256e\"},\"breadcrumb\":{\"@id\":\"https:\/\/laprensacristiana.com\/?p=11365#breadcrumb\"},\"inLanguage\":\"es\",\"potentialAction\":[{\"@type\":\"ReadAction\",\"target\":[\"https:\/\/laprensacristiana.com\/?p=11365\"]}]},{\"@type\":\"BreadcrumbList\",\"@id\":\"https:\/\/laprensacristiana.com\/?p=11365#breadcrumb\",\"itemListElement\":[{\"@type\":\"ListItem\",\"position\":1,\"name\":\"Portada\",\"item\":\"https:\/\/laprensacristiana.com\/\"},{\"@type\":\"ListItem\",\"position\":2,\"name\":\"Dina y su curiosidad\"}]},{\"@type\":\"WebSite\",\"@id\":\"https:\/\/laprensacristiana.com\/#website\",\"url\":\"https:\/\/laprensacristiana.com\/\",\"name\":\"La Prensa Cristiana\",\"description\":\"Anunciando Las Buenas Nuevas\",\"potentialAction\":[{\"@type\":\"SearchAction\",\"target\":{\"@type\":\"EntryPoint\",\"urlTemplate\":\"https:\/\/laprensacristiana.com\/?s={search_term_string}\"},\"query-input\":\"required name=search_term_string\"}],\"inLanguage\":\"es\"},{\"@type\":\"Person\",\"@id\":\"https:\/\/laprensacristiana.com\/#\/schema\/person\/3e7d82c6bfd6b1fa67010f8f7cd5256e\",\"name\":\"EDITOR\",\"image\":{\"@type\":\"ImageObject\",\"inLanguage\":\"es\",\"@id\":\"https:\/\/laprensacristiana.com\/#\/schema\/person\/image\/\",\"url\":\"https:\/\/secure.gravatar.com\/avatar\/72069dfb6c13772d9e8381e3638666d2?s=96&d=mm&r=g\",\"contentUrl\":\"https:\/\/secure.gravatar.com\/avatar\/72069dfb6c13772d9e8381e3638666d2?s=96&d=mm&r=g\",\"caption\":\"EDITOR\"},\"url\":\"https:\/\/laprensacristiana.com\/?author=3\"}]}<\/script>\n<!-- \/ Yoast SEO plugin. -->","yoast_head_json":{"title":"Dina y su curiosidad - La Prensa Cristiana","robots":{"index":"index","follow":"follow","max-snippet":"max-snippet:-1","max-image-preview":"max-image-preview:large","max-video-preview":"max-video-preview:-1"},"canonical":"https:\/\/laprensacristiana.com\/?p=11365","og_locale":"es_ES","og_type":"article","og_title":"Dina y su curiosidad - La Prensa Cristiana","og_description":"G\u00e9nesis 34:1-2 \u201cSali\u00f3 Dina la hija de Lea, la cual \u00e9sta hab\u00eda dado a luz a Jacob, a ver a las hijas del pa\u00eds. Y la vio Siquem hijo de Hamor heveo, pr\u00edncipe de aquella tierra, y la tom\u00f3, y se acost\u00f3 con ella, y la deshonr\u00f3\u201d Aqu\u00ed hay mucha tela que cortar. A veces [&hellip;]","og_url":"https:\/\/laprensacristiana.com\/?p=11365","og_site_name":"La Prensa Cristiana","article_published_time":"2021-02-24T04:09:46+00:00","article_modified_time":"2021-02-24T04:09:48+00:00","og_image":[{"width":1280,"height":714,"url":"https:\/\/laprensacristiana.com\/wp-content\/uploads\/2021\/02\/IMG_20210215_163352_769.jpg","type":"image\/jpeg"}],"author":"EDITOR","twitter_card":"summary_large_image","twitter_misc":{"Escrito por":"EDITOR","Tiempo de lectura":"2 minutos"},"schema":{"@context":"https:\/\/schema.org","@graph":[{"@type":"WebPage","@id":"https:\/\/laprensacristiana.com\/?p=11365","url":"https:\/\/laprensacristiana.com\/?p=11365","name":"Dina y su curiosidad - La Prensa Cristiana","isPartOf":{"@id":"https:\/\/laprensacristiana.com\/#website"},"datePublished":"2021-02-24T04:09:46+00:00","dateModified":"2021-02-24T04:09:48+00:00","author":{"@id":"https:\/\/laprensacristiana.com\/#\/schema\/person\/3e7d82c6bfd6b1fa67010f8f7cd5256e"},"breadcrumb":{"@id":"https:\/\/laprensacristiana.com\/?p=11365#breadcrumb"},"inLanguage":"es","potentialAction":[{"@type":"ReadAction","target":["https:\/\/laprensacristiana.com\/?p=11365"]}]},{"@type":"BreadcrumbList","@id":"https:\/\/laprensacristiana.com\/?p=11365#breadcrumb","itemListElement":[{"@type":"ListItem","position":1,"name":"Portada","item":"https:\/\/laprensacristiana.com\/"},{"@type":"ListItem","position":2,"name":"Dina y su curiosidad"}]},{"@type":"WebSite","@id":"https:\/\/laprensacristiana.com\/#website","url":"https:\/\/laprensacristiana.com\/","name":"La Prensa Cristiana","description":"Anunciando Las Buenas Nuevas","potentialAction":[{"@type":"SearchAction","target":{"@type":"EntryPoint","urlTemplate":"https:\/\/laprensacristiana.com\/?s={search_term_string}"},"query-input":"required name=search_term_string"}],"inLanguage":"es"},{"@type":"Person","@id":"https:\/\/laprensacristiana.com\/#\/schema\/person\/3e7d82c6bfd6b1fa67010f8f7cd5256e","name":"EDITOR","image":{"@type":"ImageObject","inLanguage":"es","@id":"https:\/\/laprensacristiana.com\/#\/schema\/person\/image\/","url":"https:\/\/secure.gravatar.com\/avatar\/72069dfb6c13772d9e8381e3638666d2?s=96&d=mm&r=g","contentUrl":"https:\/\/secure.gravatar.com\/avatar\/72069dfb6c13772d9e8381e3638666d2?s=96&d=mm&r=g","caption":"EDITOR"},"url":"https:\/\/laprensacristiana.com\/?author=3"}]}},"_links":{"self":[{"href":"https:\/\/laprensacristiana.com\/index.php?rest_route=\/wp\/v2\/posts\/11365"}],"collection":[{"href":"https:\/\/laprensacristiana.com\/index.php?rest_route=\/wp\/v2\/posts"}],"about":[{"href":"https:\/\/laprensacristiana.com\/index.php?rest_route=\/wp\/v2\/types\/post"}],"author":[{"embeddable":true,"href":"https:\/\/laprensacristiana.com\/index.php?rest_route=\/wp\/v2\/users\/3"}],"replies":[{"embeddable":true,"href":"https:\/\/laprensacristiana.com\/index.php?rest_route=%2Fwp%2Fv2%2Fcomments&post=11365"}],"version-history":[{"count":1,"href":"https:\/\/laprensacristiana.com\/index.php?rest_route=\/wp\/v2\/posts\/11365\/revisions"}],"predecessor-version":[{"id":11366,"href":"https:\/\/laprensacristiana.com\/index.php?rest_route=\/wp\/v2\/posts\/11365\/revisions\/11366"}],"wp:featuredmedia":[{"embeddable":true,"href":"https:\/\/laprensacristiana.com\/index.php?rest_route=\/wp\/v2\/media\/11327"}],"wp:attachment":[{"href":"https:\/\/laprensacristiana.com\/index.php?rest_route=%2Fwp%2Fv2%2Fmedia&parent=11365"}],"wp:term":[{"taxonomy":"category","embeddable":true,"href":"https:\/\/laprensacristiana.com\/index.php?rest_route=%2Fwp%2Fv2%2Fcategories&post=11365"},{"taxonomy":"post_tag","embeddable":true,"href":"https:\/\/laprensacristiana.com\/index.php?rest_route=%2Fwp%2Fv2%2Ftags&post=11365"}],"curies":[{"name":"wp","href":"https:\/\/api.w.org\/{rel}","templated":true}]}}