{"id":11377,"date":"2021-02-26T14:15:47","date_gmt":"2021-02-26T14:15:47","guid":{"rendered":"https:\/\/laprensacristiana.com\/?p=11377"},"modified":"2021-02-26T14:15:48","modified_gmt":"2021-02-26T14:15:48","slug":"sarai-abram-y-agar","status":"publish","type":"post","link":"https:\/\/laprensacristiana.com\/?p=11377","title":{"rendered":"Sarai, Abram y Agar"},"content":{"rendered":"\n<p>G\u00e9nesis 12:2 \u201cY har\u00e9 de ti una naci\u00f3n grande, y te bendecir\u00e9, y engrandecer\u00e9 tu nombre, y ser\u00e1s bendici\u00f3n\u201d<\/p>\n\n\n\n<p>No siempre las cosas fueron como las conocemos. Hubo, en la vida de nuestros dos protagonistas, Sarai y Abram momentos oscuros como en todos nosotros. Porque aunque nos averg\u00fcence mencionarlos, todos tenemos cositas que hicimos antes de conocer al Se\u00f1or y que hubi\u00e9ramos querido no haber hecho. Pero, como dice el dicho: \u201cA lo hecho pecho\u201d.<\/p>\n\n\n\n<p>A veces los cristianos se creen la gran cosa diciendo que en sus vidas no hay manchas que limpiar. Que tuvieron una ni\u00f1ez estupenda, que vivieron vidas casi perfectas y que el Se\u00f1or los escogi\u00f3 precisamente para avergonzar a los sucios pecadores. Pero eso es una gran mentira porque la Escritura dice que Jesus no vino por los sanos sino por lo enfermos.<\/p>\n\n\n\n<p>Bajo esta premisa ninguno de los que hemos aceptado a Jesus como nuestro Se\u00f1or y Salvador hemos dejado atr\u00e1s una estela de dolor, verg\u00fcenza, humillaciones y sin temor, alguna que otra tragedia en la cual se vieron involucradas personas que no ten\u00edan nada que ver con nosotros. Pero estuvieron all\u00ed, como se estila, en el momento equivocado, el lugar y el instante equivocados.<\/p>\n\n\n\n<p>Eso fue lo que sucedi\u00f3 con esta pareja formada por dos personas de inmigrantes: Abram y Sarai. Ambos salieron de Ur de los caldeos obedeciendo la Voz de Dios que le habl\u00f3 al hombre y le dijo que lo llevar\u00eda a una tierra de bendici\u00f3n, que lo iba a engrandecer y que \u00e9l iba a ser de mucha bendici\u00f3n. Hasta este momento, Abram solo ha escuchado la Voz del Dios que le habl\u00f3 al coraz\u00f3n. Toma a su esposa, abandona su tierra y carga sus b\u00e1rtulos en sus animales de carga y sale en busca de su destino. Sin embargo, en el camino ocurrir\u00e1n cosas que nunca se imaginaron que pod\u00edan suceder. Una de las primeras es que hubo hambre en la tierra. En vez de creer en el Dios que le hab\u00eda prometido bendiciones, baja a Egipto. Aqu\u00ed hay un poco de tela que cortar: No puede creer en Dios sencillamente porque acaba de empezar su caminar cristiano. Otro corte de tela: Tiene miedo a que lo maten a causa de la belleza de su esposa y entonces toma una decisi\u00f3n en la que involucra a su querida mujer: Mienten. Descaradamente. Con alevos\u00eda y ventaja.<\/p>\n\n\n\n<p>Otro retazo: Al salir de Egipto, Fara\u00f3n le regala a Sarai una muchacha para que fuera su servidora: Agar. Al poco tiempo de salir de Egipto Dios se le vuelve a aparecer a Abram y le promete un hijo. Nuevamente vemos como Dios va entretejiendo sus hilos en las vidas de esta pareja que necesita un cambio pero no es tiempo a\u00fan.<\/p>\n\n\n\n<p>Pasa el tiempo y el hijo no llega. Entonces Sarai toma la decisi\u00f3n de que su querido esposo se acueste con su sirvienta y que la embarace. El hijo que nazca de esa relaci\u00f3n ser\u00e1 el que Dios les ha prometido se dijeron ambos. Y lo creyeron. Abram, manos a la obra, Sarai, esperando el nacimiento de \u201csu hijo\u201d.<\/p>\n\n\n\n<p>Sigamos cortando tela: Ya con el hijo en el vientre, la sirvienta se envalentona y empiezan a pelear las dos se\u00f1oras. El final no fue agradable. Agar y su hijo tuvieron que ser expulsados de las vidas de estos ancianos que no previeron toda la tragedia que iban a dejar en su caminar por la vida en busca de sus promesas.<\/p>\n\n\n\n<p>\u00bfEstamos viendo como esta pareja de escogidos para ser los futuros fundadores de una gran naci\u00f3n toman sus decisiones, las cuales hicieron tanto da\u00f1o colateral a la pobre Agar y a su reto\u00f1o? Esto es lo que muchos de nosotros hicimos en nuestro vagar por la vida sin Cristo. No, no nos hagamos los santos. Hay testigos en alg\u00fan lugar de nuestro paso por sus vidas en las que dejamos huellas de dolor, agon\u00eda, enojos y hasta una que otra maldici\u00f3n contra nuestra.<\/p>\n\n\n\n<p>Ahora bien: \u00bfCu\u00e1ndo sucedieron todas estas cosas tan feas en las vidas de Abram y Sarai? Cuando Dios a\u00fan no les hab\u00eda cambiado sus nombres. Porque dice la Escritura que cuando el Se\u00f1or les vuelve a prometer un hijo que saldr\u00eda de ellos mismos, Abram ser\u00eda llamado Abraham y Sarai ser\u00eda nombrada Sara. Hasta entonces empiezan a caminar por el camino correcto. Sus errores los cometieron antes de ser cambiados, antes de tener un verdadero y real encuentro con el Dios que los hab\u00eda sacado de su tierra y parentela.<\/p>\n\n\n\n<p>\u00bfDebo preguntar por usted? \u00bfDej\u00f3 en su caminar antes de conocer a Jesus alg\u00fan que otro pedazo de tela mal cortado? Dele gracias al Se\u00f1or porque todo eso se fue al fondo del mar, seg\u00fan su promesa.<\/p>\n","protected":false},"excerpt":{"rendered":"<p>G\u00e9nesis 12:2 \u201cY har\u00e9 de ti una naci\u00f3n grande, y te bendecir\u00e9, y engrandecer\u00e9 tu nombre, y ser\u00e1s bendici\u00f3n\u201d No siempre las cosas fueron como las conocemos. Hubo, en la vida de nuestros dos protagonistas, Sarai y Abram momentos oscuros como en todos nosotros. Porque aunque nos averg\u00fcence mencionarlos, todos tenemos cositas que hicimos antes [&hellip;]<\/p>\n","protected":false},"author":3,"featured_media":11327,"comment_status":"open","ping_status":"open","sticky":false,"template":"","format":"standard","meta":[],"categories":[36],"tags":[],"yoast_head":"<!-- This site is optimized with the Yoast SEO plugin v20.8 - https:\/\/yoast.com\/wordpress\/plugins\/seo\/ -->\n<title>Sarai, Abram y Agar - La Prensa Cristiana<\/title>\n<meta name=\"robots\" content=\"index, follow, max-snippet:-1, max-image-preview:large, max-video-preview:-1\" \/>\n<link rel=\"canonical\" href=\"https:\/\/laprensacristiana.com\/?p=11377\" \/>\n<meta property=\"og:locale\" content=\"es_ES\" \/>\n<meta property=\"og:type\" content=\"article\" \/>\n<meta property=\"og:title\" content=\"Sarai, Abram y Agar - La Prensa Cristiana\" \/>\n<meta property=\"og:description\" content=\"G\u00e9nesis 12:2 \u201cY har\u00e9 de ti una naci\u00f3n grande, y te bendecir\u00e9, y engrandecer\u00e9 tu nombre, y ser\u00e1s bendici\u00f3n\u201d No siempre las cosas fueron como las conocemos. Hubo, en la vida de nuestros dos protagonistas, Sarai y Abram momentos oscuros como en todos nosotros. Porque aunque nos averg\u00fcence mencionarlos, todos tenemos cositas que hicimos antes [&hellip;]\" \/>\n<meta property=\"og:url\" content=\"https:\/\/laprensacristiana.com\/?p=11377\" \/>\n<meta property=\"og:site_name\" content=\"La Prensa Cristiana\" \/>\n<meta property=\"article:published_time\" content=\"2021-02-26T14:15:47+00:00\" \/>\n<meta property=\"article:modified_time\" content=\"2021-02-26T14:15:48+00:00\" \/>\n<meta property=\"og:image\" content=\"https:\/\/laprensacristiana.com\/wp-content\/uploads\/2021\/02\/IMG_20210215_163352_769.jpg\" \/>\n\t<meta property=\"og:image:width\" content=\"1280\" \/>\n\t<meta property=\"og:image:height\" content=\"714\" \/>\n\t<meta property=\"og:image:type\" content=\"image\/jpeg\" \/>\n<meta name=\"author\" content=\"EDITOR\" \/>\n<meta name=\"twitter:card\" content=\"summary_large_image\" \/>\n<meta name=\"twitter:label1\" content=\"Escrito por\" \/>\n\t<meta name=\"twitter:data1\" content=\"EDITOR\" \/>\n\t<meta name=\"twitter:label2\" content=\"Tiempo de lectura\" \/>\n\t<meta name=\"twitter:data2\" content=\"4 minutos\" \/>\n<script type=\"application\/ld+json\" class=\"yoast-schema-graph\">{\"@context\":\"https:\/\/schema.org\",\"@graph\":[{\"@type\":\"WebPage\",\"@id\":\"https:\/\/laprensacristiana.com\/?p=11377\",\"url\":\"https:\/\/laprensacristiana.com\/?p=11377\",\"name\":\"Sarai, Abram y Agar - La Prensa Cristiana\",\"isPartOf\":{\"@id\":\"https:\/\/laprensacristiana.com\/#website\"},\"datePublished\":\"2021-02-26T14:15:47+00:00\",\"dateModified\":\"2021-02-26T14:15:48+00:00\",\"author\":{\"@id\":\"https:\/\/laprensacristiana.com\/#\/schema\/person\/3e7d82c6bfd6b1fa67010f8f7cd5256e\"},\"breadcrumb\":{\"@id\":\"https:\/\/laprensacristiana.com\/?p=11377#breadcrumb\"},\"inLanguage\":\"es\",\"potentialAction\":[{\"@type\":\"ReadAction\",\"target\":[\"https:\/\/laprensacristiana.com\/?p=11377\"]}]},{\"@type\":\"BreadcrumbList\",\"@id\":\"https:\/\/laprensacristiana.com\/?p=11377#breadcrumb\",\"itemListElement\":[{\"@type\":\"ListItem\",\"position\":1,\"name\":\"Portada\",\"item\":\"https:\/\/laprensacristiana.com\/\"},{\"@type\":\"ListItem\",\"position\":2,\"name\":\"Sarai, Abram y Agar\"}]},{\"@type\":\"WebSite\",\"@id\":\"https:\/\/laprensacristiana.com\/#website\",\"url\":\"https:\/\/laprensacristiana.com\/\",\"name\":\"La Prensa Cristiana\",\"description\":\"Anunciando Las Buenas Nuevas\",\"potentialAction\":[{\"@type\":\"SearchAction\",\"target\":{\"@type\":\"EntryPoint\",\"urlTemplate\":\"https:\/\/laprensacristiana.com\/?s={search_term_string}\"},\"query-input\":\"required name=search_term_string\"}],\"inLanguage\":\"es\"},{\"@type\":\"Person\",\"@id\":\"https:\/\/laprensacristiana.com\/#\/schema\/person\/3e7d82c6bfd6b1fa67010f8f7cd5256e\",\"name\":\"EDITOR\",\"image\":{\"@type\":\"ImageObject\",\"inLanguage\":\"es\",\"@id\":\"https:\/\/laprensacristiana.com\/#\/schema\/person\/image\/\",\"url\":\"https:\/\/secure.gravatar.com\/avatar\/72069dfb6c13772d9e8381e3638666d2?s=96&d=mm&r=g\",\"contentUrl\":\"https:\/\/secure.gravatar.com\/avatar\/72069dfb6c13772d9e8381e3638666d2?s=96&d=mm&r=g\",\"caption\":\"EDITOR\"},\"url\":\"https:\/\/laprensacristiana.com\/?author=3\"}]}<\/script>\n<!-- \/ Yoast SEO plugin. -->","yoast_head_json":{"title":"Sarai, Abram y Agar - La Prensa Cristiana","robots":{"index":"index","follow":"follow","max-snippet":"max-snippet:-1","max-image-preview":"max-image-preview:large","max-video-preview":"max-video-preview:-1"},"canonical":"https:\/\/laprensacristiana.com\/?p=11377","og_locale":"es_ES","og_type":"article","og_title":"Sarai, Abram y Agar - La Prensa Cristiana","og_description":"G\u00e9nesis 12:2 \u201cY har\u00e9 de ti una naci\u00f3n grande, y te bendecir\u00e9, y engrandecer\u00e9 tu nombre, y ser\u00e1s bendici\u00f3n\u201d No siempre las cosas fueron como las conocemos. Hubo, en la vida de nuestros dos protagonistas, Sarai y Abram momentos oscuros como en todos nosotros. Porque aunque nos averg\u00fcence mencionarlos, todos tenemos cositas que hicimos antes [&hellip;]","og_url":"https:\/\/laprensacristiana.com\/?p=11377","og_site_name":"La Prensa Cristiana","article_published_time":"2021-02-26T14:15:47+00:00","article_modified_time":"2021-02-26T14:15:48+00:00","og_image":[{"width":1280,"height":714,"url":"https:\/\/laprensacristiana.com\/wp-content\/uploads\/2021\/02\/IMG_20210215_163352_769.jpg","type":"image\/jpeg"}],"author":"EDITOR","twitter_card":"summary_large_image","twitter_misc":{"Escrito por":"EDITOR","Tiempo de lectura":"4 minutos"},"schema":{"@context":"https:\/\/schema.org","@graph":[{"@type":"WebPage","@id":"https:\/\/laprensacristiana.com\/?p=11377","url":"https:\/\/laprensacristiana.com\/?p=11377","name":"Sarai, Abram y Agar - La Prensa Cristiana","isPartOf":{"@id":"https:\/\/laprensacristiana.com\/#website"},"datePublished":"2021-02-26T14:15:47+00:00","dateModified":"2021-02-26T14:15:48+00:00","author":{"@id":"https:\/\/laprensacristiana.com\/#\/schema\/person\/3e7d82c6bfd6b1fa67010f8f7cd5256e"},"breadcrumb":{"@id":"https:\/\/laprensacristiana.com\/?p=11377#breadcrumb"},"inLanguage":"es","potentialAction":[{"@type":"ReadAction","target":["https:\/\/laprensacristiana.com\/?p=11377"]}]},{"@type":"BreadcrumbList","@id":"https:\/\/laprensacristiana.com\/?p=11377#breadcrumb","itemListElement":[{"@type":"ListItem","position":1,"name":"Portada","item":"https:\/\/laprensacristiana.com\/"},{"@type":"ListItem","position":2,"name":"Sarai, Abram y Agar"}]},{"@type":"WebSite","@id":"https:\/\/laprensacristiana.com\/#website","url":"https:\/\/laprensacristiana.com\/","name":"La Prensa Cristiana","description":"Anunciando Las Buenas Nuevas","potentialAction":[{"@type":"SearchAction","target":{"@type":"EntryPoint","urlTemplate":"https:\/\/laprensacristiana.com\/?s={search_term_string}"},"query-input":"required name=search_term_string"}],"inLanguage":"es"},{"@type":"Person","@id":"https:\/\/laprensacristiana.com\/#\/schema\/person\/3e7d82c6bfd6b1fa67010f8f7cd5256e","name":"EDITOR","image":{"@type":"ImageObject","inLanguage":"es","@id":"https:\/\/laprensacristiana.com\/#\/schema\/person\/image\/","url":"https:\/\/secure.gravatar.com\/avatar\/72069dfb6c13772d9e8381e3638666d2?s=96&d=mm&r=g","contentUrl":"https:\/\/secure.gravatar.com\/avatar\/72069dfb6c13772d9e8381e3638666d2?s=96&d=mm&r=g","caption":"EDITOR"},"url":"https:\/\/laprensacristiana.com\/?author=3"}]}},"_links":{"self":[{"href":"https:\/\/laprensacristiana.com\/index.php?rest_route=\/wp\/v2\/posts\/11377"}],"collection":[{"href":"https:\/\/laprensacristiana.com\/index.php?rest_route=\/wp\/v2\/posts"}],"about":[{"href":"https:\/\/laprensacristiana.com\/index.php?rest_route=\/wp\/v2\/types\/post"}],"author":[{"embeddable":true,"href":"https:\/\/laprensacristiana.com\/index.php?rest_route=\/wp\/v2\/users\/3"}],"replies":[{"embeddable":true,"href":"https:\/\/laprensacristiana.com\/index.php?rest_route=%2Fwp%2Fv2%2Fcomments&post=11377"}],"version-history":[{"count":1,"href":"https:\/\/laprensacristiana.com\/index.php?rest_route=\/wp\/v2\/posts\/11377\/revisions"}],"predecessor-version":[{"id":11378,"href":"https:\/\/laprensacristiana.com\/index.php?rest_route=\/wp\/v2\/posts\/11377\/revisions\/11378"}],"wp:featuredmedia":[{"embeddable":true,"href":"https:\/\/laprensacristiana.com\/index.php?rest_route=\/wp\/v2\/media\/11327"}],"wp:attachment":[{"href":"https:\/\/laprensacristiana.com\/index.php?rest_route=%2Fwp%2Fv2%2Fmedia&parent=11377"}],"wp:term":[{"taxonomy":"category","embeddable":true,"href":"https:\/\/laprensacristiana.com\/index.php?rest_route=%2Fwp%2Fv2%2Fcategories&post=11377"},{"taxonomy":"post_tag","embeddable":true,"href":"https:\/\/laprensacristiana.com\/index.php?rest_route=%2Fwp%2Fv2%2Ftags&post=11377"}],"curies":[{"name":"wp","href":"https:\/\/api.w.org\/{rel}","templated":true}]}}