{"id":11438,"date":"2021-03-05T04:03:36","date_gmt":"2021-03-05T04:03:36","guid":{"rendered":"https:\/\/laprensacristiana.com\/?p=11438"},"modified":"2021-03-05T04:03:38","modified_gmt":"2021-03-05T04:03:38","slug":"la-fe-en-accion","status":"publish","type":"post","link":"https:\/\/laprensacristiana.com\/?p=11438","title":{"rendered":"La fe en acci\u00f3n"},"content":{"rendered":"\n<pre class=\"wp-block-code\"><code><\/code><\/pre>\n\n\n\n<p>Josu\u00e9 2:21 \u201c\u2026y ella at\u00f3 el cord\u00f3n de grana a la ventana\u2026\u201d<\/p>\n\n\n\n<p>Pablo dijo algo muy cierto: No es de todos la fe. Esta palabrita de apenas dos letras es tan dif\u00edcil de discernir que muchos se confunden. Practicarla es una cosa y saberla es otra. Necesitamos fe para todo. Por supuesto, estoy hablando de cristianos practicantes, cristianos de verdad, no nominales sino de los que viven por fe y de fe.<\/p>\n\n\n\n<p>Abraham es un ejemplo de ello. Le crey\u00f3 a Dios al dejar su parentela y su familia para ir en busca de una tierra que le hab\u00edan prometido. Puso su hijo sobre la parrilla del altar porque le crey\u00f3 al Se\u00f1or. Cosas que muchos de nosotros no estamos dispuestos a hacer. Porque la obediencia es un acto de fe. Cuando diezmo, ofrendo o doy a otros, es un acto de fe, porque pongo en el asador toda la carne de mi fe para creer que lo que entregue me ser\u00e1 devuelto con creces. Por una raz\u00f3n muy sencilla: Lo dice la Palabra de Dios.<\/p>\n\n\n\n<p>Muchos piensan que tienen fe pero a la hora de cumplir las ordenanzas de Dios para que den, que abran sus manos para darle a otros lo piensan dos veces y la mayor\u00eda de esas veces no logran hacerlo. Zozobran en el mar de la incredulidad y se privan de ver milagros que vengan de la Mano bondadosa de Dios.<\/p>\n\n\n\n<p>La fe tambi\u00e9n afecta la visi\u00f3n. La visi\u00f3n que uno pueda tener en uno mismo. Si yo creo que soy un in\u00fatil y que no puedo hacer nada, nunca har\u00e9 nada. Mi vida ser\u00e1 tan gris y aburrida como se pueda porque mi fe no me ayuda a ir m\u00e1s all\u00e1, alcanzar las alturas de mi posici\u00f3n porque no he logrado creer que puedo ir a otro nivel de donde pueda estar.<\/p>\n\n\n\n<p>Jacob es un claro ejemplo de lo que digo. Cuando Dios le dice que trabaje para aumentar sus ganados en los campos de su suegro, lo primero que hizo fue cerrar sus ojos a la realidad que estaba viviendo en ese momento y dice la Palabra que alzando sus ojos, \u201cvio\u201d como hacer para que los corderos hicieran lo que \u00e9l deseaba. Vio las famosas varas peladas y un estanque de agua en donde los corderos se un\u00edan y par\u00edan cr\u00edas manchadas. \u00bfQu\u00e9 hizo al d\u00eda siguiente? Tom\u00f3 su fe, su sue\u00f1o, su visi\u00f3n y la puso en acci\u00f3n. Y todos conocemos el resto.<\/p>\n\n\n\n<p>Rahab est\u00e1 en esa misma disyuntiva. Los esp\u00edas le dan instrucciones para salvarse de la inminente toma de su ciudad Jeric\u00f3. Deb\u00eda poner en su ventana un lienzo de color rojo para que fuera visible en medio del fragor de la guerra para que la pudieran ver los guerreros y no tocarla sino salvarla con toda su familia.<\/p>\n\n\n\n<p>Pero hay algo interesante en ese detalle: En el verso 18 ellos dicen: \u201cHe aqu\u00ed, cuando nosotros entremos en la tierra, t\u00fa atar\u00e1s este cord\u00f3n de grana a la ventana por la cual nos descolgaste\u2026\u201d \u00bfLey\u00f3 bien? Haga la prueba: lea palabra por palabra: \u201cCUANDO NOSOTROS ENTREMOS\u201d No se necesita ser un ling\u00fcista para ver que ellos le dicen que cuando ellos entren a tomar la ciudad, en ese momento que ella cuelgue el dichoso list\u00f3n rojo para que ellos lo vean desde lejos.<\/p>\n\n\n\n<p>Pero su fe dijo otra cosa: No tienes por qu\u00e9 esperar que ellos vengan. Cuelga el list\u00f3n en este mismo momento. No esperes que vengan, hazlo ahorita que todav\u00eda est\u00e1n aqu\u00ed. No te conf\u00edes. No esperes hasta el \u00faltimo momento.<\/p>\n\n\n\n<p>Esa fe es maravillosa. Usted no tiene que esperar que haya necesidad para colgar su ofrenda. No tiene por qu\u00e9 esperar que vengan las deudas para empezar a sembrar. No tiene por qu\u00e9 pasar angustia antes de empezar a dar.<\/p>\n\n\n\n<p>Cuelgue su diezmo, su ofrenda y su d\u00e1diva antes que llegue la batalla.<\/p>\n","protected":false},"excerpt":{"rendered":"<p>Josu\u00e9 2:21 \u201c\u2026y ella at\u00f3 el cord\u00f3n de grana a la ventana\u2026\u201d Pablo dijo algo muy cierto: No es de todos la fe. Esta palabrita de apenas dos letras es tan dif\u00edcil de discernir que muchos se confunden. Practicarla es una cosa y saberla es otra. Necesitamos fe para todo. Por supuesto, estoy hablando de [&hellip;]<\/p>\n","protected":false},"author":3,"featured_media":11327,"comment_status":"open","ping_status":"open","sticky":false,"template":"","format":"standard","meta":[],"categories":[36],"tags":[],"yoast_head":"<!-- This site is optimized with the Yoast SEO plugin v20.8 - https:\/\/yoast.com\/wordpress\/plugins\/seo\/ -->\n<title>La fe en acci\u00f3n - La Prensa Cristiana<\/title>\n<meta name=\"robots\" content=\"index, follow, max-snippet:-1, max-image-preview:large, max-video-preview:-1\" \/>\n<link rel=\"canonical\" href=\"https:\/\/laprensacristiana.com\/?p=11438\" \/>\n<meta property=\"og:locale\" content=\"es_ES\" \/>\n<meta property=\"og:type\" content=\"article\" \/>\n<meta property=\"og:title\" content=\"La fe en acci\u00f3n - La Prensa Cristiana\" \/>\n<meta property=\"og:description\" content=\"Josu\u00e9 2:21 \u201c\u2026y ella at\u00f3 el cord\u00f3n de grana a la ventana\u2026\u201d Pablo dijo algo muy cierto: No es de todos la fe. Esta palabrita de apenas dos letras es tan dif\u00edcil de discernir que muchos se confunden. Practicarla es una cosa y saberla es otra. Necesitamos fe para todo. Por supuesto, estoy hablando de [&hellip;]\" \/>\n<meta property=\"og:url\" content=\"https:\/\/laprensacristiana.com\/?p=11438\" \/>\n<meta property=\"og:site_name\" content=\"La Prensa Cristiana\" \/>\n<meta property=\"article:published_time\" content=\"2021-03-05T04:03:36+00:00\" \/>\n<meta property=\"article:modified_time\" content=\"2021-03-05T04:03:38+00:00\" \/>\n<meta property=\"og:image\" content=\"https:\/\/laprensacristiana.com\/wp-content\/uploads\/2021\/02\/IMG_20210215_163352_769.jpg\" \/>\n\t<meta property=\"og:image:width\" content=\"1280\" \/>\n\t<meta property=\"og:image:height\" content=\"714\" \/>\n\t<meta property=\"og:image:type\" content=\"image\/jpeg\" \/>\n<meta name=\"author\" content=\"EDITOR\" \/>\n<meta name=\"twitter:card\" content=\"summary_large_image\" \/>\n<meta name=\"twitter:label1\" content=\"Escrito por\" \/>\n\t<meta name=\"twitter:data1\" content=\"EDITOR\" \/>\n\t<meta name=\"twitter:label2\" content=\"Tiempo de lectura\" \/>\n\t<meta name=\"twitter:data2\" content=\"3 minutos\" \/>\n<script type=\"application\/ld+json\" class=\"yoast-schema-graph\">{\"@context\":\"https:\/\/schema.org\",\"@graph\":[{\"@type\":\"WebPage\",\"@id\":\"https:\/\/laprensacristiana.com\/?p=11438\",\"url\":\"https:\/\/laprensacristiana.com\/?p=11438\",\"name\":\"La fe en acci\u00f3n - La Prensa Cristiana\",\"isPartOf\":{\"@id\":\"https:\/\/laprensacristiana.com\/#website\"},\"datePublished\":\"2021-03-05T04:03:36+00:00\",\"dateModified\":\"2021-03-05T04:03:38+00:00\",\"author\":{\"@id\":\"https:\/\/laprensacristiana.com\/#\/schema\/person\/3e7d82c6bfd6b1fa67010f8f7cd5256e\"},\"breadcrumb\":{\"@id\":\"https:\/\/laprensacristiana.com\/?p=11438#breadcrumb\"},\"inLanguage\":\"es\",\"potentialAction\":[{\"@type\":\"ReadAction\",\"target\":[\"https:\/\/laprensacristiana.com\/?p=11438\"]}]},{\"@type\":\"BreadcrumbList\",\"@id\":\"https:\/\/laprensacristiana.com\/?p=11438#breadcrumb\",\"itemListElement\":[{\"@type\":\"ListItem\",\"position\":1,\"name\":\"Portada\",\"item\":\"https:\/\/laprensacristiana.com\/\"},{\"@type\":\"ListItem\",\"position\":2,\"name\":\"La fe en acci\u00f3n\"}]},{\"@type\":\"WebSite\",\"@id\":\"https:\/\/laprensacristiana.com\/#website\",\"url\":\"https:\/\/laprensacristiana.com\/\",\"name\":\"La Prensa Cristiana\",\"description\":\"Anunciando Las Buenas Nuevas\",\"potentialAction\":[{\"@type\":\"SearchAction\",\"target\":{\"@type\":\"EntryPoint\",\"urlTemplate\":\"https:\/\/laprensacristiana.com\/?s={search_term_string}\"},\"query-input\":\"required name=search_term_string\"}],\"inLanguage\":\"es\"},{\"@type\":\"Person\",\"@id\":\"https:\/\/laprensacristiana.com\/#\/schema\/person\/3e7d82c6bfd6b1fa67010f8f7cd5256e\",\"name\":\"EDITOR\",\"image\":{\"@type\":\"ImageObject\",\"inLanguage\":\"es\",\"@id\":\"https:\/\/laprensacristiana.com\/#\/schema\/person\/image\/\",\"url\":\"https:\/\/secure.gravatar.com\/avatar\/72069dfb6c13772d9e8381e3638666d2?s=96&d=mm&r=g\",\"contentUrl\":\"https:\/\/secure.gravatar.com\/avatar\/72069dfb6c13772d9e8381e3638666d2?s=96&d=mm&r=g\",\"caption\":\"EDITOR\"},\"url\":\"https:\/\/laprensacristiana.com\/?author=3\"}]}<\/script>\n<!-- \/ Yoast SEO plugin. -->","yoast_head_json":{"title":"La fe en acci\u00f3n - La Prensa Cristiana","robots":{"index":"index","follow":"follow","max-snippet":"max-snippet:-1","max-image-preview":"max-image-preview:large","max-video-preview":"max-video-preview:-1"},"canonical":"https:\/\/laprensacristiana.com\/?p=11438","og_locale":"es_ES","og_type":"article","og_title":"La fe en acci\u00f3n - La Prensa Cristiana","og_description":"Josu\u00e9 2:21 \u201c\u2026y ella at\u00f3 el cord\u00f3n de grana a la ventana\u2026\u201d Pablo dijo algo muy cierto: No es de todos la fe. Esta palabrita de apenas dos letras es tan dif\u00edcil de discernir que muchos se confunden. Practicarla es una cosa y saberla es otra. Necesitamos fe para todo. Por supuesto, estoy hablando de [&hellip;]","og_url":"https:\/\/laprensacristiana.com\/?p=11438","og_site_name":"La Prensa Cristiana","article_published_time":"2021-03-05T04:03:36+00:00","article_modified_time":"2021-03-05T04:03:38+00:00","og_image":[{"width":1280,"height":714,"url":"https:\/\/laprensacristiana.com\/wp-content\/uploads\/2021\/02\/IMG_20210215_163352_769.jpg","type":"image\/jpeg"}],"author":"EDITOR","twitter_card":"summary_large_image","twitter_misc":{"Escrito por":"EDITOR","Tiempo de lectura":"3 minutos"},"schema":{"@context":"https:\/\/schema.org","@graph":[{"@type":"WebPage","@id":"https:\/\/laprensacristiana.com\/?p=11438","url":"https:\/\/laprensacristiana.com\/?p=11438","name":"La fe en acci\u00f3n - La Prensa Cristiana","isPartOf":{"@id":"https:\/\/laprensacristiana.com\/#website"},"datePublished":"2021-03-05T04:03:36+00:00","dateModified":"2021-03-05T04:03:38+00:00","author":{"@id":"https:\/\/laprensacristiana.com\/#\/schema\/person\/3e7d82c6bfd6b1fa67010f8f7cd5256e"},"breadcrumb":{"@id":"https:\/\/laprensacristiana.com\/?p=11438#breadcrumb"},"inLanguage":"es","potentialAction":[{"@type":"ReadAction","target":["https:\/\/laprensacristiana.com\/?p=11438"]}]},{"@type":"BreadcrumbList","@id":"https:\/\/laprensacristiana.com\/?p=11438#breadcrumb","itemListElement":[{"@type":"ListItem","position":1,"name":"Portada","item":"https:\/\/laprensacristiana.com\/"},{"@type":"ListItem","position":2,"name":"La fe en acci\u00f3n"}]},{"@type":"WebSite","@id":"https:\/\/laprensacristiana.com\/#website","url":"https:\/\/laprensacristiana.com\/","name":"La Prensa Cristiana","description":"Anunciando Las Buenas Nuevas","potentialAction":[{"@type":"SearchAction","target":{"@type":"EntryPoint","urlTemplate":"https:\/\/laprensacristiana.com\/?s={search_term_string}"},"query-input":"required name=search_term_string"}],"inLanguage":"es"},{"@type":"Person","@id":"https:\/\/laprensacristiana.com\/#\/schema\/person\/3e7d82c6bfd6b1fa67010f8f7cd5256e","name":"EDITOR","image":{"@type":"ImageObject","inLanguage":"es","@id":"https:\/\/laprensacristiana.com\/#\/schema\/person\/image\/","url":"https:\/\/secure.gravatar.com\/avatar\/72069dfb6c13772d9e8381e3638666d2?s=96&d=mm&r=g","contentUrl":"https:\/\/secure.gravatar.com\/avatar\/72069dfb6c13772d9e8381e3638666d2?s=96&d=mm&r=g","caption":"EDITOR"},"url":"https:\/\/laprensacristiana.com\/?author=3"}]}},"_links":{"self":[{"href":"https:\/\/laprensacristiana.com\/index.php?rest_route=\/wp\/v2\/posts\/11438"}],"collection":[{"href":"https:\/\/laprensacristiana.com\/index.php?rest_route=\/wp\/v2\/posts"}],"about":[{"href":"https:\/\/laprensacristiana.com\/index.php?rest_route=\/wp\/v2\/types\/post"}],"author":[{"embeddable":true,"href":"https:\/\/laprensacristiana.com\/index.php?rest_route=\/wp\/v2\/users\/3"}],"replies":[{"embeddable":true,"href":"https:\/\/laprensacristiana.com\/index.php?rest_route=%2Fwp%2Fv2%2Fcomments&post=11438"}],"version-history":[{"count":1,"href":"https:\/\/laprensacristiana.com\/index.php?rest_route=\/wp\/v2\/posts\/11438\/revisions"}],"predecessor-version":[{"id":11439,"href":"https:\/\/laprensacristiana.com\/index.php?rest_route=\/wp\/v2\/posts\/11438\/revisions\/11439"}],"wp:featuredmedia":[{"embeddable":true,"href":"https:\/\/laprensacristiana.com\/index.php?rest_route=\/wp\/v2\/media\/11327"}],"wp:attachment":[{"href":"https:\/\/laprensacristiana.com\/index.php?rest_route=%2Fwp%2Fv2%2Fmedia&parent=11438"}],"wp:term":[{"taxonomy":"category","embeddable":true,"href":"https:\/\/laprensacristiana.com\/index.php?rest_route=%2Fwp%2Fv2%2Fcategories&post=11438"},{"taxonomy":"post_tag","embeddable":true,"href":"https:\/\/laprensacristiana.com\/index.php?rest_route=%2Fwp%2Fv2%2Ftags&post=11438"}],"curies":[{"name":"wp","href":"https:\/\/api.w.org\/{rel}","templated":true}]}}