{"id":11452,"date":"2021-03-08T13:37:10","date_gmt":"2021-03-08T13:37:10","guid":{"rendered":"https:\/\/laprensacristiana.com\/?p=11452"},"modified":"2021-03-08T13:37:12","modified_gmt":"2021-03-08T13:37:12","slug":"cuidado-si-le-dices-a-dios-usame","status":"publish","type":"post","link":"https:\/\/laprensacristiana.com\/?p=11452","title":{"rendered":"\u00a1Cuidado! si le dices a Dios \u00dasame."},"content":{"rendered":"\n<p class=\"wp-block-paragraph\"><br>(Alex Navas)<\/p>\n\n\n\n<p class=\"wp-block-paragraph\">Si le dijiste a Jes\u00fas un d\u00eda: \u00ab\u00dasame\u00bb ten cuidado por que Dios va ir m\u00e1s all\u00e1 de los l\u00edmites de tus capacidades, pasar\u00e1 por encima de tus errores, no se detendr\u00e1 a ver si hay mejores que tu, m\u00e1s talentosos o m\u00e1s preparados. Simplemente har\u00e1 de lo ordinario cosas extraordinarias.<\/p>\n\n\n\n<p class=\"wp-block-paragraph\">El d\u00eda que le dijiste \u00fasame cambios comenzaron de adentro hacia afuera, se ensanch\u00f3 tu coraz\u00f3n, se profundiz\u00f3 tu fe, valoraste a la gente de manera diferente, El expande tu vida simplemente lloras y r\u00edes m\u00e1s.<\/p>\n\n\n\n<p class=\"wp-block-paragraph\">El d\u00eda que Dios nos llam\u00f3 no es que nos vi\u00f3 perfectos m\u00e1s bien confiables si eso mismo que vi\u00f3 en un Gede\u00f3n, en Mois\u00e9s, en David o en los 12 seguidores de Jes\u00fas, confiables en que si nos equivocamos El podr\u00eda de nuestros errores volver a hacer un nuevo plan perfecto y nosotros decir una vez m\u00e1s : Heme aqu\u00ed\u00bb<\/p>\n\n\n\n<p class=\"wp-block-paragraph\">\u201cPero Dios escogi\u00f3 lo insensato del mundo para avergonzar a los sabios, y escogi\u00f3 lo d\u00e9bil del mundo para avergonzar a los poderosos.<br>para que, como est\u00e1 escrito: \u00abSi alguien ha de gloriarse, que se glor\u00ede en el Se\u00f1or\u00bb.\u201d<br>1 Corintios 1:27, 31 NVI<\/p>\n\n\n\n<p class=\"wp-block-paragraph\">Cuidado con lo que sue\u00f1as. Puedes estar convencido de algo Dios te sacar\u00e1 como lo hizo conmigo de la fila de los menospreciados para hacer de lo ordinario cosas extraordinarias.<\/p>\n\n\n\n<figure class=\"wp-block-embed-youtube wp-block-embed is-type-video is-provider-youtube wp-embed-aspect-16-9 wp-has-aspect-ratio\"><div class=\"wp-block-embed__wrapper\">\n<iframe loading=\"lazy\" title=\"\u00a1CUIDADO! si le dices el Se\u00f1or: \u00dasame, Desde el Aula, 8\/03\/021 (Devocional 007)\" width=\"696\" height=\"392\" src=\"https:\/\/www.youtube.com\/embed\/dhQ8ilqqU3Y?feature=oembed&#038;enablejsapi=1\" frameborder=\"0\" allow=\"accelerometer; autoplay; clipboard-write; encrypted-media; gyroscope; picture-in-picture\" allowfullscreen><\/iframe>\n<\/div><\/figure>\n","protected":false},"excerpt":{"rendered":"<p>(Alex Navas) Si le dijiste a Jes\u00fas un d\u00eda: \u00ab\u00dasame\u00bb ten cuidado por que Dios va ir m\u00e1s all\u00e1 de los l\u00edmites de tus capacidades, pasar\u00e1 por encima de tus errores, no se detendr\u00e1 a ver si hay mejores que tu, m\u00e1s talentosos o m\u00e1s preparados. Simplemente har\u00e1 de lo ordinario cosas extraordinarias. El d\u00eda [&hellip;]<\/p>\n","protected":false},"author":3,"featured_media":11453,"comment_status":"open","ping_status":"open","sticky":false,"template":"","format":"standard","meta":{"_exactmetrics_skip_tracking":false,"footnotes":""},"categories":[109],"tags":[],"class_list":["post-11452","post","type-post","status-publish","format-standard","has-post-thumbnail","category-desde-el-aula"],"yoast_head":"<!-- This site is optimized with the Yoast SEO plugin v28.3 - https:\/\/yoast.com\/product\/yoast-seo-wordpress\/ -->\n<title>\u00a1Cuidado! si le dices a Dios \u00dasame. - La Prensa Cristiana<\/title>\n<meta name=\"robots\" content=\"index, follow, max-snippet:-1, max-image-preview:large, max-video-preview:-1\" \/>\n<link rel=\"canonical\" href=\"https:\/\/laprensacristiana.com\/?p=11452\" \/>\n<meta property=\"og:locale\" content=\"es_ES\" \/>\n<meta property=\"og:type\" content=\"article\" \/>\n<meta property=\"og:title\" content=\"\u00a1Cuidado! si le dices a Dios \u00dasame. - La Prensa Cristiana\" \/>\n<meta property=\"og:description\" content=\"(Alex Navas) Si le dijiste a Jes\u00fas un d\u00eda: \u00ab\u00dasame\u00bb ten cuidado por que Dios va ir m\u00e1s all\u00e1 de los l\u00edmites de tus capacidades, pasar\u00e1 por encima de tus errores, no se detendr\u00e1 a ver si hay mejores que tu, m\u00e1s talentosos o m\u00e1s preparados. Simplemente har\u00e1 de lo ordinario cosas extraordinarias. El d\u00eda [&hellip;]\" \/>\n<meta property=\"og:url\" content=\"https:\/\/laprensacristiana.com\/?p=11452\" \/>\n<meta property=\"og:site_name\" content=\"La Prensa Cristiana\" \/>\n<meta property=\"article:published_time\" content=\"2021-03-08T13:37:10+00:00\" \/>\n<meta property=\"article:modified_time\" content=\"2021-03-08T13:37:12+00:00\" \/>\n<meta property=\"og:image\" content=\"https:\/\/laprensacristiana.com\/wp-content\/uploads\/2021\/03\/IMG-20210308-WA0000.jpg\" \/>\n\t<meta property=\"og:image:width\" content=\"1280\" \/>\n\t<meta property=\"og:image:height\" content=\"720\" \/>\n\t<meta property=\"og:image:type\" content=\"image\/jpeg\" \/>\n<meta name=\"author\" content=\"EDITOR\" \/>\n<meta name=\"twitter:card\" content=\"summary_large_image\" \/>\n<meta name=\"twitter:label1\" content=\"Escrito por\" \/>\n\t<meta name=\"twitter:data1\" content=\"EDITOR\" \/>\n\t<meta name=\"twitter:label2\" content=\"Tiempo de lectura\" \/>\n\t<meta name=\"twitter:data2\" content=\"1 minuto\" \/>\n<script type=\"application\/ld+json\" class=\"yoast-schema-graph\">{\"@context\":\"https:\\\/\\\/schema.org\",\"@graph\":[{\"@type\":\"Article\",\"@id\":\"https:\\\/\\\/laprensacristiana.com\\\/?p=11452#article\",\"isPartOf\":{\"@id\":\"https:\\\/\\\/laprensacristiana.com\\\/?p=11452\"},\"author\":{\"name\":\"EDITOR\",\"@id\":\"https:\\\/\\\/laprensacristiana.com\\\/#\\\/schema\\\/person\\\/3e7d82c6bfd6b1fa67010f8f7cd5256e\"},\"headline\":\"\u00a1Cuidado! si le dices a Dios \u00dasame.\",\"datePublished\":\"2021-03-08T13:37:10+00:00\",\"dateModified\":\"2021-03-08T13:37:12+00:00\",\"mainEntityOfPage\":{\"@id\":\"https:\\\/\\\/laprensacristiana.com\\\/?p=11452\"},\"wordCount\":253,\"commentCount\":0,\"image\":{\"@id\":\"https:\\\/\\\/laprensacristiana.com\\\/?p=11452#primaryimage\"},\"thumbnailUrl\":\"https:\\\/\\\/laprensacristiana.com\\\/wp-content\\\/uploads\\\/2021\\\/03\\\/IMG-20210308-WA0000.jpg\",\"articleSection\":[\"DESDE EL AULA\"],\"inLanguage\":\"es\",\"potentialAction\":[{\"@type\":\"CommentAction\",\"name\":\"Comment\",\"target\":[\"https:\\\/\\\/laprensacristiana.com\\\/?p=11452#respond\"]}]},{\"@type\":\"WebPage\",\"@id\":\"https:\\\/\\\/laprensacristiana.com\\\/?p=11452\",\"url\":\"https:\\\/\\\/laprensacristiana.com\\\/?p=11452\",\"name\":\"\u00a1Cuidado! si le dices a Dios \u00dasame. - La Prensa Cristiana\",\"isPartOf\":{\"@id\":\"https:\\\/\\\/laprensacristiana.com\\\/#website\"},\"primaryImageOfPage\":{\"@id\":\"https:\\\/\\\/laprensacristiana.com\\\/?p=11452#primaryimage\"},\"image\":{\"@id\":\"https:\\\/\\\/laprensacristiana.com\\\/?p=11452#primaryimage\"},\"thumbnailUrl\":\"https:\\\/\\\/laprensacristiana.com\\\/wp-content\\\/uploads\\\/2021\\\/03\\\/IMG-20210308-WA0000.jpg\",\"datePublished\":\"2021-03-08T13:37:10+00:00\",\"dateModified\":\"2021-03-08T13:37:12+00:00\",\"author\":{\"@id\":\"https:\\\/\\\/laprensacristiana.com\\\/#\\\/schema\\\/person\\\/3e7d82c6bfd6b1fa67010f8f7cd5256e\"},\"breadcrumb\":{\"@id\":\"https:\\\/\\\/laprensacristiana.com\\\/?p=11452#breadcrumb\"},\"inLanguage\":\"es\",\"potentialAction\":[{\"@type\":\"ReadAction\",\"target\":[\"https:\\\/\\\/laprensacristiana.com\\\/?p=11452\"]}]},{\"@type\":\"ImageObject\",\"inLanguage\":\"es\",\"@id\":\"https:\\\/\\\/laprensacristiana.com\\\/?p=11452#primaryimage\",\"url\":\"https:\\\/\\\/laprensacristiana.com\\\/wp-content\\\/uploads\\\/2021\\\/03\\\/IMG-20210308-WA0000.jpg\",\"contentUrl\":\"https:\\\/\\\/laprensacristiana.com\\\/wp-content\\\/uploads\\\/2021\\\/03\\\/IMG-20210308-WA0000.jpg\",\"width\":1280,\"height\":720},{\"@type\":\"BreadcrumbList\",\"@id\":\"https:\\\/\\\/laprensacristiana.com\\\/?p=11452#breadcrumb\",\"itemListElement\":[{\"@type\":\"ListItem\",\"position\":1,\"name\":\"Portada\",\"item\":\"https:\\\/\\\/laprensacristiana.com\\\/\"},{\"@type\":\"ListItem\",\"position\":2,\"name\":\"\u00a1Cuidado! si le dices a Dios \u00dasame.\"}]},{\"@type\":\"WebSite\",\"@id\":\"https:\\\/\\\/laprensacristiana.com\\\/#website\",\"url\":\"https:\\\/\\\/laprensacristiana.com\\\/\",\"name\":\"La Prensa Cristiana\",\"description\":\"Anunciando Las Buenas Nuevas\",\"potentialAction\":[{\"@type\":\"SearchAction\",\"target\":{\"@type\":\"EntryPoint\",\"urlTemplate\":\"https:\\\/\\\/laprensacristiana.com\\\/?s={search_term_string}\"},\"query-input\":{\"@type\":\"PropertyValueSpecification\",\"valueRequired\":true,\"valueName\":\"search_term_string\"}}],\"inLanguage\":\"es\"},{\"@type\":\"Person\",\"@id\":\"https:\\\/\\\/laprensacristiana.com\\\/#\\\/schema\\\/person\\\/3e7d82c6bfd6b1fa67010f8f7cd5256e\",\"name\":\"EDITOR\",\"image\":{\"@type\":\"ImageObject\",\"inLanguage\":\"es\",\"@id\":\"https:\\\/\\\/secure.gravatar.com\\\/avatar\\\/2a6f80452f67b1b479b9184ac2138e768f5787dfe822c833f9a911d355587161?s=96&d=mm&r=g\",\"url\":\"https:\\\/\\\/secure.gravatar.com\\\/avatar\\\/2a6f80452f67b1b479b9184ac2138e768f5787dfe822c833f9a911d355587161?s=96&d=mm&r=g\",\"contentUrl\":\"https:\\\/\\\/secure.gravatar.com\\\/avatar\\\/2a6f80452f67b1b479b9184ac2138e768f5787dfe822c833f9a911d355587161?s=96&d=mm&r=g\",\"caption\":\"EDITOR\"},\"url\":\"https:\\\/\\\/laprensacristiana.com\\\/?author=3\"}]}<\/script>\n<!-- \/ Yoast SEO plugin. -->","yoast_head_json":{"title":"\u00a1Cuidado! si le dices a Dios \u00dasame. - La Prensa Cristiana","robots":{"index":"index","follow":"follow","max-snippet":"max-snippet:-1","max-image-preview":"max-image-preview:large","max-video-preview":"max-video-preview:-1"},"canonical":"https:\/\/laprensacristiana.com\/?p=11452","og_locale":"es_ES","og_type":"article","og_title":"\u00a1Cuidado! si le dices a Dios \u00dasame. - La Prensa Cristiana","og_description":"(Alex Navas) Si le dijiste a Jes\u00fas un d\u00eda: \u00ab\u00dasame\u00bb ten cuidado por que Dios va ir m\u00e1s all\u00e1 de los l\u00edmites de tus capacidades, pasar\u00e1 por encima de tus errores, no se detendr\u00e1 a ver si hay mejores que tu, m\u00e1s talentosos o m\u00e1s preparados. Simplemente har\u00e1 de lo ordinario cosas extraordinarias. El d\u00eda [&hellip;]","og_url":"https:\/\/laprensacristiana.com\/?p=11452","og_site_name":"La Prensa Cristiana","article_published_time":"2021-03-08T13:37:10+00:00","article_modified_time":"2021-03-08T13:37:12+00:00","og_image":[{"width":1280,"height":720,"url":"https:\/\/laprensacristiana.com\/wp-content\/uploads\/2021\/03\/IMG-20210308-WA0000.jpg","type":"image\/jpeg"}],"author":"EDITOR","twitter_card":"summary_large_image","twitter_misc":{"Escrito por":"EDITOR","Tiempo de lectura":"1 minuto"},"schema":{"@context":"https:\/\/schema.org","@graph":[{"@type":"Article","@id":"https:\/\/laprensacristiana.com\/?p=11452#article","isPartOf":{"@id":"https:\/\/laprensacristiana.com\/?p=11452"},"author":{"name":"EDITOR","@id":"https:\/\/laprensacristiana.com\/#\/schema\/person\/3e7d82c6bfd6b1fa67010f8f7cd5256e"},"headline":"\u00a1Cuidado! si le dices a Dios \u00dasame.","datePublished":"2021-03-08T13:37:10+00:00","dateModified":"2021-03-08T13:37:12+00:00","mainEntityOfPage":{"@id":"https:\/\/laprensacristiana.com\/?p=11452"},"wordCount":253,"commentCount":0,"image":{"@id":"https:\/\/laprensacristiana.com\/?p=11452#primaryimage"},"thumbnailUrl":"https:\/\/laprensacristiana.com\/wp-content\/uploads\/2021\/03\/IMG-20210308-WA0000.jpg","articleSection":["DESDE EL AULA"],"inLanguage":"es","potentialAction":[{"@type":"CommentAction","name":"Comment","target":["https:\/\/laprensacristiana.com\/?p=11452#respond"]}]},{"@type":"WebPage","@id":"https:\/\/laprensacristiana.com\/?p=11452","url":"https:\/\/laprensacristiana.com\/?p=11452","name":"\u00a1Cuidado! si le dices a Dios \u00dasame. - La Prensa Cristiana","isPartOf":{"@id":"https:\/\/laprensacristiana.com\/#website"},"primaryImageOfPage":{"@id":"https:\/\/laprensacristiana.com\/?p=11452#primaryimage"},"image":{"@id":"https:\/\/laprensacristiana.com\/?p=11452#primaryimage"},"thumbnailUrl":"https:\/\/laprensacristiana.com\/wp-content\/uploads\/2021\/03\/IMG-20210308-WA0000.jpg","datePublished":"2021-03-08T13:37:10+00:00","dateModified":"2021-03-08T13:37:12+00:00","author":{"@id":"https:\/\/laprensacristiana.com\/#\/schema\/person\/3e7d82c6bfd6b1fa67010f8f7cd5256e"},"breadcrumb":{"@id":"https:\/\/laprensacristiana.com\/?p=11452#breadcrumb"},"inLanguage":"es","potentialAction":[{"@type":"ReadAction","target":["https:\/\/laprensacristiana.com\/?p=11452"]}]},{"@type":"ImageObject","inLanguage":"es","@id":"https:\/\/laprensacristiana.com\/?p=11452#primaryimage","url":"https:\/\/laprensacristiana.com\/wp-content\/uploads\/2021\/03\/IMG-20210308-WA0000.jpg","contentUrl":"https:\/\/laprensacristiana.com\/wp-content\/uploads\/2021\/03\/IMG-20210308-WA0000.jpg","width":1280,"height":720},{"@type":"BreadcrumbList","@id":"https:\/\/laprensacristiana.com\/?p=11452#breadcrumb","itemListElement":[{"@type":"ListItem","position":1,"name":"Portada","item":"https:\/\/laprensacristiana.com\/"},{"@type":"ListItem","position":2,"name":"\u00a1Cuidado! si le dices a Dios \u00dasame."}]},{"@type":"WebSite","@id":"https:\/\/laprensacristiana.com\/#website","url":"https:\/\/laprensacristiana.com\/","name":"La Prensa Cristiana","description":"Anunciando Las Buenas Nuevas","potentialAction":[{"@type":"SearchAction","target":{"@type":"EntryPoint","urlTemplate":"https:\/\/laprensacristiana.com\/?s={search_term_string}"},"query-input":{"@type":"PropertyValueSpecification","valueRequired":true,"valueName":"search_term_string"}}],"inLanguage":"es"},{"@type":"Person","@id":"https:\/\/laprensacristiana.com\/#\/schema\/person\/3e7d82c6bfd6b1fa67010f8f7cd5256e","name":"EDITOR","image":{"@type":"ImageObject","inLanguage":"es","@id":"https:\/\/secure.gravatar.com\/avatar\/2a6f80452f67b1b479b9184ac2138e768f5787dfe822c833f9a911d355587161?s=96&d=mm&r=g","url":"https:\/\/secure.gravatar.com\/avatar\/2a6f80452f67b1b479b9184ac2138e768f5787dfe822c833f9a911d355587161?s=96&d=mm&r=g","contentUrl":"https:\/\/secure.gravatar.com\/avatar\/2a6f80452f67b1b479b9184ac2138e768f5787dfe822c833f9a911d355587161?s=96&d=mm&r=g","caption":"EDITOR"},"url":"https:\/\/laprensacristiana.com\/?author=3"}]}},"_links":{"self":[{"href":"https:\/\/laprensacristiana.com\/index.php?rest_route=\/wp\/v2\/posts\/11452","targetHints":{"allow":["GET"]}}],"collection":[{"href":"https:\/\/laprensacristiana.com\/index.php?rest_route=\/wp\/v2\/posts"}],"about":[{"href":"https:\/\/laprensacristiana.com\/index.php?rest_route=\/wp\/v2\/types\/post"}],"author":[{"embeddable":true,"href":"https:\/\/laprensacristiana.com\/index.php?rest_route=\/wp\/v2\/users\/3"}],"replies":[{"embeddable":true,"href":"https:\/\/laprensacristiana.com\/index.php?rest_route=%2Fwp%2Fv2%2Fcomments&post=11452"}],"version-history":[{"count":1,"href":"https:\/\/laprensacristiana.com\/index.php?rest_route=\/wp\/v2\/posts\/11452\/revisions"}],"predecessor-version":[{"id":11454,"href":"https:\/\/laprensacristiana.com\/index.php?rest_route=\/wp\/v2\/posts\/11452\/revisions\/11454"}],"wp:featuredmedia":[{"embeddable":true,"href":"https:\/\/laprensacristiana.com\/index.php?rest_route=\/wp\/v2\/media\/11453"}],"wp:attachment":[{"href":"https:\/\/laprensacristiana.com\/index.php?rest_route=%2Fwp%2Fv2%2Fmedia&parent=11452"}],"wp:term":[{"taxonomy":"category","embeddable":true,"href":"https:\/\/laprensacristiana.com\/index.php?rest_route=%2Fwp%2Fv2%2Fcategories&post=11452"},{"taxonomy":"post_tag","embeddable":true,"href":"https:\/\/laprensacristiana.com\/index.php?rest_route=%2Fwp%2Fv2%2Ftags&post=11452"}],"curies":[{"name":"wp","href":"https:\/\/api.w.org\/{rel}","templated":true}]}}