{"id":11483,"date":"2021-03-09T22:37:48","date_gmt":"2021-03-09T22:37:48","guid":{"rendered":"https:\/\/laprensacristiana.com\/?p=11483"},"modified":"2021-03-09T22:37:49","modified_gmt":"2021-03-09T22:37:49","slug":"pnc-entrega-reconocimiento-a-pastor-toby-jr","status":"publish","type":"post","link":"https:\/\/laprensacristiana.com\/?p=11483","title":{"rendered":"PNC entrega reconocimiento a Pastor Toby Jr."},"content":{"rendered":"\n<p>Este d\u00eda parte de la Polic\u00eda Nacional Civil delegaci\u00f3n de San Salvador realiz\u00f3 un evento conmemorativo por el D\u00eda Internacional de La Mujer en el auditorio del Parque Cuscatl\u00e1n, Pastor Toby Jr como es conocido el pastor Edgar L\u00f3pez Bertrand Jr. fue el encargado de llevar la palabra de Dios.&nbsp;<\/p>\n\n\n\n<p>Como parte del evento se hizo entrega de un reconocimiento por parte de La Polic\u00eda Nacional Civil a el pastor Dr. Edgar L\u00f3pez Bertrand Jr por su aporte espiritual y acompa\u00f1amiento a la delegaci\u00f3n de San Salvador.<\/p>\n\n\n\n<figure class=\"wp-block-image size-large\"><img decoding=\"async\" loading=\"lazy\" width=\"855\" height=\"571\" src=\"https:\/\/laprensacristiana.com\/wp-content\/uploads\/2021\/03\/tabercentral_20210309_160729_1.jpg\" alt=\"\" class=\"wp-image-11485\" srcset=\"https:\/\/laprensacristiana.com\/wp-content\/uploads\/2021\/03\/tabercentral_20210309_160729_1.jpg 855w, https:\/\/laprensacristiana.com\/wp-content\/uploads\/2021\/03\/tabercentral_20210309_160729_1-300x200.jpg 300w, https:\/\/laprensacristiana.com\/wp-content\/uploads\/2021\/03\/tabercentral_20210309_160729_1-768x513.jpg 768w, https:\/\/laprensacristiana.com\/wp-content\/uploads\/2021\/03\/tabercentral_20210309_160729_1-696x465.jpg 696w, https:\/\/laprensacristiana.com\/wp-content\/uploads\/2021\/03\/tabercentral_20210309_160729_1-600x401.jpg 600w\" sizes=\"(max-width: 855px) 100vw, 855px\" \/><\/figure>\n","protected":false},"excerpt":{"rendered":"<p>Este d\u00eda parte de la Polic\u00eda Nacional Civil delegaci\u00f3n de San Salvador realiz\u00f3 un evento conmemorativo por el D\u00eda Internacional de La Mujer en el auditorio del Parque Cuscatl\u00e1n, Pastor Toby Jr como es conocido el pastor Edgar L\u00f3pez Bertrand Jr. fue el encargado de llevar la palabra de Dios.&nbsp; Como parte del evento se [&hellip;]<\/p>\n","protected":false},"author":3,"featured_media":11484,"comment_status":"open","ping_status":"open","sticky":false,"template":"","format":"standard","meta":[],"categories":[56],"tags":[],"yoast_head":"<!-- This site is optimized with the Yoast SEO plugin v20.8 - https:\/\/yoast.com\/wordpress\/plugins\/seo\/ -->\n<title>PNC entrega reconocimiento a Pastor Toby Jr. - La Prensa Cristiana<\/title>\n<meta name=\"robots\" content=\"index, follow, max-snippet:-1, max-image-preview:large, max-video-preview:-1\" \/>\n<link rel=\"canonical\" href=\"https:\/\/laprensacristiana.com\/?p=11483\" \/>\n<meta property=\"og:locale\" content=\"es_ES\" \/>\n<meta property=\"og:type\" content=\"article\" \/>\n<meta property=\"og:title\" content=\"PNC entrega reconocimiento a Pastor Toby Jr. - La Prensa Cristiana\" \/>\n<meta property=\"og:description\" content=\"Este d\u00eda parte de la Polic\u00eda Nacional Civil delegaci\u00f3n de San Salvador realiz\u00f3 un evento conmemorativo por el D\u00eda Internacional de La Mujer en el auditorio del Parque Cuscatl\u00e1n, Pastor Toby Jr como es conocido el pastor Edgar L\u00f3pez Bertrand Jr. fue el encargado de llevar la palabra de Dios.&nbsp; Como parte del evento se [&hellip;]\" \/>\n<meta property=\"og:url\" content=\"https:\/\/laprensacristiana.com\/?p=11483\" \/>\n<meta property=\"og:site_name\" content=\"La Prensa Cristiana\" \/>\n<meta property=\"article:published_time\" content=\"2021-03-09T22:37:48+00:00\" \/>\n<meta property=\"article:modified_time\" content=\"2021-03-09T22:37:49+00:00\" \/>\n<meta property=\"og:image\" content=\"https:\/\/laprensacristiana.com\/wp-content\/uploads\/2021\/03\/tabercentral_20210309_160729_0.jpg\" \/>\n\t<meta property=\"og:image:width\" content=\"1080\" \/>\n\t<meta property=\"og:image:height\" content=\"720\" \/>\n\t<meta property=\"og:image:type\" content=\"image\/jpeg\" \/>\n<meta name=\"author\" content=\"EDITOR\" \/>\n<meta name=\"twitter:card\" content=\"summary_large_image\" \/>\n<meta name=\"twitter:label1\" content=\"Escrito por\" \/>\n\t<meta name=\"twitter:data1\" content=\"EDITOR\" \/>\n<script type=\"application\/ld+json\" class=\"yoast-schema-graph\">{\"@context\":\"https:\/\/schema.org\",\"@graph\":[{\"@type\":\"WebPage\",\"@id\":\"https:\/\/laprensacristiana.com\/?p=11483\",\"url\":\"https:\/\/laprensacristiana.com\/?p=11483\",\"name\":\"PNC entrega reconocimiento a Pastor Toby Jr. - La Prensa Cristiana\",\"isPartOf\":{\"@id\":\"https:\/\/laprensacristiana.com\/#website\"},\"datePublished\":\"2021-03-09T22:37:48+00:00\",\"dateModified\":\"2021-03-09T22:37:49+00:00\",\"author\":{\"@id\":\"https:\/\/laprensacristiana.com\/#\/schema\/person\/3e7d82c6bfd6b1fa67010f8f7cd5256e\"},\"breadcrumb\":{\"@id\":\"https:\/\/laprensacristiana.com\/?p=11483#breadcrumb\"},\"inLanguage\":\"es\",\"potentialAction\":[{\"@type\":\"ReadAction\",\"target\":[\"https:\/\/laprensacristiana.com\/?p=11483\"]}]},{\"@type\":\"BreadcrumbList\",\"@id\":\"https:\/\/laprensacristiana.com\/?p=11483#breadcrumb\",\"itemListElement\":[{\"@type\":\"ListItem\",\"position\":1,\"name\":\"Portada\",\"item\":\"https:\/\/laprensacristiana.com\/\"},{\"@type\":\"ListItem\",\"position\":2,\"name\":\"PNC entrega reconocimiento a Pastor Toby Jr.\"}]},{\"@type\":\"WebSite\",\"@id\":\"https:\/\/laprensacristiana.com\/#website\",\"url\":\"https:\/\/laprensacristiana.com\/\",\"name\":\"La Prensa Cristiana\",\"description\":\"Anunciando Las Buenas Nuevas\",\"potentialAction\":[{\"@type\":\"SearchAction\",\"target\":{\"@type\":\"EntryPoint\",\"urlTemplate\":\"https:\/\/laprensacristiana.com\/?s={search_term_string}\"},\"query-input\":\"required name=search_term_string\"}],\"inLanguage\":\"es\"},{\"@type\":\"Person\",\"@id\":\"https:\/\/laprensacristiana.com\/#\/schema\/person\/3e7d82c6bfd6b1fa67010f8f7cd5256e\",\"name\":\"EDITOR\",\"image\":{\"@type\":\"ImageObject\",\"inLanguage\":\"es\",\"@id\":\"https:\/\/laprensacristiana.com\/#\/schema\/person\/image\/\",\"url\":\"https:\/\/secure.gravatar.com\/avatar\/72069dfb6c13772d9e8381e3638666d2?s=96&d=mm&r=g\",\"contentUrl\":\"https:\/\/secure.gravatar.com\/avatar\/72069dfb6c13772d9e8381e3638666d2?s=96&d=mm&r=g\",\"caption\":\"EDITOR\"},\"url\":\"https:\/\/laprensacristiana.com\/?author=3\"}]}<\/script>\n<!-- \/ Yoast SEO plugin. -->","yoast_head_json":{"title":"PNC entrega reconocimiento a Pastor Toby Jr. - La Prensa Cristiana","robots":{"index":"index","follow":"follow","max-snippet":"max-snippet:-1","max-image-preview":"max-image-preview:large","max-video-preview":"max-video-preview:-1"},"canonical":"https:\/\/laprensacristiana.com\/?p=11483","og_locale":"es_ES","og_type":"article","og_title":"PNC entrega reconocimiento a Pastor Toby Jr. - La Prensa Cristiana","og_description":"Este d\u00eda parte de la Polic\u00eda Nacional Civil delegaci\u00f3n de San Salvador realiz\u00f3 un evento conmemorativo por el D\u00eda Internacional de La Mujer en el auditorio del Parque Cuscatl\u00e1n, Pastor Toby Jr como es conocido el pastor Edgar L\u00f3pez Bertrand Jr. fue el encargado de llevar la palabra de Dios.&nbsp; Como parte del evento se [&hellip;]","og_url":"https:\/\/laprensacristiana.com\/?p=11483","og_site_name":"La Prensa Cristiana","article_published_time":"2021-03-09T22:37:48+00:00","article_modified_time":"2021-03-09T22:37:49+00:00","og_image":[{"width":1080,"height":720,"url":"https:\/\/laprensacristiana.com\/wp-content\/uploads\/2021\/03\/tabercentral_20210309_160729_0.jpg","type":"image\/jpeg"}],"author":"EDITOR","twitter_card":"summary_large_image","twitter_misc":{"Escrito por":"EDITOR"},"schema":{"@context":"https:\/\/schema.org","@graph":[{"@type":"WebPage","@id":"https:\/\/laprensacristiana.com\/?p=11483","url":"https:\/\/laprensacristiana.com\/?p=11483","name":"PNC entrega reconocimiento a Pastor Toby Jr. - La Prensa Cristiana","isPartOf":{"@id":"https:\/\/laprensacristiana.com\/#website"},"datePublished":"2021-03-09T22:37:48+00:00","dateModified":"2021-03-09T22:37:49+00:00","author":{"@id":"https:\/\/laprensacristiana.com\/#\/schema\/person\/3e7d82c6bfd6b1fa67010f8f7cd5256e"},"breadcrumb":{"@id":"https:\/\/laprensacristiana.com\/?p=11483#breadcrumb"},"inLanguage":"es","potentialAction":[{"@type":"ReadAction","target":["https:\/\/laprensacristiana.com\/?p=11483"]}]},{"@type":"BreadcrumbList","@id":"https:\/\/laprensacristiana.com\/?p=11483#breadcrumb","itemListElement":[{"@type":"ListItem","position":1,"name":"Portada","item":"https:\/\/laprensacristiana.com\/"},{"@type":"ListItem","position":2,"name":"PNC entrega reconocimiento a Pastor Toby Jr."}]},{"@type":"WebSite","@id":"https:\/\/laprensacristiana.com\/#website","url":"https:\/\/laprensacristiana.com\/","name":"La Prensa Cristiana","description":"Anunciando Las Buenas Nuevas","potentialAction":[{"@type":"SearchAction","target":{"@type":"EntryPoint","urlTemplate":"https:\/\/laprensacristiana.com\/?s={search_term_string}"},"query-input":"required name=search_term_string"}],"inLanguage":"es"},{"@type":"Person","@id":"https:\/\/laprensacristiana.com\/#\/schema\/person\/3e7d82c6bfd6b1fa67010f8f7cd5256e","name":"EDITOR","image":{"@type":"ImageObject","inLanguage":"es","@id":"https:\/\/laprensacristiana.com\/#\/schema\/person\/image\/","url":"https:\/\/secure.gravatar.com\/avatar\/72069dfb6c13772d9e8381e3638666d2?s=96&d=mm&r=g","contentUrl":"https:\/\/secure.gravatar.com\/avatar\/72069dfb6c13772d9e8381e3638666d2?s=96&d=mm&r=g","caption":"EDITOR"},"url":"https:\/\/laprensacristiana.com\/?author=3"}]}},"_links":{"self":[{"href":"https:\/\/laprensacristiana.com\/index.php?rest_route=\/wp\/v2\/posts\/11483"}],"collection":[{"href":"https:\/\/laprensacristiana.com\/index.php?rest_route=\/wp\/v2\/posts"}],"about":[{"href":"https:\/\/laprensacristiana.com\/index.php?rest_route=\/wp\/v2\/types\/post"}],"author":[{"embeddable":true,"href":"https:\/\/laprensacristiana.com\/index.php?rest_route=\/wp\/v2\/users\/3"}],"replies":[{"embeddable":true,"href":"https:\/\/laprensacristiana.com\/index.php?rest_route=%2Fwp%2Fv2%2Fcomments&post=11483"}],"version-history":[{"count":1,"href":"https:\/\/laprensacristiana.com\/index.php?rest_route=\/wp\/v2\/posts\/11483\/revisions"}],"predecessor-version":[{"id":11486,"href":"https:\/\/laprensacristiana.com\/index.php?rest_route=\/wp\/v2\/posts\/11483\/revisions\/11486"}],"wp:featuredmedia":[{"embeddable":true,"href":"https:\/\/laprensacristiana.com\/index.php?rest_route=\/wp\/v2\/media\/11484"}],"wp:attachment":[{"href":"https:\/\/laprensacristiana.com\/index.php?rest_route=%2Fwp%2Fv2%2Fmedia&parent=11483"}],"wp:term":[{"taxonomy":"category","embeddable":true,"href":"https:\/\/laprensacristiana.com\/index.php?rest_route=%2Fwp%2Fv2%2Fcategories&post=11483"},{"taxonomy":"post_tag","embeddable":true,"href":"https:\/\/laprensacristiana.com\/index.php?rest_route=%2Fwp%2Fv2%2Ftags&post=11483"}],"curies":[{"name":"wp","href":"https:\/\/api.w.org\/{rel}","templated":true}]}}