{"id":11490,"date":"2021-03-10T14:51:26","date_gmt":"2021-03-10T14:51:26","guid":{"rendered":"https:\/\/laprensacristiana.com\/?p=11490"},"modified":"2021-03-10T14:51:27","modified_gmt":"2021-03-10T14:51:27","slug":"juan-bautista","status":"publish","type":"post","link":"https:\/\/laprensacristiana.com\/?p=11490","title":{"rendered":"Juan Bautista"},"content":{"rendered":"\n<pre class=\"wp-block-code\"><code><\/code><\/pre>\n\n\n\n<p>Isa\u00edas 40:3 \u201cUna voz clama: Preparad en el desierto camino al SE\u00d1OR; allanad en la soledad calzada para nuestro Dios\u201d<\/p>\n\n\n\n<p>A veces nosotros los pastores cometemos el error de querer ocupar un lugar al que no hemos sido llamados por el Se\u00f1or.<\/p>\n\n\n\n<p>Pablo dice que cada uno ha recibido un llamado espec\u00edfico. Claro que se pueden entrecruzar los caminos en los ministerios que \u00e9l menciona pero por lo general se espera de nosotros, los \u201cministros del Se\u00f1or\u201d que no nos metamos en lugares a donde no hemos sido llamados.<\/p>\n\n\n\n<p>El problema es que muchas veces el orgullo nos gana. De pronto una persona, especialmente una hermana, viene al pastor para pedirle un consejo y si \u00e9ste no tiene la experiencia o la respuesta adecuada, se inventa algo para no quedar mal. Una buena dosis de orgullo por supuesto. Y otras veces incluso, se autonombra Profeta, como para dar a entender que tiene m\u00e1s de uno o dos regalos del Se\u00f1or.<\/p>\n\n\n\n<p>No estoy tratando de polemizar sobre esto, primero porque no soy ninguna autoridad en el asunto, segundo porque no es asunto m\u00edo como lleva cada quien su llamado. En lo que a mi concierne, prefiero seguir siendo el pastor que empece siendo all\u00e1 en Guatemala hace unos 35 a\u00f1os. No aspiro a ning\u00fan t\u00edtulo ni otro ministerio a menos que el Se\u00f1or se digne usarme de cuando en cuando mientras entrego el mensaje de su Palabra.<\/p>\n\n\n\n<p>Bueno, \u00bfa que viene todo esto?<\/p>\n\n\n\n<p>Muy sencillo y pasar\u00e9 a explicar lo que comprend\u00ed leyendo la historia de Juan Bautista por en\u00e9sima vez.<\/p>\n\n\n\n<p>Porque el \u201cefecto cebolla\u201d de la Palabra es tan hermoso que despu\u00e9s de varios a\u00f1os de leerla diariamente como una de mis principales disciplinas, siempre descubro cosas que no hab\u00eda visto anteriormente. Y en esta ocasi\u00f3n me salt\u00f3 una l\u00ednea sobre lo que le sucedi\u00f3 a este hombre que seg\u00fan Jesus, no ha nacido otro mayor que \u00e9l en la tierra.<\/p>\n\n\n\n<p>Resulta que Juan Bautista vino al mundo enviado por Dios mismo para cumplir una misi\u00f3n: Preparar el camino del Salvador. Abrir la senda para presentar el Cordero de Dios que quitar\u00eda el pecado del mundo y traer\u00eda salvaci\u00f3n a su pueblo Israel. Mientras estuvo enfocado en su llamado no hab\u00eda ning\u00fan problema. Incluso los jerarcas de la religi\u00f3n del pueblo acud\u00edan al r\u00edo donde Juan bautizaba. Y los recib\u00eda con amenazas, advertencias y ense\u00f1anzas para que dieran frutos dignos de arrepentimiento.<\/p>\n\n\n\n<p>Pero resulta que un d\u00eda, en el fragor de su car\u00e1cter duro y pragm\u00e1tico, pas\u00f3 bajo el balc\u00f3n en donde se sentaba el gobernador de Israel y lo increp\u00f3 duramente delante de todos, especialmente de la esposa que \u00e9ste hab\u00eda tomado de su hermano, lo cual era un pecado se\u00f1alado por la Ley.<\/p>\n\n\n\n<p>Lucas 3:19 nos lo cuenta sucintamente: \u201c\u2026siendo reprendido por \u00e9l por causa de Herod\u00edas, mujer de su hermano, y por todas las maldades que Herodes hab\u00eda hecho\u2026\u201d<\/p>\n\n\n\n<p>Aqui se desat\u00f3 una sentencia de muerte para Juan. A partir de ese momento dice Lucas que Herod\u00edas entr\u00f3 en c\u00f3lera y empez\u00f3 a buscar la manera de matarlo en venganza de la rega\u00f1ada que le peg\u00f3 el enviado de Dios.<\/p>\n\n\n\n<p>El problema no fue descubrir el pecado de Herodes y su mujer. Eso era conocido por todos, pero lo que fastidi\u00f3 la vida de Juan fue que \u00e9l no fue enviado por Dios para corregir ni para avergonzar a nadie. Su papel no era exhortar al gobernador a que tuviera una buena conducta. Su llamado era \u201cpreparar el camino del Se\u00f1or\u201d y no meterse en las vidas ajenas especialmente de las autoridades.<\/p>\n\n\n\n<p>\u00bfLo ve, querido pastor? A Juan le cortaron la cabeza por andarse metiendo en un ministerio que no le pertenec\u00eda.<\/p>\n\n\n\n<p>\u00bfQue opina de todo esto?<\/p>\n","protected":false},"excerpt":{"rendered":"<p>Isa\u00edas 40:3 \u201cUna voz clama: Preparad en el desierto camino al SE\u00d1OR; allanad en la soledad calzada para nuestro Dios\u201d A veces nosotros los pastores cometemos el error de querer ocupar un lugar al que no hemos sido llamados por el Se\u00f1or. Pablo dice que cada uno ha recibido un llamado espec\u00edfico. Claro que se [&hellip;]<\/p>\n","protected":false},"author":3,"featured_media":11327,"comment_status":"open","ping_status":"open","sticky":false,"template":"","format":"standard","meta":[],"categories":[36],"tags":[],"yoast_head":"<!-- This site is optimized with the Yoast SEO plugin v20.8 - https:\/\/yoast.com\/wordpress\/plugins\/seo\/ -->\n<title>Juan Bautista - La Prensa Cristiana<\/title>\n<meta name=\"robots\" content=\"index, follow, max-snippet:-1, max-image-preview:large, max-video-preview:-1\" \/>\n<link rel=\"canonical\" href=\"https:\/\/laprensacristiana.com\/?p=11490\" \/>\n<meta property=\"og:locale\" content=\"es_ES\" \/>\n<meta property=\"og:type\" content=\"article\" \/>\n<meta property=\"og:title\" content=\"Juan Bautista - La Prensa Cristiana\" \/>\n<meta property=\"og:description\" content=\"Isa\u00edas 40:3 \u201cUna voz clama: Preparad en el desierto camino al SE\u00d1OR; allanad en la soledad calzada para nuestro Dios\u201d A veces nosotros los pastores cometemos el error de querer ocupar un lugar al que no hemos sido llamados por el Se\u00f1or. Pablo dice que cada uno ha recibido un llamado espec\u00edfico. Claro que se [&hellip;]\" \/>\n<meta property=\"og:url\" content=\"https:\/\/laprensacristiana.com\/?p=11490\" \/>\n<meta property=\"og:site_name\" content=\"La Prensa Cristiana\" \/>\n<meta property=\"article:published_time\" content=\"2021-03-10T14:51:26+00:00\" \/>\n<meta property=\"article:modified_time\" content=\"2021-03-10T14:51:27+00:00\" \/>\n<meta property=\"og:image\" content=\"https:\/\/laprensacristiana.com\/wp-content\/uploads\/2021\/02\/IMG_20210215_163352_769.jpg\" \/>\n\t<meta property=\"og:image:width\" content=\"1280\" \/>\n\t<meta property=\"og:image:height\" content=\"714\" \/>\n\t<meta property=\"og:image:type\" content=\"image\/jpeg\" \/>\n<meta name=\"author\" content=\"EDITOR\" \/>\n<meta name=\"twitter:card\" content=\"summary_large_image\" \/>\n<meta name=\"twitter:label1\" content=\"Escrito por\" \/>\n\t<meta name=\"twitter:data1\" content=\"EDITOR\" \/>\n\t<meta name=\"twitter:label2\" content=\"Tiempo de lectura\" \/>\n\t<meta name=\"twitter:data2\" content=\"3 minutos\" \/>\n<script type=\"application\/ld+json\" class=\"yoast-schema-graph\">{\"@context\":\"https:\/\/schema.org\",\"@graph\":[{\"@type\":\"WebPage\",\"@id\":\"https:\/\/laprensacristiana.com\/?p=11490\",\"url\":\"https:\/\/laprensacristiana.com\/?p=11490\",\"name\":\"Juan Bautista - La Prensa Cristiana\",\"isPartOf\":{\"@id\":\"https:\/\/laprensacristiana.com\/#website\"},\"datePublished\":\"2021-03-10T14:51:26+00:00\",\"dateModified\":\"2021-03-10T14:51:27+00:00\",\"author\":{\"@id\":\"https:\/\/laprensacristiana.com\/#\/schema\/person\/3e7d82c6bfd6b1fa67010f8f7cd5256e\"},\"breadcrumb\":{\"@id\":\"https:\/\/laprensacristiana.com\/?p=11490#breadcrumb\"},\"inLanguage\":\"es\",\"potentialAction\":[{\"@type\":\"ReadAction\",\"target\":[\"https:\/\/laprensacristiana.com\/?p=11490\"]}]},{\"@type\":\"BreadcrumbList\",\"@id\":\"https:\/\/laprensacristiana.com\/?p=11490#breadcrumb\",\"itemListElement\":[{\"@type\":\"ListItem\",\"position\":1,\"name\":\"Portada\",\"item\":\"https:\/\/laprensacristiana.com\/\"},{\"@type\":\"ListItem\",\"position\":2,\"name\":\"Juan Bautista\"}]},{\"@type\":\"WebSite\",\"@id\":\"https:\/\/laprensacristiana.com\/#website\",\"url\":\"https:\/\/laprensacristiana.com\/\",\"name\":\"La Prensa Cristiana\",\"description\":\"Anunciando Las Buenas Nuevas\",\"potentialAction\":[{\"@type\":\"SearchAction\",\"target\":{\"@type\":\"EntryPoint\",\"urlTemplate\":\"https:\/\/laprensacristiana.com\/?s={search_term_string}\"},\"query-input\":\"required name=search_term_string\"}],\"inLanguage\":\"es\"},{\"@type\":\"Person\",\"@id\":\"https:\/\/laprensacristiana.com\/#\/schema\/person\/3e7d82c6bfd6b1fa67010f8f7cd5256e\",\"name\":\"EDITOR\",\"image\":{\"@type\":\"ImageObject\",\"inLanguage\":\"es\",\"@id\":\"https:\/\/laprensacristiana.com\/#\/schema\/person\/image\/\",\"url\":\"https:\/\/secure.gravatar.com\/avatar\/72069dfb6c13772d9e8381e3638666d2?s=96&d=mm&r=g\",\"contentUrl\":\"https:\/\/secure.gravatar.com\/avatar\/72069dfb6c13772d9e8381e3638666d2?s=96&d=mm&r=g\",\"caption\":\"EDITOR\"},\"url\":\"https:\/\/laprensacristiana.com\/?author=3\"}]}<\/script>\n<!-- \/ Yoast SEO plugin. -->","yoast_head_json":{"title":"Juan Bautista - La Prensa Cristiana","robots":{"index":"index","follow":"follow","max-snippet":"max-snippet:-1","max-image-preview":"max-image-preview:large","max-video-preview":"max-video-preview:-1"},"canonical":"https:\/\/laprensacristiana.com\/?p=11490","og_locale":"es_ES","og_type":"article","og_title":"Juan Bautista - La Prensa Cristiana","og_description":"Isa\u00edas 40:3 \u201cUna voz clama: Preparad en el desierto camino al SE\u00d1OR; allanad en la soledad calzada para nuestro Dios\u201d A veces nosotros los pastores cometemos el error de querer ocupar un lugar al que no hemos sido llamados por el Se\u00f1or. Pablo dice que cada uno ha recibido un llamado espec\u00edfico. Claro que se [&hellip;]","og_url":"https:\/\/laprensacristiana.com\/?p=11490","og_site_name":"La Prensa Cristiana","article_published_time":"2021-03-10T14:51:26+00:00","article_modified_time":"2021-03-10T14:51:27+00:00","og_image":[{"width":1280,"height":714,"url":"https:\/\/laprensacristiana.com\/wp-content\/uploads\/2021\/02\/IMG_20210215_163352_769.jpg","type":"image\/jpeg"}],"author":"EDITOR","twitter_card":"summary_large_image","twitter_misc":{"Escrito por":"EDITOR","Tiempo de lectura":"3 minutos"},"schema":{"@context":"https:\/\/schema.org","@graph":[{"@type":"WebPage","@id":"https:\/\/laprensacristiana.com\/?p=11490","url":"https:\/\/laprensacristiana.com\/?p=11490","name":"Juan Bautista - La Prensa Cristiana","isPartOf":{"@id":"https:\/\/laprensacristiana.com\/#website"},"datePublished":"2021-03-10T14:51:26+00:00","dateModified":"2021-03-10T14:51:27+00:00","author":{"@id":"https:\/\/laprensacristiana.com\/#\/schema\/person\/3e7d82c6bfd6b1fa67010f8f7cd5256e"},"breadcrumb":{"@id":"https:\/\/laprensacristiana.com\/?p=11490#breadcrumb"},"inLanguage":"es","potentialAction":[{"@type":"ReadAction","target":["https:\/\/laprensacristiana.com\/?p=11490"]}]},{"@type":"BreadcrumbList","@id":"https:\/\/laprensacristiana.com\/?p=11490#breadcrumb","itemListElement":[{"@type":"ListItem","position":1,"name":"Portada","item":"https:\/\/laprensacristiana.com\/"},{"@type":"ListItem","position":2,"name":"Juan Bautista"}]},{"@type":"WebSite","@id":"https:\/\/laprensacristiana.com\/#website","url":"https:\/\/laprensacristiana.com\/","name":"La Prensa Cristiana","description":"Anunciando Las Buenas Nuevas","potentialAction":[{"@type":"SearchAction","target":{"@type":"EntryPoint","urlTemplate":"https:\/\/laprensacristiana.com\/?s={search_term_string}"},"query-input":"required name=search_term_string"}],"inLanguage":"es"},{"@type":"Person","@id":"https:\/\/laprensacristiana.com\/#\/schema\/person\/3e7d82c6bfd6b1fa67010f8f7cd5256e","name":"EDITOR","image":{"@type":"ImageObject","inLanguage":"es","@id":"https:\/\/laprensacristiana.com\/#\/schema\/person\/image\/","url":"https:\/\/secure.gravatar.com\/avatar\/72069dfb6c13772d9e8381e3638666d2?s=96&d=mm&r=g","contentUrl":"https:\/\/secure.gravatar.com\/avatar\/72069dfb6c13772d9e8381e3638666d2?s=96&d=mm&r=g","caption":"EDITOR"},"url":"https:\/\/laprensacristiana.com\/?author=3"}]}},"_links":{"self":[{"href":"https:\/\/laprensacristiana.com\/index.php?rest_route=\/wp\/v2\/posts\/11490"}],"collection":[{"href":"https:\/\/laprensacristiana.com\/index.php?rest_route=\/wp\/v2\/posts"}],"about":[{"href":"https:\/\/laprensacristiana.com\/index.php?rest_route=\/wp\/v2\/types\/post"}],"author":[{"embeddable":true,"href":"https:\/\/laprensacristiana.com\/index.php?rest_route=\/wp\/v2\/users\/3"}],"replies":[{"embeddable":true,"href":"https:\/\/laprensacristiana.com\/index.php?rest_route=%2Fwp%2Fv2%2Fcomments&post=11490"}],"version-history":[{"count":1,"href":"https:\/\/laprensacristiana.com\/index.php?rest_route=\/wp\/v2\/posts\/11490\/revisions"}],"predecessor-version":[{"id":11491,"href":"https:\/\/laprensacristiana.com\/index.php?rest_route=\/wp\/v2\/posts\/11490\/revisions\/11491"}],"wp:featuredmedia":[{"embeddable":true,"href":"https:\/\/laprensacristiana.com\/index.php?rest_route=\/wp\/v2\/media\/11327"}],"wp:attachment":[{"href":"https:\/\/laprensacristiana.com\/index.php?rest_route=%2Fwp%2Fv2%2Fmedia&parent=11490"}],"wp:term":[{"taxonomy":"category","embeddable":true,"href":"https:\/\/laprensacristiana.com\/index.php?rest_route=%2Fwp%2Fv2%2Fcategories&post=11490"},{"taxonomy":"post_tag","embeddable":true,"href":"https:\/\/laprensacristiana.com\/index.php?rest_route=%2Fwp%2Fv2%2Ftags&post=11490"}],"curies":[{"name":"wp","href":"https:\/\/api.w.org\/{rel}","templated":true}]}}