{"id":11539,"date":"2021-03-15T15:51:47","date_gmt":"2021-03-15T15:51:47","guid":{"rendered":"https:\/\/laprensacristiana.com\/?p=11539"},"modified":"2021-03-15T15:51:48","modified_gmt":"2021-03-15T15:51:48","slug":"desagradecidos","status":"publish","type":"post","link":"https:\/\/laprensacristiana.com\/?p=11539","title":{"rendered":"Desagradecidos"},"content":{"rendered":"\n<pre class=\"wp-block-code\"><code><\/code><\/pre>\n\n\n\n<p>1 Sam. 23:5\u201d\u2026 y libr\u00f3 David a los de Keila\u201d<br>1 Sam. 23:12 \u201cDijo luego David: \u00bfMe entregar\u00e1n los vecinos de Keila a m\u00ed y a mis hombres en manos de Sa\u00fal? Y Jehov\u00e1 respondi\u00f3: Os entregar\u00e1n\u201d<\/p>\n\n\n\n<p>No, no esperemos que todos sean agradecidos. Para empezar les dir\u00e9 que la pobreza es un estado mental que subyuga al ser humano cuando \u00e9ste permite que sus pensamientos sean permeados por las circunstancias que la vida nos presenta.<\/p>\n\n\n\n<p>Hay pobres tan pobres que no tienen nada que dar, ni siquiera las gracias. \u00bfSe ha dado cuenta que a su alrededor hay personas a quienes usted les hace un favor o les comparte una bendici\u00f3n y no dan gracias? Ellos son los pobres pobres.<\/p>\n\n\n\n<p>Y esa clase de vida es peor que la de los pobres. Porque hay pobres tan ricos que saben devolver el favor recibido. Son los que han entendido que ser pobre no significa ser mal agradecido. Para esa clase de personas la pobreza es algo pasajero, algo que es circunstancial en sus vidas pero que llegar\u00e1 el momento en que tendr\u00e1n suficiente para dar y compartir.<\/p>\n\n\n\n<p>A ellos la vida les sonr\u00ede porque han sabido soportar los altibajos de su existencia. Todos hemos pasado por momentos de escaces. Pablo lo vivi\u00f3 y lo ense\u00f1\u00f3. \u00c9l aprendi\u00f3 el secreto de la raz\u00f3n para la pobreza. Porque la pobreza nos ense\u00f1a que no todo lo que brilla es oro. Que hay momentos en que tenemos que transitar por valles en donde nos faltan algunas cosas pero sabemos que tambi\u00e9n vendr\u00e1n tiempos mejores. Un buen chapin sabe que despu\u00e9s de una temporada de frijoles y tortillas vendr\u00e1 la carne. As\u00ed que no desespera ante esos momentos de escaces.<\/p>\n\n\n\n<p>Gloria al Se\u00f1or por los que hemos aprendido que todo eso es parte de la vida.<\/p>\n\n\n\n<p>Y lo m\u00e1s hermoso de todo, es que solo Dios sabe quienes son los pobres entre los pobres. Aparentemente no lo parecen, pero como Dios mira el interior del hombre, \u00c9l sabe perfectamente qu\u00e9 clase de personas somos.<\/p>\n\n\n\n<p>Keila, un pueblo del antiguo Israel, est\u00e1 bajo ataque de sus enemigos. Se lo hacen saber a David quien tiene un coraz\u00f3n enormemente amoroso hacia sus amigos. No duda en acudir en su ayuda y los libra del ataque de sus rivales. Dice la historia que los libr\u00f3 de todos ellos y los de Keila volvieron a tener paz en su territorio.<\/p>\n\n\n\n<p>Lo menos que David, que en esos momentos hu\u00eda de Sa\u00fal esperaba, era que lo ayudaran y lo protegieran como una reciprocidad hacia el bien que hab\u00edan recibido. David deseaba que las personas que hab\u00edan recibido un bien de parte de quien les hab\u00eda ayudado a ser liberados de la batalla era que fueran amables y protectores hacia \u00e9l.<\/p>\n\n\n\n<p>Pero, \u00bfqu\u00e9 sucedi\u00f3? A las alturas en que David se encontraba, adquiriendo experiencias sobre el coraz\u00f3n humano, no quiso confiar en sus instintos. No quiso confiar en sus propias experiencias y consult\u00f3 con el Se\u00f1or: \u201c\u00bfMe entregar\u00e1n estos hombres de Keila a Sa\u00fal? \u00bfMe proteger\u00e1n como reciprocidad por lo que les hice? Y la respuesta del Se\u00f1or defini\u00f3 la situaci\u00f3n moral de esta gente. Su respuesta es dolorosamente pragm\u00e1tica: \u201cS\u00ed, David, te van a entregar\u201d<\/p>\n\n\n\n<p>\u00bfEn donde est\u00e1 la gratitud entonces? \u00bfComo es que los habitantes de Keila no fueron agradecidos con quien los hab\u00eda salvado de ser llevados prisioneros y esclavizados por los filisteos?<br>No hubo tal gratitud en sus corazones. Estaban contentos por haber sido salvados, felices de que su territorio no haya sido consumido ni ellos llevados cautivos. Pero en su interior no hab\u00eda nada que los motivara a ser agradecidos. No dieron muestras de ning\u00fan agradecimiento a su salvador.<\/p>\n\n\n\n<p>Menos mal que David hab\u00eda aprendido a no confiar en los sentimientos humanos. Menos mal que David no esperaba ning\u00fan detalle de ternura ni amor de sus semejantes. Confi\u00f3 en la Palabra del Se\u00f1or y \u00c9l le confirm\u00f3 que esa gente eran tan pobre, pero tan pobres que en cuanto Sa\u00fal apareciera, se iban a poner del lado de m\u00e1s rico, del m\u00e1s fuerte, del m\u00e1s poderoso.<\/p>\n\n\n\n<p>Tenemos que aprender de todo esto a no esperar que aquellos que han recibido alguna bendici\u00f3n de parte de nuestro ministerio o billetera nos den gracias. Debemos esperar que no todos dar\u00e1n gracias. Que no todos tienen en su coraz\u00f3n una pizca de agradecimiento por un favor recibido. Solo Dios es quien recompensa por lo que podamos hacer por los dem\u00e1s.<\/p>\n\n\n\n<p>David lo entendi\u00f3, por eso no se enoj\u00f3 ni amarg\u00f3 por la actitud displicente de los de Keila. Porque su confianza estaba puesta en el Dios de su salvaci\u00f3n.<\/p>\n","protected":false},"excerpt":{"rendered":"<p>1 Sam. 23:5\u201d\u2026 y libr\u00f3 David a los de Keila\u201d1 Sam. 23:12 \u201cDijo luego David: \u00bfMe entregar\u00e1n los vecinos de Keila a m\u00ed y a mis hombres en manos de Sa\u00fal? Y Jehov\u00e1 respondi\u00f3: Os entregar\u00e1n\u201d No, no esperemos que todos sean agradecidos. Para empezar les dir\u00e9 que la pobreza es un estado mental que [&hellip;]<\/p>\n","protected":false},"author":3,"featured_media":11327,"comment_status":"open","ping_status":"open","sticky":false,"template":"","format":"standard","meta":[],"categories":[36],"tags":[],"yoast_head":"<!-- This site is optimized with the Yoast SEO plugin v20.8 - https:\/\/yoast.com\/wordpress\/plugins\/seo\/ -->\n<title>Desagradecidos - La Prensa Cristiana<\/title>\n<meta name=\"robots\" content=\"index, follow, max-snippet:-1, max-image-preview:large, max-video-preview:-1\" \/>\n<link rel=\"canonical\" href=\"https:\/\/laprensacristiana.com\/?p=11539\" \/>\n<meta property=\"og:locale\" content=\"es_ES\" \/>\n<meta property=\"og:type\" content=\"article\" \/>\n<meta property=\"og:title\" content=\"Desagradecidos - La Prensa Cristiana\" \/>\n<meta property=\"og:description\" content=\"1 Sam. 23:5\u201d\u2026 y libr\u00f3 David a los de Keila\u201d1 Sam. 23:12 \u201cDijo luego David: \u00bfMe entregar\u00e1n los vecinos de Keila a m\u00ed y a mis hombres en manos de Sa\u00fal? Y Jehov\u00e1 respondi\u00f3: Os entregar\u00e1n\u201d No, no esperemos que todos sean agradecidos. Para empezar les dir\u00e9 que la pobreza es un estado mental que [&hellip;]\" \/>\n<meta property=\"og:url\" content=\"https:\/\/laprensacristiana.com\/?p=11539\" \/>\n<meta property=\"og:site_name\" content=\"La Prensa Cristiana\" \/>\n<meta property=\"article:published_time\" content=\"2021-03-15T15:51:47+00:00\" \/>\n<meta property=\"article:modified_time\" content=\"2021-03-15T15:51:48+00:00\" \/>\n<meta property=\"og:image\" content=\"https:\/\/laprensacristiana.com\/wp-content\/uploads\/2021\/02\/IMG_20210215_163352_769.jpg\" \/>\n\t<meta property=\"og:image:width\" content=\"1280\" \/>\n\t<meta property=\"og:image:height\" content=\"714\" \/>\n\t<meta property=\"og:image:type\" content=\"image\/jpeg\" \/>\n<meta name=\"author\" content=\"EDITOR\" \/>\n<meta name=\"twitter:card\" content=\"summary_large_image\" \/>\n<meta name=\"twitter:label1\" content=\"Escrito por\" \/>\n\t<meta name=\"twitter:data1\" content=\"EDITOR\" \/>\n\t<meta name=\"twitter:label2\" content=\"Tiempo de lectura\" \/>\n\t<meta name=\"twitter:data2\" content=\"4 minutos\" \/>\n<script type=\"application\/ld+json\" class=\"yoast-schema-graph\">{\"@context\":\"https:\/\/schema.org\",\"@graph\":[{\"@type\":\"WebPage\",\"@id\":\"https:\/\/laprensacristiana.com\/?p=11539\",\"url\":\"https:\/\/laprensacristiana.com\/?p=11539\",\"name\":\"Desagradecidos - La Prensa Cristiana\",\"isPartOf\":{\"@id\":\"https:\/\/laprensacristiana.com\/#website\"},\"datePublished\":\"2021-03-15T15:51:47+00:00\",\"dateModified\":\"2021-03-15T15:51:48+00:00\",\"author\":{\"@id\":\"https:\/\/laprensacristiana.com\/#\/schema\/person\/3e7d82c6bfd6b1fa67010f8f7cd5256e\"},\"breadcrumb\":{\"@id\":\"https:\/\/laprensacristiana.com\/?p=11539#breadcrumb\"},\"inLanguage\":\"es\",\"potentialAction\":[{\"@type\":\"ReadAction\",\"target\":[\"https:\/\/laprensacristiana.com\/?p=11539\"]}]},{\"@type\":\"BreadcrumbList\",\"@id\":\"https:\/\/laprensacristiana.com\/?p=11539#breadcrumb\",\"itemListElement\":[{\"@type\":\"ListItem\",\"position\":1,\"name\":\"Portada\",\"item\":\"https:\/\/laprensacristiana.com\/\"},{\"@type\":\"ListItem\",\"position\":2,\"name\":\"Desagradecidos\"}]},{\"@type\":\"WebSite\",\"@id\":\"https:\/\/laprensacristiana.com\/#website\",\"url\":\"https:\/\/laprensacristiana.com\/\",\"name\":\"La Prensa Cristiana\",\"description\":\"Anunciando Las Buenas Nuevas\",\"potentialAction\":[{\"@type\":\"SearchAction\",\"target\":{\"@type\":\"EntryPoint\",\"urlTemplate\":\"https:\/\/laprensacristiana.com\/?s={search_term_string}\"},\"query-input\":\"required name=search_term_string\"}],\"inLanguage\":\"es\"},{\"@type\":\"Person\",\"@id\":\"https:\/\/laprensacristiana.com\/#\/schema\/person\/3e7d82c6bfd6b1fa67010f8f7cd5256e\",\"name\":\"EDITOR\",\"image\":{\"@type\":\"ImageObject\",\"inLanguage\":\"es\",\"@id\":\"https:\/\/laprensacristiana.com\/#\/schema\/person\/image\/\",\"url\":\"https:\/\/secure.gravatar.com\/avatar\/72069dfb6c13772d9e8381e3638666d2?s=96&d=mm&r=g\",\"contentUrl\":\"https:\/\/secure.gravatar.com\/avatar\/72069dfb6c13772d9e8381e3638666d2?s=96&d=mm&r=g\",\"caption\":\"EDITOR\"},\"url\":\"https:\/\/laprensacristiana.com\/?author=3\"}]}<\/script>\n<!-- \/ Yoast SEO plugin. -->","yoast_head_json":{"title":"Desagradecidos - La Prensa Cristiana","robots":{"index":"index","follow":"follow","max-snippet":"max-snippet:-1","max-image-preview":"max-image-preview:large","max-video-preview":"max-video-preview:-1"},"canonical":"https:\/\/laprensacristiana.com\/?p=11539","og_locale":"es_ES","og_type":"article","og_title":"Desagradecidos - La Prensa Cristiana","og_description":"1 Sam. 23:5\u201d\u2026 y libr\u00f3 David a los de Keila\u201d1 Sam. 23:12 \u201cDijo luego David: \u00bfMe entregar\u00e1n los vecinos de Keila a m\u00ed y a mis hombres en manos de Sa\u00fal? Y Jehov\u00e1 respondi\u00f3: Os entregar\u00e1n\u201d No, no esperemos que todos sean agradecidos. Para empezar les dir\u00e9 que la pobreza es un estado mental que [&hellip;]","og_url":"https:\/\/laprensacristiana.com\/?p=11539","og_site_name":"La Prensa Cristiana","article_published_time":"2021-03-15T15:51:47+00:00","article_modified_time":"2021-03-15T15:51:48+00:00","og_image":[{"width":1280,"height":714,"url":"https:\/\/laprensacristiana.com\/wp-content\/uploads\/2021\/02\/IMG_20210215_163352_769.jpg","type":"image\/jpeg"}],"author":"EDITOR","twitter_card":"summary_large_image","twitter_misc":{"Escrito por":"EDITOR","Tiempo de lectura":"4 minutos"},"schema":{"@context":"https:\/\/schema.org","@graph":[{"@type":"WebPage","@id":"https:\/\/laprensacristiana.com\/?p=11539","url":"https:\/\/laprensacristiana.com\/?p=11539","name":"Desagradecidos - La Prensa Cristiana","isPartOf":{"@id":"https:\/\/laprensacristiana.com\/#website"},"datePublished":"2021-03-15T15:51:47+00:00","dateModified":"2021-03-15T15:51:48+00:00","author":{"@id":"https:\/\/laprensacristiana.com\/#\/schema\/person\/3e7d82c6bfd6b1fa67010f8f7cd5256e"},"breadcrumb":{"@id":"https:\/\/laprensacristiana.com\/?p=11539#breadcrumb"},"inLanguage":"es","potentialAction":[{"@type":"ReadAction","target":["https:\/\/laprensacristiana.com\/?p=11539"]}]},{"@type":"BreadcrumbList","@id":"https:\/\/laprensacristiana.com\/?p=11539#breadcrumb","itemListElement":[{"@type":"ListItem","position":1,"name":"Portada","item":"https:\/\/laprensacristiana.com\/"},{"@type":"ListItem","position":2,"name":"Desagradecidos"}]},{"@type":"WebSite","@id":"https:\/\/laprensacristiana.com\/#website","url":"https:\/\/laprensacristiana.com\/","name":"La Prensa Cristiana","description":"Anunciando Las Buenas Nuevas","potentialAction":[{"@type":"SearchAction","target":{"@type":"EntryPoint","urlTemplate":"https:\/\/laprensacristiana.com\/?s={search_term_string}"},"query-input":"required name=search_term_string"}],"inLanguage":"es"},{"@type":"Person","@id":"https:\/\/laprensacristiana.com\/#\/schema\/person\/3e7d82c6bfd6b1fa67010f8f7cd5256e","name":"EDITOR","image":{"@type":"ImageObject","inLanguage":"es","@id":"https:\/\/laprensacristiana.com\/#\/schema\/person\/image\/","url":"https:\/\/secure.gravatar.com\/avatar\/72069dfb6c13772d9e8381e3638666d2?s=96&d=mm&r=g","contentUrl":"https:\/\/secure.gravatar.com\/avatar\/72069dfb6c13772d9e8381e3638666d2?s=96&d=mm&r=g","caption":"EDITOR"},"url":"https:\/\/laprensacristiana.com\/?author=3"}]}},"_links":{"self":[{"href":"https:\/\/laprensacristiana.com\/index.php?rest_route=\/wp\/v2\/posts\/11539"}],"collection":[{"href":"https:\/\/laprensacristiana.com\/index.php?rest_route=\/wp\/v2\/posts"}],"about":[{"href":"https:\/\/laprensacristiana.com\/index.php?rest_route=\/wp\/v2\/types\/post"}],"author":[{"embeddable":true,"href":"https:\/\/laprensacristiana.com\/index.php?rest_route=\/wp\/v2\/users\/3"}],"replies":[{"embeddable":true,"href":"https:\/\/laprensacristiana.com\/index.php?rest_route=%2Fwp%2Fv2%2Fcomments&post=11539"}],"version-history":[{"count":1,"href":"https:\/\/laprensacristiana.com\/index.php?rest_route=\/wp\/v2\/posts\/11539\/revisions"}],"predecessor-version":[{"id":11540,"href":"https:\/\/laprensacristiana.com\/index.php?rest_route=\/wp\/v2\/posts\/11539\/revisions\/11540"}],"wp:featuredmedia":[{"embeddable":true,"href":"https:\/\/laprensacristiana.com\/index.php?rest_route=\/wp\/v2\/media\/11327"}],"wp:attachment":[{"href":"https:\/\/laprensacristiana.com\/index.php?rest_route=%2Fwp%2Fv2%2Fmedia&parent=11539"}],"wp:term":[{"taxonomy":"category","embeddable":true,"href":"https:\/\/laprensacristiana.com\/index.php?rest_route=%2Fwp%2Fv2%2Fcategories&post=11539"},{"taxonomy":"post_tag","embeddable":true,"href":"https:\/\/laprensacristiana.com\/index.php?rest_route=%2Fwp%2Fv2%2Ftags&post=11539"}],"curies":[{"name":"wp","href":"https:\/\/api.w.org\/{rel}","templated":true}]}}