{"id":11555,"date":"2021-03-17T18:53:22","date_gmt":"2021-03-17T18:53:22","guid":{"rendered":"https:\/\/laprensacristiana.com\/?p=11555"},"modified":"2021-03-17T18:53:24","modified_gmt":"2021-03-17T18:53:24","slug":"adulam","status":"publish","type":"post","link":"https:\/\/laprensacristiana.com\/?p=11555","title":{"rendered":"Adulam"},"content":{"rendered":"\n<pre class=\"wp-block-code\"><code>                                                       <\/code><\/pre>\n\n\n\n<p>Entraron desharrapados, endeudados, enfermos y mamarrachos. No ten\u00edan un lugar fijo donde vivir, por lo tanto, cuando se enteraron que un pr\u00f3fugo valiente andaba por las cuevas del desierto escondi\u00e9ndose de su perseguidor, se unieron a \u00e9l.<\/p>\n\n\n\n<p>La Cueva de Adulam fue su hogar por mucho tiempo. Era el campamento de David con este grupo heterog\u00e9neo de fracasados. Ellos pensaban que \u00e9l era uno de ellos, por lo tanto, se le unieron en su precario refugio.<\/p>\n\n\n\n<p>\u00bfQu\u00e9 hacer todo el d\u00eda metidos en esas cuevas? \u00bfC\u00f3mo pasar el tiempo? David no era ni un fracasado, ni un endeudado ni mucho menos un mamarracho. Era el futuro rey de Israel y por circunstancias ajenas a su voluntad se vio obligado a huir de un rey loco que lo persegu\u00eda por celos. El muy ignorante. David era diestro con la honda y aprendi\u00f3 a usar la espada, as\u00ed que mientras el Se\u00f1or hace algo para librarlo de su enemigo, hay que ocuparse en algo productivo.<\/p>\n\n\n\n<p>\u00bfQue hace? Empieza a entrenar a los hombres que se le unieron en Adulam y los fue formando poco a poco, d\u00eda tras d\u00eda, hora tras hora, hasta lograr sacar de dentro de ellos lo mejor que ten\u00edan. Ten\u00edan valor. Ten\u00edan destrezas que ellos mismos ignoraban. Ten\u00edan coraje. Ten\u00edan garra de valientes pero no lo hab\u00edan notado. David s\u00ed. Por eso los entren\u00f3 para que sacaran el diamante de alto kilataje que ten\u00edan escondido en las cubiertas de carb\u00f3n.<\/p>\n\n\n\n<p>As\u00ed form\u00f3 su futuro ej\u00e9rcito de valientes y fieles guerreros. De all\u00ed surgieron los famosos \u201c30 valientes de David\u201d Entre los treinta hubo tres que nadie super\u00f3. \u00a1Vaya valientes! Ni ellos sab\u00edan de lo que eran capaces de hacer y ser hasta que estuvieron en Adulam.<\/p>\n\n\n\n<p>\u00bfNo ser\u00e1 que usted est\u00e1 en Adulam siendo formado como uno de esos hombres por el Hijo de David? \u00bfNo ser\u00e1 que el Hijo de David ya vio lo que usted tiene dentro de usted mismo para sacarlo y hacerlo un vencedor, un victorioso e invencible guerrero de su vida?<\/p>\n\n\n\n<p>Piense, analice y vea lo que Jesus, el Hijo de David, puede sacar de este en esa cueva en donde se encuentra en estos momentos. Usted est\u00e1 siendo preparado para algo grande.<\/p>\n","protected":false},"excerpt":{"rendered":"<p>Entraron desharrapados, endeudados, enfermos y mamarrachos. No ten\u00edan un lugar fijo donde vivir, por lo tanto, cuando se enteraron que un pr\u00f3fugo valiente andaba por las cuevas del desierto escondi\u00e9ndose de su perseguidor, se unieron a \u00e9l. La Cueva de Adulam fue su hogar por mucho tiempo. Era el campamento de David con este grupo [&hellip;]<\/p>\n","protected":false},"author":3,"featured_media":11327,"comment_status":"open","ping_status":"open","sticky":false,"template":"","format":"standard","meta":[],"categories":[36],"tags":[],"yoast_head":"<!-- This site is optimized with the Yoast SEO plugin v20.8 - https:\/\/yoast.com\/wordpress\/plugins\/seo\/ -->\n<title>Adulam - La Prensa Cristiana<\/title>\n<meta name=\"robots\" content=\"index, follow, max-snippet:-1, max-image-preview:large, max-video-preview:-1\" \/>\n<link rel=\"canonical\" href=\"https:\/\/laprensacristiana.com\/?p=11555\" \/>\n<meta property=\"og:locale\" content=\"es_ES\" \/>\n<meta property=\"og:type\" content=\"article\" \/>\n<meta property=\"og:title\" content=\"Adulam - La Prensa Cristiana\" \/>\n<meta property=\"og:description\" content=\"Entraron desharrapados, endeudados, enfermos y mamarrachos. No ten\u00edan un lugar fijo donde vivir, por lo tanto, cuando se enteraron que un pr\u00f3fugo valiente andaba por las cuevas del desierto escondi\u00e9ndose de su perseguidor, se unieron a \u00e9l. La Cueva de Adulam fue su hogar por mucho tiempo. Era el campamento de David con este grupo [&hellip;]\" \/>\n<meta property=\"og:url\" content=\"https:\/\/laprensacristiana.com\/?p=11555\" \/>\n<meta property=\"og:site_name\" content=\"La Prensa Cristiana\" \/>\n<meta property=\"article:published_time\" content=\"2021-03-17T18:53:22+00:00\" \/>\n<meta property=\"article:modified_time\" content=\"2021-03-17T18:53:24+00:00\" \/>\n<meta property=\"og:image\" content=\"https:\/\/laprensacristiana.com\/wp-content\/uploads\/2021\/02\/IMG_20210215_163352_769.jpg\" \/>\n\t<meta property=\"og:image:width\" content=\"1280\" \/>\n\t<meta property=\"og:image:height\" content=\"714\" \/>\n\t<meta property=\"og:image:type\" content=\"image\/jpeg\" \/>\n<meta name=\"author\" content=\"EDITOR\" \/>\n<meta name=\"twitter:card\" content=\"summary_large_image\" \/>\n<meta name=\"twitter:label1\" content=\"Escrito por\" \/>\n\t<meta name=\"twitter:data1\" content=\"EDITOR\" \/>\n\t<meta name=\"twitter:label2\" content=\"Tiempo de lectura\" \/>\n\t<meta name=\"twitter:data2\" content=\"2 minutos\" \/>\n<script type=\"application\/ld+json\" class=\"yoast-schema-graph\">{\"@context\":\"https:\/\/schema.org\",\"@graph\":[{\"@type\":\"WebPage\",\"@id\":\"https:\/\/laprensacristiana.com\/?p=11555\",\"url\":\"https:\/\/laprensacristiana.com\/?p=11555\",\"name\":\"Adulam - La Prensa Cristiana\",\"isPartOf\":{\"@id\":\"https:\/\/laprensacristiana.com\/#website\"},\"datePublished\":\"2021-03-17T18:53:22+00:00\",\"dateModified\":\"2021-03-17T18:53:24+00:00\",\"author\":{\"@id\":\"https:\/\/laprensacristiana.com\/#\/schema\/person\/3e7d82c6bfd6b1fa67010f8f7cd5256e\"},\"breadcrumb\":{\"@id\":\"https:\/\/laprensacristiana.com\/?p=11555#breadcrumb\"},\"inLanguage\":\"es\",\"potentialAction\":[{\"@type\":\"ReadAction\",\"target\":[\"https:\/\/laprensacristiana.com\/?p=11555\"]}]},{\"@type\":\"BreadcrumbList\",\"@id\":\"https:\/\/laprensacristiana.com\/?p=11555#breadcrumb\",\"itemListElement\":[{\"@type\":\"ListItem\",\"position\":1,\"name\":\"Portada\",\"item\":\"https:\/\/laprensacristiana.com\/\"},{\"@type\":\"ListItem\",\"position\":2,\"name\":\"Adulam\"}]},{\"@type\":\"WebSite\",\"@id\":\"https:\/\/laprensacristiana.com\/#website\",\"url\":\"https:\/\/laprensacristiana.com\/\",\"name\":\"La Prensa Cristiana\",\"description\":\"Anunciando Las Buenas Nuevas\",\"potentialAction\":[{\"@type\":\"SearchAction\",\"target\":{\"@type\":\"EntryPoint\",\"urlTemplate\":\"https:\/\/laprensacristiana.com\/?s={search_term_string}\"},\"query-input\":\"required name=search_term_string\"}],\"inLanguage\":\"es\"},{\"@type\":\"Person\",\"@id\":\"https:\/\/laprensacristiana.com\/#\/schema\/person\/3e7d82c6bfd6b1fa67010f8f7cd5256e\",\"name\":\"EDITOR\",\"image\":{\"@type\":\"ImageObject\",\"inLanguage\":\"es\",\"@id\":\"https:\/\/laprensacristiana.com\/#\/schema\/person\/image\/\",\"url\":\"https:\/\/secure.gravatar.com\/avatar\/72069dfb6c13772d9e8381e3638666d2?s=96&d=mm&r=g\",\"contentUrl\":\"https:\/\/secure.gravatar.com\/avatar\/72069dfb6c13772d9e8381e3638666d2?s=96&d=mm&r=g\",\"caption\":\"EDITOR\"},\"url\":\"https:\/\/laprensacristiana.com\/?author=3\"}]}<\/script>\n<!-- \/ Yoast SEO plugin. -->","yoast_head_json":{"title":"Adulam - La Prensa Cristiana","robots":{"index":"index","follow":"follow","max-snippet":"max-snippet:-1","max-image-preview":"max-image-preview:large","max-video-preview":"max-video-preview:-1"},"canonical":"https:\/\/laprensacristiana.com\/?p=11555","og_locale":"es_ES","og_type":"article","og_title":"Adulam - La Prensa Cristiana","og_description":"Entraron desharrapados, endeudados, enfermos y mamarrachos. No ten\u00edan un lugar fijo donde vivir, por lo tanto, cuando se enteraron que un pr\u00f3fugo valiente andaba por las cuevas del desierto escondi\u00e9ndose de su perseguidor, se unieron a \u00e9l. La Cueva de Adulam fue su hogar por mucho tiempo. Era el campamento de David con este grupo [&hellip;]","og_url":"https:\/\/laprensacristiana.com\/?p=11555","og_site_name":"La Prensa Cristiana","article_published_time":"2021-03-17T18:53:22+00:00","article_modified_time":"2021-03-17T18:53:24+00:00","og_image":[{"width":1280,"height":714,"url":"https:\/\/laprensacristiana.com\/wp-content\/uploads\/2021\/02\/IMG_20210215_163352_769.jpg","type":"image\/jpeg"}],"author":"EDITOR","twitter_card":"summary_large_image","twitter_misc":{"Escrito por":"EDITOR","Tiempo de lectura":"2 minutos"},"schema":{"@context":"https:\/\/schema.org","@graph":[{"@type":"WebPage","@id":"https:\/\/laprensacristiana.com\/?p=11555","url":"https:\/\/laprensacristiana.com\/?p=11555","name":"Adulam - La Prensa Cristiana","isPartOf":{"@id":"https:\/\/laprensacristiana.com\/#website"},"datePublished":"2021-03-17T18:53:22+00:00","dateModified":"2021-03-17T18:53:24+00:00","author":{"@id":"https:\/\/laprensacristiana.com\/#\/schema\/person\/3e7d82c6bfd6b1fa67010f8f7cd5256e"},"breadcrumb":{"@id":"https:\/\/laprensacristiana.com\/?p=11555#breadcrumb"},"inLanguage":"es","potentialAction":[{"@type":"ReadAction","target":["https:\/\/laprensacristiana.com\/?p=11555"]}]},{"@type":"BreadcrumbList","@id":"https:\/\/laprensacristiana.com\/?p=11555#breadcrumb","itemListElement":[{"@type":"ListItem","position":1,"name":"Portada","item":"https:\/\/laprensacristiana.com\/"},{"@type":"ListItem","position":2,"name":"Adulam"}]},{"@type":"WebSite","@id":"https:\/\/laprensacristiana.com\/#website","url":"https:\/\/laprensacristiana.com\/","name":"La Prensa Cristiana","description":"Anunciando Las Buenas Nuevas","potentialAction":[{"@type":"SearchAction","target":{"@type":"EntryPoint","urlTemplate":"https:\/\/laprensacristiana.com\/?s={search_term_string}"},"query-input":"required name=search_term_string"}],"inLanguage":"es"},{"@type":"Person","@id":"https:\/\/laprensacristiana.com\/#\/schema\/person\/3e7d82c6bfd6b1fa67010f8f7cd5256e","name":"EDITOR","image":{"@type":"ImageObject","inLanguage":"es","@id":"https:\/\/laprensacristiana.com\/#\/schema\/person\/image\/","url":"https:\/\/secure.gravatar.com\/avatar\/72069dfb6c13772d9e8381e3638666d2?s=96&d=mm&r=g","contentUrl":"https:\/\/secure.gravatar.com\/avatar\/72069dfb6c13772d9e8381e3638666d2?s=96&d=mm&r=g","caption":"EDITOR"},"url":"https:\/\/laprensacristiana.com\/?author=3"}]}},"_links":{"self":[{"href":"https:\/\/laprensacristiana.com\/index.php?rest_route=\/wp\/v2\/posts\/11555"}],"collection":[{"href":"https:\/\/laprensacristiana.com\/index.php?rest_route=\/wp\/v2\/posts"}],"about":[{"href":"https:\/\/laprensacristiana.com\/index.php?rest_route=\/wp\/v2\/types\/post"}],"author":[{"embeddable":true,"href":"https:\/\/laprensacristiana.com\/index.php?rest_route=\/wp\/v2\/users\/3"}],"replies":[{"embeddable":true,"href":"https:\/\/laprensacristiana.com\/index.php?rest_route=%2Fwp%2Fv2%2Fcomments&post=11555"}],"version-history":[{"count":1,"href":"https:\/\/laprensacristiana.com\/index.php?rest_route=\/wp\/v2\/posts\/11555\/revisions"}],"predecessor-version":[{"id":11556,"href":"https:\/\/laprensacristiana.com\/index.php?rest_route=\/wp\/v2\/posts\/11555\/revisions\/11556"}],"wp:featuredmedia":[{"embeddable":true,"href":"https:\/\/laprensacristiana.com\/index.php?rest_route=\/wp\/v2\/media\/11327"}],"wp:attachment":[{"href":"https:\/\/laprensacristiana.com\/index.php?rest_route=%2Fwp%2Fv2%2Fmedia&parent=11555"}],"wp:term":[{"taxonomy":"category","embeddable":true,"href":"https:\/\/laprensacristiana.com\/index.php?rest_route=%2Fwp%2Fv2%2Fcategories&post=11555"},{"taxonomy":"post_tag","embeddable":true,"href":"https:\/\/laprensacristiana.com\/index.php?rest_route=%2Fwp%2Fv2%2Ftags&post=11555"}],"curies":[{"name":"wp","href":"https:\/\/api.w.org\/{rel}","templated":true}]}}