{"id":11606,"date":"2021-03-22T15:53:15","date_gmt":"2021-03-22T15:53:15","guid":{"rendered":"https:\/\/laprensacristiana.com\/?p=11606"},"modified":"2021-03-22T15:53:16","modified_gmt":"2021-03-22T15:53:16","slug":"murmuracion","status":"publish","type":"post","link":"https:\/\/laprensacristiana.com\/?p=11606","title":{"rendered":"Murmuraci\u00f3n"},"content":{"rendered":"\n<p>N\u00fameros 12:8-10 \u201c\u00bfPor qu\u00e9, pues, no temisteis hablar contra mi siervo, contra Mois\u00e9s?<br>Y se encendi\u00f3 la ira del SE\u00d1OR contra ellos, y El se fue. Pero cuando la nube se retir\u00f3 de sobre la tienda, he aqu\u00ed que Miriam estaba leprosa, blanca como la nieve.<\/p>\n\n\n\n<p>Conozco a una hermana que fue directora de Alabanza en una congregaci\u00f3n muy grande. Fue una mujer muy usada por el Se\u00f1or para entonar c\u00e1nticos de Gloria a su Nombre. Era experta en el uso del pandero, ten\u00eda un liderazgo de mucho poder. Cuando cantaba, todo el pueblo la segu\u00eda en su ministerio. Era una mujer de alto perfil ministerial. Liderazgo indiscutible. Aparte que ten\u00eda el privilegio de ser hermana mayor<br>del pastor general y del copastor. As\u00ed que era parte de una \u00e9lite de la iglesia. Algo que muy pocas veces se ha visto en alguna congregaci\u00f3n.<\/p>\n\n\n\n<p>Pero un d\u00eda se le ocurri\u00f3 la brillante idea de llamar por tel\u00e9fono a su hermano el copastor y juntos se dieron a la tarea de criticar a la esposa del pastor. Indudablemente la hermana, que era mayor que el pastor, cre\u00eda que ten\u00eda cierta autoridad sobre \u00e9l porque, primero, era mayor que \u00e9l, luego porque en su ni\u00f1ez, hab\u00eda sido su protectora.<\/p>\n\n\n\n<p>Perdi\u00f3 de vista que es el Se\u00f1or quien ordena los papeles que cada uno jugamos en su tablero Divino. Que es \u00c9l el \u00fanico que puede mover las piezas a su antojo. No nosotros. Pero Mar\u00eda, la hermana de Mois\u00e9s quiz\u00e1 lo ignor\u00f3 o en un momento de celos o de cuidado materno hacia su hermanito Mois\u00e9s, vio algo que la esposa hizo que no le gust\u00f3 a ella, as\u00ed que la empez\u00f3 a criticar.<\/p>\n\n\n\n<p>Y eso no le gust\u00f3 al Se\u00f1or. Y en el texto que nos lo cuenta, hay una frase que me hiela la sangre cuando me doy cuenta que cuando criticamos a los l\u00edderes que Dios ha puesto en la congregaci\u00f3n Dios se enoja tanto que se va del lugar. \u00bfSe lo muestro? Lo pondr\u00e9 en may\u00fasculas para que lo note:\u201d\u2026Y SE ENCENDI\u00d3 LA IRA DEL SE\u00f1OR CONTRA ELLOS, Y EL SE FUE\u2026\u201d<\/p>\n\n\n\n<p>\u00bfQu\u00e9 hay escondido aqu\u00ed? Dios est\u00e1 diciendo: \u201cNo puedo estar donde hay murmuraci\u00f3n y cr\u00edtica. No tolero a los que se dedican a criticar a los l\u00edderes que Yo he puesto porque me est\u00e1n criticando a Mi. Porque solo Yo s\u00e9 porqu\u00e9 est\u00e1n all\u00ed. Por lo tanto, me retiro del campamento hasta que arreglen esta situaci\u00f3n con Mar\u00eda y su hermano Mois\u00e9s. Mientras no se pongan las cosas claras, no esperen que Yo vuelva a estar con ustedes\u2026\u201d<\/p>\n\n\n\n<p>\u00bfCual fue el veredicto? Siete d\u00edas fuera del campamento. Y lo peor de todo: siete d\u00edas que nadie se movi\u00f3. Se retras\u00f3 el viaje por el desierto esperando que Mar\u00eda fuera libre de la lepra de la cr\u00edtica y la murmuraci\u00f3n.<\/p>\n\n\n\n<p>\u00bfNo ser\u00e1 que alguno de nosotros est\u00e1 retrasando las bendiciones de Dios sobre nuestra casa, ministerio, finanzas y otras cosas porque Dios se ha retirado de nuestra vida?<\/p>\n","protected":false},"excerpt":{"rendered":"<p>N\u00fameros 12:8-10 \u201c\u00bfPor qu\u00e9, pues, no temisteis hablar contra mi siervo, contra Mois\u00e9s?Y se encendi\u00f3 la ira del SE\u00d1OR contra ellos, y El se fue. Pero cuando la nube se retir\u00f3 de sobre la tienda, he aqu\u00ed que Miriam estaba leprosa, blanca como la nieve. Conozco a una hermana que fue directora de Alabanza en [&hellip;]<\/p>\n","protected":false},"author":3,"featured_media":11327,"comment_status":"open","ping_status":"open","sticky":false,"template":"","format":"standard","meta":[],"categories":[36],"tags":[],"yoast_head":"<!-- This site is optimized with the Yoast SEO plugin v20.8 - https:\/\/yoast.com\/wordpress\/plugins\/seo\/ -->\n<title>Murmuraci\u00f3n - La Prensa Cristiana<\/title>\n<meta name=\"robots\" content=\"index, follow, max-snippet:-1, max-image-preview:large, max-video-preview:-1\" \/>\n<link rel=\"canonical\" href=\"https:\/\/laprensacristiana.com\/?p=11606\" \/>\n<meta property=\"og:locale\" content=\"es_ES\" \/>\n<meta property=\"og:type\" content=\"article\" \/>\n<meta property=\"og:title\" content=\"Murmuraci\u00f3n - La Prensa Cristiana\" \/>\n<meta property=\"og:description\" content=\"N\u00fameros 12:8-10 \u201c\u00bfPor qu\u00e9, pues, no temisteis hablar contra mi siervo, contra Mois\u00e9s?Y se encendi\u00f3 la ira del SE\u00d1OR contra ellos, y El se fue. Pero cuando la nube se retir\u00f3 de sobre la tienda, he aqu\u00ed que Miriam estaba leprosa, blanca como la nieve. Conozco a una hermana que fue directora de Alabanza en [&hellip;]\" \/>\n<meta property=\"og:url\" content=\"https:\/\/laprensacristiana.com\/?p=11606\" \/>\n<meta property=\"og:site_name\" content=\"La Prensa Cristiana\" \/>\n<meta property=\"article:published_time\" content=\"2021-03-22T15:53:15+00:00\" \/>\n<meta property=\"article:modified_time\" content=\"2021-03-22T15:53:16+00:00\" \/>\n<meta property=\"og:image\" content=\"https:\/\/laprensacristiana.com\/wp-content\/uploads\/2021\/02\/IMG_20210215_163352_769.jpg\" \/>\n\t<meta property=\"og:image:width\" content=\"1280\" \/>\n\t<meta property=\"og:image:height\" content=\"714\" \/>\n\t<meta property=\"og:image:type\" content=\"image\/jpeg\" \/>\n<meta name=\"author\" content=\"EDITOR\" \/>\n<meta name=\"twitter:card\" content=\"summary_large_image\" \/>\n<meta name=\"twitter:label1\" content=\"Escrito por\" \/>\n\t<meta name=\"twitter:data1\" content=\"EDITOR\" \/>\n\t<meta name=\"twitter:label2\" content=\"Tiempo de lectura\" \/>\n\t<meta name=\"twitter:data2\" content=\"3 minutos\" \/>\n<script type=\"application\/ld+json\" class=\"yoast-schema-graph\">{\"@context\":\"https:\/\/schema.org\",\"@graph\":[{\"@type\":\"WebPage\",\"@id\":\"https:\/\/laprensacristiana.com\/?p=11606\",\"url\":\"https:\/\/laprensacristiana.com\/?p=11606\",\"name\":\"Murmuraci\u00f3n - La Prensa Cristiana\",\"isPartOf\":{\"@id\":\"https:\/\/laprensacristiana.com\/#website\"},\"datePublished\":\"2021-03-22T15:53:15+00:00\",\"dateModified\":\"2021-03-22T15:53:16+00:00\",\"author\":{\"@id\":\"https:\/\/laprensacristiana.com\/#\/schema\/person\/3e7d82c6bfd6b1fa67010f8f7cd5256e\"},\"breadcrumb\":{\"@id\":\"https:\/\/laprensacristiana.com\/?p=11606#breadcrumb\"},\"inLanguage\":\"es\",\"potentialAction\":[{\"@type\":\"ReadAction\",\"target\":[\"https:\/\/laprensacristiana.com\/?p=11606\"]}]},{\"@type\":\"BreadcrumbList\",\"@id\":\"https:\/\/laprensacristiana.com\/?p=11606#breadcrumb\",\"itemListElement\":[{\"@type\":\"ListItem\",\"position\":1,\"name\":\"Portada\",\"item\":\"https:\/\/laprensacristiana.com\/\"},{\"@type\":\"ListItem\",\"position\":2,\"name\":\"Murmuraci\u00f3n\"}]},{\"@type\":\"WebSite\",\"@id\":\"https:\/\/laprensacristiana.com\/#website\",\"url\":\"https:\/\/laprensacristiana.com\/\",\"name\":\"La Prensa Cristiana\",\"description\":\"Anunciando Las Buenas Nuevas\",\"potentialAction\":[{\"@type\":\"SearchAction\",\"target\":{\"@type\":\"EntryPoint\",\"urlTemplate\":\"https:\/\/laprensacristiana.com\/?s={search_term_string}\"},\"query-input\":\"required name=search_term_string\"}],\"inLanguage\":\"es\"},{\"@type\":\"Person\",\"@id\":\"https:\/\/laprensacristiana.com\/#\/schema\/person\/3e7d82c6bfd6b1fa67010f8f7cd5256e\",\"name\":\"EDITOR\",\"image\":{\"@type\":\"ImageObject\",\"inLanguage\":\"es\",\"@id\":\"https:\/\/laprensacristiana.com\/#\/schema\/person\/image\/\",\"url\":\"https:\/\/secure.gravatar.com\/avatar\/72069dfb6c13772d9e8381e3638666d2?s=96&d=mm&r=g\",\"contentUrl\":\"https:\/\/secure.gravatar.com\/avatar\/72069dfb6c13772d9e8381e3638666d2?s=96&d=mm&r=g\",\"caption\":\"EDITOR\"},\"url\":\"https:\/\/laprensacristiana.com\/?author=3\"}]}<\/script>\n<!-- \/ Yoast SEO plugin. -->","yoast_head_json":{"title":"Murmuraci\u00f3n - La Prensa Cristiana","robots":{"index":"index","follow":"follow","max-snippet":"max-snippet:-1","max-image-preview":"max-image-preview:large","max-video-preview":"max-video-preview:-1"},"canonical":"https:\/\/laprensacristiana.com\/?p=11606","og_locale":"es_ES","og_type":"article","og_title":"Murmuraci\u00f3n - La Prensa Cristiana","og_description":"N\u00fameros 12:8-10 \u201c\u00bfPor qu\u00e9, pues, no temisteis hablar contra mi siervo, contra Mois\u00e9s?Y se encendi\u00f3 la ira del SE\u00d1OR contra ellos, y El se fue. Pero cuando la nube se retir\u00f3 de sobre la tienda, he aqu\u00ed que Miriam estaba leprosa, blanca como la nieve. Conozco a una hermana que fue directora de Alabanza en [&hellip;]","og_url":"https:\/\/laprensacristiana.com\/?p=11606","og_site_name":"La Prensa Cristiana","article_published_time":"2021-03-22T15:53:15+00:00","article_modified_time":"2021-03-22T15:53:16+00:00","og_image":[{"width":1280,"height":714,"url":"https:\/\/laprensacristiana.com\/wp-content\/uploads\/2021\/02\/IMG_20210215_163352_769.jpg","type":"image\/jpeg"}],"author":"EDITOR","twitter_card":"summary_large_image","twitter_misc":{"Escrito por":"EDITOR","Tiempo de lectura":"3 minutos"},"schema":{"@context":"https:\/\/schema.org","@graph":[{"@type":"WebPage","@id":"https:\/\/laprensacristiana.com\/?p=11606","url":"https:\/\/laprensacristiana.com\/?p=11606","name":"Murmuraci\u00f3n - La Prensa Cristiana","isPartOf":{"@id":"https:\/\/laprensacristiana.com\/#website"},"datePublished":"2021-03-22T15:53:15+00:00","dateModified":"2021-03-22T15:53:16+00:00","author":{"@id":"https:\/\/laprensacristiana.com\/#\/schema\/person\/3e7d82c6bfd6b1fa67010f8f7cd5256e"},"breadcrumb":{"@id":"https:\/\/laprensacristiana.com\/?p=11606#breadcrumb"},"inLanguage":"es","potentialAction":[{"@type":"ReadAction","target":["https:\/\/laprensacristiana.com\/?p=11606"]}]},{"@type":"BreadcrumbList","@id":"https:\/\/laprensacristiana.com\/?p=11606#breadcrumb","itemListElement":[{"@type":"ListItem","position":1,"name":"Portada","item":"https:\/\/laprensacristiana.com\/"},{"@type":"ListItem","position":2,"name":"Murmuraci\u00f3n"}]},{"@type":"WebSite","@id":"https:\/\/laprensacristiana.com\/#website","url":"https:\/\/laprensacristiana.com\/","name":"La Prensa Cristiana","description":"Anunciando Las Buenas Nuevas","potentialAction":[{"@type":"SearchAction","target":{"@type":"EntryPoint","urlTemplate":"https:\/\/laprensacristiana.com\/?s={search_term_string}"},"query-input":"required name=search_term_string"}],"inLanguage":"es"},{"@type":"Person","@id":"https:\/\/laprensacristiana.com\/#\/schema\/person\/3e7d82c6bfd6b1fa67010f8f7cd5256e","name":"EDITOR","image":{"@type":"ImageObject","inLanguage":"es","@id":"https:\/\/laprensacristiana.com\/#\/schema\/person\/image\/","url":"https:\/\/secure.gravatar.com\/avatar\/72069dfb6c13772d9e8381e3638666d2?s=96&d=mm&r=g","contentUrl":"https:\/\/secure.gravatar.com\/avatar\/72069dfb6c13772d9e8381e3638666d2?s=96&d=mm&r=g","caption":"EDITOR"},"url":"https:\/\/laprensacristiana.com\/?author=3"}]}},"_links":{"self":[{"href":"https:\/\/laprensacristiana.com\/index.php?rest_route=\/wp\/v2\/posts\/11606"}],"collection":[{"href":"https:\/\/laprensacristiana.com\/index.php?rest_route=\/wp\/v2\/posts"}],"about":[{"href":"https:\/\/laprensacristiana.com\/index.php?rest_route=\/wp\/v2\/types\/post"}],"author":[{"embeddable":true,"href":"https:\/\/laprensacristiana.com\/index.php?rest_route=\/wp\/v2\/users\/3"}],"replies":[{"embeddable":true,"href":"https:\/\/laprensacristiana.com\/index.php?rest_route=%2Fwp%2Fv2%2Fcomments&post=11606"}],"version-history":[{"count":1,"href":"https:\/\/laprensacristiana.com\/index.php?rest_route=\/wp\/v2\/posts\/11606\/revisions"}],"predecessor-version":[{"id":11607,"href":"https:\/\/laprensacristiana.com\/index.php?rest_route=\/wp\/v2\/posts\/11606\/revisions\/11607"}],"wp:featuredmedia":[{"embeddable":true,"href":"https:\/\/laprensacristiana.com\/index.php?rest_route=\/wp\/v2\/media\/11327"}],"wp:attachment":[{"href":"https:\/\/laprensacristiana.com\/index.php?rest_route=%2Fwp%2Fv2%2Fmedia&parent=11606"}],"wp:term":[{"taxonomy":"category","embeddable":true,"href":"https:\/\/laprensacristiana.com\/index.php?rest_route=%2Fwp%2Fv2%2Fcategories&post=11606"},{"taxonomy":"post_tag","embeddable":true,"href":"https:\/\/laprensacristiana.com\/index.php?rest_route=%2Fwp%2Fv2%2Ftags&post=11606"}],"curies":[{"name":"wp","href":"https:\/\/api.w.org\/{rel}","templated":true}]}}