{"id":11649,"date":"2021-03-29T13:56:41","date_gmt":"2021-03-29T13:56:41","guid":{"rendered":"https:\/\/laprensacristiana.com\/?p=11649"},"modified":"2021-03-29T13:56:43","modified_gmt":"2021-03-29T13:56:43","slug":"frio-del-alma","status":"publish","type":"post","link":"https:\/\/laprensacristiana.com\/?p=11649","title":{"rendered":"Frio del alma"},"content":{"rendered":"\n<p>1 Reyes 1:1 \u201cCuando el rey David era viejo y avanzado en d\u00edas, le cubr\u00edan de ropas, pero no se calentaba. Le dijeron, por tanto, sus siervos: Busquen para mi se\u00f1or el rey una joven virgen, para que est\u00e9 delante del rey y lo abrigue, y duerma a su lado, y entrar\u00e1 en calor mi se\u00f1or el rey\u201d<\/p>\n\n\n\n<p>Era rey de Israel. Hombre poderoso. Vencedor de gigantes. Sumamente rico. Due\u00f1o de la vida de sus s\u00fabditos. Dios lo hab\u00eda favorecido con hijos hermosos y bellos. Ten\u00eda todo lo que cualquier ser humano podr\u00eda desear.<\/p>\n\n\n\n<p>Aparte de todo, ten\u00eda la fidelidad de sus soldados. Entre sus guardias personales hubo tres que nadie igual\u00f3 en valor, arrojo y temeridad. Sus generales eran hombres curtidos en batallas y lo honraban con buenos consejos. \u00bfQue m\u00e1s pod\u00eda desear David si no le faltaba nada? \u00bfMujeres? Le sobraban. \u00bfRespeto? Le abundaba. \u00bfLujos? Su casa era de cedro puro.<\/p>\n\n\n\n<p>Pero lleg\u00f3 a viejo. Y todo aquel oropel del pasado ahora ya no le serv\u00eda de nada. Empez\u00f3 a languidecer quiz\u00e1s sin darse cuenta. Porque cuando se es poderoso el ser humano cree que ese poder lo salvar\u00e1 en su ocaso, cuando el sol de su vida empieza a declinar y la noche se acerca inexorablemente con su manto de oscuridad y fr\u00edo.<\/p>\n\n\n\n<p>Porque eso era precisamente lo que ten\u00eda este rey que en otros tiempos era un aguerrido e intr\u00e9pido invicto. Fr\u00edo. Dice su historia que aunque le pon\u00edan los mejores y m\u00e1s hermosos ponchos o frazadas cuando se acostaba, no entraba en calor. Y es que hay fr\u00edos que no se quitan con ropa de cama. Hay fr\u00edos tan profundos en el alma y en el coraz\u00f3n de muchos hijos de Dios que no logran entrar en calor cuando duermen. Porque el fr\u00edo que le atenaza los huesos no est\u00e1 fuera de su cuerpo. Est\u00e1 dentro de ellos. Como David que hab\u00eda fundado una dinast\u00eda de hijos y esposas pero que en su vejez ya no estuvieron con \u00e9l para darle calor. Porque ese era el fr\u00edo que ten\u00eda David: Fr\u00edo en el alma. Fr\u00edo que congela, que duele, fr\u00edo que paraliza, fr\u00edo que enfr\u00eda el cuerpo.<\/p>\n\n\n\n<p>Por eso el sabio consejo de sus soldados era el m\u00e1s sabio: El rey no necesita m\u00e1s ropa de cama muchachos. El rey lo que necesita es otro ser humano que se acueste a su lado para que le transmita su calor y lo haga sentir vivo. Que lo arrope con sus brazos, con el aliento de su boca, con el calor de su cercan\u00eda.<\/p>\n\n\n\n<p>Abisag, la joven que encontraron para que le diera calor al rey no era objeto sexual. Dice la biograf\u00eda de David que no la \u201cconoci\u00f3\u201d, es decir, no la toc\u00f3 como mujer. Solo la pusieron cerca del rey para que le transmitiera su propio calor y el rey cobrara aliento.<\/p>\n\n\n\n<p>\u00bfVe que aislarse no es bueno? \u00bfUsted cree que no necesita a nadie ni de nadie para vivir? Quiz\u00e1s un poco de tiempo tenga raz\u00f3n. Pero llegar\u00e1 el momento en que el fr\u00edo de la vida, de la soledad, de la realidad del ser humano le haga sentir tanto fr\u00edo que suplicar\u00e1 la amistad o la cercan\u00eda de alguien para que solo est\u00e9 a su lado. Solo eso, a su lado.<\/p>\n","protected":false},"excerpt":{"rendered":"<p>1 Reyes 1:1 \u201cCuando el rey David era viejo y avanzado en d\u00edas, le cubr\u00edan de ropas, pero no se calentaba. Le dijeron, por tanto, sus siervos: Busquen para mi se\u00f1or el rey una joven virgen, para que est\u00e9 delante del rey y lo abrigue, y duerma a su lado, y entrar\u00e1 en calor mi [&hellip;]<\/p>\n","protected":false},"author":3,"featured_media":11327,"comment_status":"open","ping_status":"open","sticky":false,"template":"","format":"standard","meta":[],"categories":[36],"tags":[],"yoast_head":"<!-- This site is optimized with the Yoast SEO plugin v20.8 - https:\/\/yoast.com\/wordpress\/plugins\/seo\/ -->\n<title>Frio del alma - La Prensa Cristiana<\/title>\n<meta name=\"robots\" content=\"index, follow, max-snippet:-1, max-image-preview:large, max-video-preview:-1\" \/>\n<link rel=\"canonical\" href=\"https:\/\/laprensacristiana.com\/?p=11649\" \/>\n<meta property=\"og:locale\" content=\"es_ES\" \/>\n<meta property=\"og:type\" content=\"article\" \/>\n<meta property=\"og:title\" content=\"Frio del alma - La Prensa Cristiana\" \/>\n<meta property=\"og:description\" content=\"1 Reyes 1:1 \u201cCuando el rey David era viejo y avanzado en d\u00edas, le cubr\u00edan de ropas, pero no se calentaba. Le dijeron, por tanto, sus siervos: Busquen para mi se\u00f1or el rey una joven virgen, para que est\u00e9 delante del rey y lo abrigue, y duerma a su lado, y entrar\u00e1 en calor mi [&hellip;]\" \/>\n<meta property=\"og:url\" content=\"https:\/\/laprensacristiana.com\/?p=11649\" \/>\n<meta property=\"og:site_name\" content=\"La Prensa Cristiana\" \/>\n<meta property=\"article:published_time\" content=\"2021-03-29T13:56:41+00:00\" \/>\n<meta property=\"article:modified_time\" content=\"2021-03-29T13:56:43+00:00\" \/>\n<meta property=\"og:image\" content=\"https:\/\/laprensacristiana.com\/wp-content\/uploads\/2021\/02\/IMG_20210215_163352_769.jpg\" \/>\n\t<meta property=\"og:image:width\" content=\"1280\" \/>\n\t<meta property=\"og:image:height\" content=\"714\" \/>\n\t<meta property=\"og:image:type\" content=\"image\/jpeg\" \/>\n<meta name=\"author\" content=\"EDITOR\" \/>\n<meta name=\"twitter:card\" content=\"summary_large_image\" \/>\n<meta name=\"twitter:label1\" content=\"Escrito por\" \/>\n\t<meta name=\"twitter:data1\" content=\"EDITOR\" \/>\n\t<meta name=\"twitter:label2\" content=\"Tiempo de lectura\" \/>\n\t<meta name=\"twitter:data2\" content=\"3 minutos\" \/>\n<script type=\"application\/ld+json\" class=\"yoast-schema-graph\">{\"@context\":\"https:\/\/schema.org\",\"@graph\":[{\"@type\":\"WebPage\",\"@id\":\"https:\/\/laprensacristiana.com\/?p=11649\",\"url\":\"https:\/\/laprensacristiana.com\/?p=11649\",\"name\":\"Frio del alma - La Prensa Cristiana\",\"isPartOf\":{\"@id\":\"https:\/\/laprensacristiana.com\/#website\"},\"datePublished\":\"2021-03-29T13:56:41+00:00\",\"dateModified\":\"2021-03-29T13:56:43+00:00\",\"author\":{\"@id\":\"https:\/\/laprensacristiana.com\/#\/schema\/person\/3e7d82c6bfd6b1fa67010f8f7cd5256e\"},\"breadcrumb\":{\"@id\":\"https:\/\/laprensacristiana.com\/?p=11649#breadcrumb\"},\"inLanguage\":\"es\",\"potentialAction\":[{\"@type\":\"ReadAction\",\"target\":[\"https:\/\/laprensacristiana.com\/?p=11649\"]}]},{\"@type\":\"BreadcrumbList\",\"@id\":\"https:\/\/laprensacristiana.com\/?p=11649#breadcrumb\",\"itemListElement\":[{\"@type\":\"ListItem\",\"position\":1,\"name\":\"Portada\",\"item\":\"https:\/\/laprensacristiana.com\/\"},{\"@type\":\"ListItem\",\"position\":2,\"name\":\"Frio del alma\"}]},{\"@type\":\"WebSite\",\"@id\":\"https:\/\/laprensacristiana.com\/#website\",\"url\":\"https:\/\/laprensacristiana.com\/\",\"name\":\"La Prensa Cristiana\",\"description\":\"Anunciando Las Buenas Nuevas\",\"potentialAction\":[{\"@type\":\"SearchAction\",\"target\":{\"@type\":\"EntryPoint\",\"urlTemplate\":\"https:\/\/laprensacristiana.com\/?s={search_term_string}\"},\"query-input\":\"required name=search_term_string\"}],\"inLanguage\":\"es\"},{\"@type\":\"Person\",\"@id\":\"https:\/\/laprensacristiana.com\/#\/schema\/person\/3e7d82c6bfd6b1fa67010f8f7cd5256e\",\"name\":\"EDITOR\",\"image\":{\"@type\":\"ImageObject\",\"inLanguage\":\"es\",\"@id\":\"https:\/\/laprensacristiana.com\/#\/schema\/person\/image\/\",\"url\":\"https:\/\/secure.gravatar.com\/avatar\/72069dfb6c13772d9e8381e3638666d2?s=96&d=mm&r=g\",\"contentUrl\":\"https:\/\/secure.gravatar.com\/avatar\/72069dfb6c13772d9e8381e3638666d2?s=96&d=mm&r=g\",\"caption\":\"EDITOR\"},\"url\":\"https:\/\/laprensacristiana.com\/?author=3\"}]}<\/script>\n<!-- \/ Yoast SEO plugin. -->","yoast_head_json":{"title":"Frio del alma - La Prensa Cristiana","robots":{"index":"index","follow":"follow","max-snippet":"max-snippet:-1","max-image-preview":"max-image-preview:large","max-video-preview":"max-video-preview:-1"},"canonical":"https:\/\/laprensacristiana.com\/?p=11649","og_locale":"es_ES","og_type":"article","og_title":"Frio del alma - La Prensa Cristiana","og_description":"1 Reyes 1:1 \u201cCuando el rey David era viejo y avanzado en d\u00edas, le cubr\u00edan de ropas, pero no se calentaba. Le dijeron, por tanto, sus siervos: Busquen para mi se\u00f1or el rey una joven virgen, para que est\u00e9 delante del rey y lo abrigue, y duerma a su lado, y entrar\u00e1 en calor mi [&hellip;]","og_url":"https:\/\/laprensacristiana.com\/?p=11649","og_site_name":"La Prensa Cristiana","article_published_time":"2021-03-29T13:56:41+00:00","article_modified_time":"2021-03-29T13:56:43+00:00","og_image":[{"width":1280,"height":714,"url":"https:\/\/laprensacristiana.com\/wp-content\/uploads\/2021\/02\/IMG_20210215_163352_769.jpg","type":"image\/jpeg"}],"author":"EDITOR","twitter_card":"summary_large_image","twitter_misc":{"Escrito por":"EDITOR","Tiempo de lectura":"3 minutos"},"schema":{"@context":"https:\/\/schema.org","@graph":[{"@type":"WebPage","@id":"https:\/\/laprensacristiana.com\/?p=11649","url":"https:\/\/laprensacristiana.com\/?p=11649","name":"Frio del alma - La Prensa Cristiana","isPartOf":{"@id":"https:\/\/laprensacristiana.com\/#website"},"datePublished":"2021-03-29T13:56:41+00:00","dateModified":"2021-03-29T13:56:43+00:00","author":{"@id":"https:\/\/laprensacristiana.com\/#\/schema\/person\/3e7d82c6bfd6b1fa67010f8f7cd5256e"},"breadcrumb":{"@id":"https:\/\/laprensacristiana.com\/?p=11649#breadcrumb"},"inLanguage":"es","potentialAction":[{"@type":"ReadAction","target":["https:\/\/laprensacristiana.com\/?p=11649"]}]},{"@type":"BreadcrumbList","@id":"https:\/\/laprensacristiana.com\/?p=11649#breadcrumb","itemListElement":[{"@type":"ListItem","position":1,"name":"Portada","item":"https:\/\/laprensacristiana.com\/"},{"@type":"ListItem","position":2,"name":"Frio del alma"}]},{"@type":"WebSite","@id":"https:\/\/laprensacristiana.com\/#website","url":"https:\/\/laprensacristiana.com\/","name":"La Prensa Cristiana","description":"Anunciando Las Buenas Nuevas","potentialAction":[{"@type":"SearchAction","target":{"@type":"EntryPoint","urlTemplate":"https:\/\/laprensacristiana.com\/?s={search_term_string}"},"query-input":"required name=search_term_string"}],"inLanguage":"es"},{"@type":"Person","@id":"https:\/\/laprensacristiana.com\/#\/schema\/person\/3e7d82c6bfd6b1fa67010f8f7cd5256e","name":"EDITOR","image":{"@type":"ImageObject","inLanguage":"es","@id":"https:\/\/laprensacristiana.com\/#\/schema\/person\/image\/","url":"https:\/\/secure.gravatar.com\/avatar\/72069dfb6c13772d9e8381e3638666d2?s=96&d=mm&r=g","contentUrl":"https:\/\/secure.gravatar.com\/avatar\/72069dfb6c13772d9e8381e3638666d2?s=96&d=mm&r=g","caption":"EDITOR"},"url":"https:\/\/laprensacristiana.com\/?author=3"}]}},"_links":{"self":[{"href":"https:\/\/laprensacristiana.com\/index.php?rest_route=\/wp\/v2\/posts\/11649"}],"collection":[{"href":"https:\/\/laprensacristiana.com\/index.php?rest_route=\/wp\/v2\/posts"}],"about":[{"href":"https:\/\/laprensacristiana.com\/index.php?rest_route=\/wp\/v2\/types\/post"}],"author":[{"embeddable":true,"href":"https:\/\/laprensacristiana.com\/index.php?rest_route=\/wp\/v2\/users\/3"}],"replies":[{"embeddable":true,"href":"https:\/\/laprensacristiana.com\/index.php?rest_route=%2Fwp%2Fv2%2Fcomments&post=11649"}],"version-history":[{"count":1,"href":"https:\/\/laprensacristiana.com\/index.php?rest_route=\/wp\/v2\/posts\/11649\/revisions"}],"predecessor-version":[{"id":11650,"href":"https:\/\/laprensacristiana.com\/index.php?rest_route=\/wp\/v2\/posts\/11649\/revisions\/11650"}],"wp:featuredmedia":[{"embeddable":true,"href":"https:\/\/laprensacristiana.com\/index.php?rest_route=\/wp\/v2\/media\/11327"}],"wp:attachment":[{"href":"https:\/\/laprensacristiana.com\/index.php?rest_route=%2Fwp%2Fv2%2Fmedia&parent=11649"}],"wp:term":[{"taxonomy":"category","embeddable":true,"href":"https:\/\/laprensacristiana.com\/index.php?rest_route=%2Fwp%2Fv2%2Fcategories&post=11649"},{"taxonomy":"post_tag","embeddable":true,"href":"https:\/\/laprensacristiana.com\/index.php?rest_route=%2Fwp%2Fv2%2Ftags&post=11649"}],"curies":[{"name":"wp","href":"https:\/\/api.w.org\/{rel}","templated":true}]}}