{"id":11697,"date":"2021-04-05T15:32:03","date_gmt":"2021-04-05T15:32:03","guid":{"rendered":"https:\/\/laprensacristiana.com\/?p=11697"},"modified":"2021-04-05T15:32:04","modified_gmt":"2021-04-05T15:32:04","slug":"pero","status":"publish","type":"post","link":"https:\/\/laprensacristiana.com\/?p=11697","title":{"rendered":"Pero&#8230;"},"content":{"rendered":"\n<p>\u00a1Esos famosos \u201cpero\u201d! Todos los tenemos. Hombres y mujeres. Damas y caballeros. Es lo que nos hace humanos. Imperfectos. Intolerables a veces, admirables otras. Es parte del ser humano. Es ineludible vivir sin un \u201cpero\u201d en nuestras vidas.<\/p>\n\n\n\n<p>El hombre era de esbelta figura. Poderoso y bien amado. El oro era su sello personal. \u00bfLa plata? no ten\u00eda ning\u00fan valor para \u00e9l. Su padre le hab\u00eda heredado un reino totalmente en paz. No tuvo necesidad de pelear ninguna batalla. Todo estaba hecho en su vida. El Dios que lo hab\u00eda levantado se le hab\u00eda aparecido para que le pidiera lo que quisiera. \u00bfSe imagina? Lo que quisiera. Su mismo nombre significa paz. Es decir, fue un hombre mimado desde su ni\u00f1ez. Fue nombrado heredero del trono sin haber movido siquiera un dedo.<\/p>\n\n\n\n<p>\u00a1Si hasta el Sacerdote de turno lo protegi\u00f3! Cuando leo su biograf\u00eda me entero que por poco le quitan el trono pero el Sacerdote intercedi\u00f3 por \u00e9l y logr\u00f3 recuperarlo. Fue el colmo de lo favorecido. El ep\u00edtome de la perfecci\u00f3n de sabidur\u00eda. Dos mujeres estaban peleando por un ni\u00f1o y el juicio de este famoso sabio defini\u00f3 la cuesti\u00f3n de un plumazo.<\/p>\n\n\n\n<p>Todos los gobernantes de las otras naciones deseaban platicar con \u00e9l por lo menos unos minutos. Su agenda de visitantes estaba siempre llena. En sus puertas hac\u00edan cola los m\u00e1s hermosos y mejores paradigmas de los otros reinos. Todos le llevaban los mejores regalos que pod\u00edan encontrar como para demostrar que ese famoso personaje, rey de un reino de gente brava, de gente de garra y valor era merecedor. \u00a1Si hasta las reinas se desviv\u00edan por beber de sus labios esa sabidur\u00eda de la que era famoso!<\/p>\n\n\n\n<p>Todos lo admiraban. Todos menos Dios. \u00bfQu\u00e9 hizo para que su final fuera triste y pedag\u00f3gico para los futuros gobernantes del mundo? \u00bfQue error cometi\u00f3 como para haber perdido el favor del Dios que lo hab\u00eda honrado tanto? Ah, tuvo un \u201cpero\u201d.<\/p>\n\n\n\n<p>Hizo lo que nunca debi\u00f3 hacer: Se cas\u00f3 con muchas mujeres. Pero veamos las cosas claras. \u00c9l era el rey, ten\u00eda derecho a tener un harem si eso quer\u00eda. El problema y el famoso \u201cpero\u201d fue que hizo su harem con mujeres extranjeras. Am\u00f3 a las egipcias, filisteas, moabitas y toda una pl\u00e9tora de damas de otras naciones, todo para hacer alianzas. \u00bfNecesitaba Salom\u00f3n hacer alianza con esas naciones? Absolutamente no. Pero la fama, el dinero y el poder lo hicieron perder el rumbo. Y ese \u201cpero\u201d lo perdi\u00f3. Esas mujeres lo obligaron a hacer altares a los baales, a las aseras, a los \u00eddolos abominables de sus tierras.<\/p>\n\n\n\n<p>En una palabra: Salom\u00f3n ya no ador\u00f3 al \u00danico y Verdadero Dios. Ador\u00f3 a los dioses de sus mujeres. Y lo m\u00e1s vergonzoso fue que el Templo que \u00e9l mismo dedic\u00f3 a Jehov\u00e1 sirvi\u00f3 tambi\u00e9n para poner los altares paganos. Hizo una mescolanza vergonzosa y profan\u00f3 su propia adoraci\u00f3n. \u00bfNo estaremos nosotros tambi\u00e9n poniendo en peligro nuestra fe?<\/p>\n","protected":false},"excerpt":{"rendered":"<p>\u00a1Esos famosos \u201cpero\u201d! Todos los tenemos. Hombres y mujeres. Damas y caballeros. Es lo que nos hace humanos. Imperfectos. Intolerables a veces, admirables otras. Es parte del ser humano. Es ineludible vivir sin un \u201cpero\u201d en nuestras vidas. El hombre era de esbelta figura. Poderoso y bien amado. El oro era su sello personal. \u00bfLa [&hellip;]<\/p>\n","protected":false},"author":3,"featured_media":11327,"comment_status":"open","ping_status":"open","sticky":false,"template":"","format":"standard","meta":[],"categories":[36],"tags":[],"yoast_head":"<!-- This site is optimized with the Yoast SEO plugin v20.8 - https:\/\/yoast.com\/wordpress\/plugins\/seo\/ -->\n<title>Pero... - La Prensa Cristiana<\/title>\n<meta name=\"robots\" content=\"index, follow, max-snippet:-1, max-image-preview:large, max-video-preview:-1\" \/>\n<link rel=\"canonical\" href=\"https:\/\/laprensacristiana.com\/?p=11697\" \/>\n<meta property=\"og:locale\" content=\"es_ES\" \/>\n<meta property=\"og:type\" content=\"article\" \/>\n<meta property=\"og:title\" content=\"Pero... - La Prensa Cristiana\" \/>\n<meta property=\"og:description\" content=\"\u00a1Esos famosos \u201cpero\u201d! Todos los tenemos. Hombres y mujeres. Damas y caballeros. Es lo que nos hace humanos. Imperfectos. Intolerables a veces, admirables otras. Es parte del ser humano. Es ineludible vivir sin un \u201cpero\u201d en nuestras vidas. El hombre era de esbelta figura. Poderoso y bien amado. El oro era su sello personal. \u00bfLa [&hellip;]\" \/>\n<meta property=\"og:url\" content=\"https:\/\/laprensacristiana.com\/?p=11697\" \/>\n<meta property=\"og:site_name\" content=\"La Prensa Cristiana\" \/>\n<meta property=\"article:published_time\" content=\"2021-04-05T15:32:03+00:00\" \/>\n<meta property=\"article:modified_time\" content=\"2021-04-05T15:32:04+00:00\" \/>\n<meta property=\"og:image\" content=\"https:\/\/laprensacristiana.com\/wp-content\/uploads\/2021\/02\/IMG_20210215_163352_769.jpg\" \/>\n\t<meta property=\"og:image:width\" content=\"1280\" \/>\n\t<meta property=\"og:image:height\" content=\"714\" \/>\n\t<meta property=\"og:image:type\" content=\"image\/jpeg\" \/>\n<meta name=\"author\" content=\"EDITOR\" \/>\n<meta name=\"twitter:card\" content=\"summary_large_image\" \/>\n<meta name=\"twitter:label1\" content=\"Escrito por\" \/>\n\t<meta name=\"twitter:data1\" content=\"EDITOR\" \/>\n\t<meta name=\"twitter:label2\" content=\"Tiempo de lectura\" \/>\n\t<meta name=\"twitter:data2\" content=\"3 minutos\" \/>\n<script type=\"application\/ld+json\" class=\"yoast-schema-graph\">{\"@context\":\"https:\/\/schema.org\",\"@graph\":[{\"@type\":\"WebPage\",\"@id\":\"https:\/\/laprensacristiana.com\/?p=11697\",\"url\":\"https:\/\/laprensacristiana.com\/?p=11697\",\"name\":\"Pero... - La Prensa Cristiana\",\"isPartOf\":{\"@id\":\"https:\/\/laprensacristiana.com\/#website\"},\"datePublished\":\"2021-04-05T15:32:03+00:00\",\"dateModified\":\"2021-04-05T15:32:04+00:00\",\"author\":{\"@id\":\"https:\/\/laprensacristiana.com\/#\/schema\/person\/3e7d82c6bfd6b1fa67010f8f7cd5256e\"},\"breadcrumb\":{\"@id\":\"https:\/\/laprensacristiana.com\/?p=11697#breadcrumb\"},\"inLanguage\":\"es\",\"potentialAction\":[{\"@type\":\"ReadAction\",\"target\":[\"https:\/\/laprensacristiana.com\/?p=11697\"]}]},{\"@type\":\"BreadcrumbList\",\"@id\":\"https:\/\/laprensacristiana.com\/?p=11697#breadcrumb\",\"itemListElement\":[{\"@type\":\"ListItem\",\"position\":1,\"name\":\"Portada\",\"item\":\"https:\/\/laprensacristiana.com\/\"},{\"@type\":\"ListItem\",\"position\":2,\"name\":\"Pero&#8230;\"}]},{\"@type\":\"WebSite\",\"@id\":\"https:\/\/laprensacristiana.com\/#website\",\"url\":\"https:\/\/laprensacristiana.com\/\",\"name\":\"La Prensa Cristiana\",\"description\":\"Anunciando Las Buenas Nuevas\",\"potentialAction\":[{\"@type\":\"SearchAction\",\"target\":{\"@type\":\"EntryPoint\",\"urlTemplate\":\"https:\/\/laprensacristiana.com\/?s={search_term_string}\"},\"query-input\":\"required name=search_term_string\"}],\"inLanguage\":\"es\"},{\"@type\":\"Person\",\"@id\":\"https:\/\/laprensacristiana.com\/#\/schema\/person\/3e7d82c6bfd6b1fa67010f8f7cd5256e\",\"name\":\"EDITOR\",\"image\":{\"@type\":\"ImageObject\",\"inLanguage\":\"es\",\"@id\":\"https:\/\/laprensacristiana.com\/#\/schema\/person\/image\/\",\"url\":\"https:\/\/secure.gravatar.com\/avatar\/72069dfb6c13772d9e8381e3638666d2?s=96&d=mm&r=g\",\"contentUrl\":\"https:\/\/secure.gravatar.com\/avatar\/72069dfb6c13772d9e8381e3638666d2?s=96&d=mm&r=g\",\"caption\":\"EDITOR\"},\"url\":\"https:\/\/laprensacristiana.com\/?author=3\"}]}<\/script>\n<!-- \/ Yoast SEO plugin. -->","yoast_head_json":{"title":"Pero... - La Prensa Cristiana","robots":{"index":"index","follow":"follow","max-snippet":"max-snippet:-1","max-image-preview":"max-image-preview:large","max-video-preview":"max-video-preview:-1"},"canonical":"https:\/\/laprensacristiana.com\/?p=11697","og_locale":"es_ES","og_type":"article","og_title":"Pero... - La Prensa Cristiana","og_description":"\u00a1Esos famosos \u201cpero\u201d! Todos los tenemos. Hombres y mujeres. Damas y caballeros. Es lo que nos hace humanos. Imperfectos. Intolerables a veces, admirables otras. Es parte del ser humano. Es ineludible vivir sin un \u201cpero\u201d en nuestras vidas. El hombre era de esbelta figura. Poderoso y bien amado. El oro era su sello personal. \u00bfLa [&hellip;]","og_url":"https:\/\/laprensacristiana.com\/?p=11697","og_site_name":"La Prensa Cristiana","article_published_time":"2021-04-05T15:32:03+00:00","article_modified_time":"2021-04-05T15:32:04+00:00","og_image":[{"width":1280,"height":714,"url":"https:\/\/laprensacristiana.com\/wp-content\/uploads\/2021\/02\/IMG_20210215_163352_769.jpg","type":"image\/jpeg"}],"author":"EDITOR","twitter_card":"summary_large_image","twitter_misc":{"Escrito por":"EDITOR","Tiempo de lectura":"3 minutos"},"schema":{"@context":"https:\/\/schema.org","@graph":[{"@type":"WebPage","@id":"https:\/\/laprensacristiana.com\/?p=11697","url":"https:\/\/laprensacristiana.com\/?p=11697","name":"Pero... - La Prensa Cristiana","isPartOf":{"@id":"https:\/\/laprensacristiana.com\/#website"},"datePublished":"2021-04-05T15:32:03+00:00","dateModified":"2021-04-05T15:32:04+00:00","author":{"@id":"https:\/\/laprensacristiana.com\/#\/schema\/person\/3e7d82c6bfd6b1fa67010f8f7cd5256e"},"breadcrumb":{"@id":"https:\/\/laprensacristiana.com\/?p=11697#breadcrumb"},"inLanguage":"es","potentialAction":[{"@type":"ReadAction","target":["https:\/\/laprensacristiana.com\/?p=11697"]}]},{"@type":"BreadcrumbList","@id":"https:\/\/laprensacristiana.com\/?p=11697#breadcrumb","itemListElement":[{"@type":"ListItem","position":1,"name":"Portada","item":"https:\/\/laprensacristiana.com\/"},{"@type":"ListItem","position":2,"name":"Pero&#8230;"}]},{"@type":"WebSite","@id":"https:\/\/laprensacristiana.com\/#website","url":"https:\/\/laprensacristiana.com\/","name":"La Prensa Cristiana","description":"Anunciando Las Buenas Nuevas","potentialAction":[{"@type":"SearchAction","target":{"@type":"EntryPoint","urlTemplate":"https:\/\/laprensacristiana.com\/?s={search_term_string}"},"query-input":"required name=search_term_string"}],"inLanguage":"es"},{"@type":"Person","@id":"https:\/\/laprensacristiana.com\/#\/schema\/person\/3e7d82c6bfd6b1fa67010f8f7cd5256e","name":"EDITOR","image":{"@type":"ImageObject","inLanguage":"es","@id":"https:\/\/laprensacristiana.com\/#\/schema\/person\/image\/","url":"https:\/\/secure.gravatar.com\/avatar\/72069dfb6c13772d9e8381e3638666d2?s=96&d=mm&r=g","contentUrl":"https:\/\/secure.gravatar.com\/avatar\/72069dfb6c13772d9e8381e3638666d2?s=96&d=mm&r=g","caption":"EDITOR"},"url":"https:\/\/laprensacristiana.com\/?author=3"}]}},"_links":{"self":[{"href":"https:\/\/laprensacristiana.com\/index.php?rest_route=\/wp\/v2\/posts\/11697"}],"collection":[{"href":"https:\/\/laprensacristiana.com\/index.php?rest_route=\/wp\/v2\/posts"}],"about":[{"href":"https:\/\/laprensacristiana.com\/index.php?rest_route=\/wp\/v2\/types\/post"}],"author":[{"embeddable":true,"href":"https:\/\/laprensacristiana.com\/index.php?rest_route=\/wp\/v2\/users\/3"}],"replies":[{"embeddable":true,"href":"https:\/\/laprensacristiana.com\/index.php?rest_route=%2Fwp%2Fv2%2Fcomments&post=11697"}],"version-history":[{"count":1,"href":"https:\/\/laprensacristiana.com\/index.php?rest_route=\/wp\/v2\/posts\/11697\/revisions"}],"predecessor-version":[{"id":11698,"href":"https:\/\/laprensacristiana.com\/index.php?rest_route=\/wp\/v2\/posts\/11697\/revisions\/11698"}],"wp:featuredmedia":[{"embeddable":true,"href":"https:\/\/laprensacristiana.com\/index.php?rest_route=\/wp\/v2\/media\/11327"}],"wp:attachment":[{"href":"https:\/\/laprensacristiana.com\/index.php?rest_route=%2Fwp%2Fv2%2Fmedia&parent=11697"}],"wp:term":[{"taxonomy":"category","embeddable":true,"href":"https:\/\/laprensacristiana.com\/index.php?rest_route=%2Fwp%2Fv2%2Fcategories&post=11697"},{"taxonomy":"post_tag","embeddable":true,"href":"https:\/\/laprensacristiana.com\/index.php?rest_route=%2Fwp%2Fv2%2Ftags&post=11697"}],"curies":[{"name":"wp","href":"https:\/\/api.w.org\/{rel}","templated":true}]}}