{"id":11704,"date":"2021-04-05T18:13:42","date_gmt":"2021-04-05T18:13:42","guid":{"rendered":"https:\/\/laprensacristiana.com\/?p=11704"},"modified":"2021-04-05T18:13:44","modified_gmt":"2021-04-05T18:13:44","slug":"dios-nos-libra-del-temor","status":"publish","type":"post","link":"https:\/\/laprensacristiana.com\/?p=11704","title":{"rendered":"Dios nos libra del temor"},"content":{"rendered":"\n<p class=\"wp-block-paragraph\"><\/p>\n\n\n\n<p class=\"wp-block-paragraph\">\u201cNo temer\u00e1s el terror nocturno, Ni saeta que vuele de d\u00eda, Ni pestilencia que ande en oscuridad, Ni mortandad que en medio del d\u00eda destruya.\u201d<br>Salmos 91:5-6<\/p>\n\n\n\n<p class=\"wp-block-paragraph\">Una de las implicaciones cuando se habla de la noche es la invisibilidad, la incapacidad de ver, ese miedo que nos hace sentir expuestos a cosas que no vemos o cosas que imaginamos. \u00bfQui\u00e9n de nosotros siendo ni\u00f1os no se asust\u00f3 por un ruido o una sombra?<br>Pero la saeta que vuela de d\u00eda es acerca de lo visible, lo real y palpable. Lo que podemos ver a diario. Dos enemigos que pueden robar nuestra paz y llevarnos al punto del temor. Sin embargo Jes\u00fas pag\u00f3 el precio tanto por lo visible y real as\u00ed como lo intangible y oscuro<br>Que debemos hacer? Pues identificar que solo hay un lugar seguro para nosotros : \u201cHabitar a la sombra del Alt\u00edsimo\u201d<\/p>\n\n\n\n<p class=\"wp-block-paragraph\">Definamos primero de \u00bfd\u00f3nde surge el temor?<\/p>\n\n\n\n<p class=\"wp-block-paragraph\">Bueno la biblia nos muestra que al por medio del pecado tambi\u00e9n entr\u00f3 la muerte y con ella las enfermedades, las dolencias, la tristeza y la desesperaci\u00f3n y por ende los temores. Veamos como el pecado provoc\u00f3 nuestra distanciamiento de Dios.<\/p>\n\n\n\n<p class=\"wp-block-paragraph\">\u201cY \u00e9l respondi\u00f3: O\u00ed tu voz en el huerto, y tuve miedo, porque estaba desnudo; y me escond\u00ed.\u201d<br>G\u00e9nesis 3:10<\/p>\n\n\n\n<p class=\"wp-block-paragraph\">Podemos observar que la primera reacci\u00f3n del hombre al pecar es el temor y la verg\u00fcenza . Nos alejamos de Dios , y es por eso que mucha gente al sentirse pecadora busca alejarse del Se\u00f1or cuando deber\u00edan ser nuestras debilidades las que nos acerquen a \u00c9l.<\/p>\n\n\n\n<p class=\"wp-block-paragraph\">Sin embargo con todo Jes\u00fas pag\u00f3 el precio del pecado, de lo invisible y lo palpable.<br>\u201cCiertamente llev\u00f3 \u00e9l nuestras enfermedades, y sufri\u00f3 nuestros dolores; y nosotros le tuvimos por azotado, por herido de Dios y abatido. Mas \u00e9l herido fue por nuestras rebeliones, molido por nuestros pecados; el castigo de nuestra paz fue sobre \u00e9l, y por su llaga fuimos nosotros curados.\u201d<br>Isa\u00edas 53:4-5<br>La obra de Cristo tuvo que actuar de manera que abarcara todos nuestros temores:<br>\u2022 Nuestras enfermedades y dolores que es lo real y palpable<br>\u2022 Pero tambi\u00e9n el castigo de nuestra paz, es decir la paz de nuestra alma ante el terror nocturno<br>Este es un tiempo en el que una saeta de d\u00eda que ha puesto al mundo de rodillas, un peligro palpable y una amenaza real que ha sido COVID-19 . Pero tambi\u00e9n hay un terror nocturno, el componente de ansiedad y del miedo que ha sido una consecuencia de esta virus , y ambas hacen el mismo da\u00f1o.<br>Pero tenemos la promesa que y la orden de Dios que nos dice : \u00a1No Temas! Y si algo hemos aprendido es que cada vez que Dios da un imperativo tambi\u00e9n nos da las razones por las cuales podemos confiadamente obedecer.<br>El mismo Salmo 91 nos da las respuestas :<\/p>\n\n\n\n<ol class=\"wp-block-list\"><li>Acorta distancia con el Se\u00f1or AC\u00c9RCATE<br>\u201cEl que habita al abrigo del Alt\u00edsimo Morar\u00e1 bajo la sombra del Omnipotente.\u201d Salmos 91:1<\/li><li>Adora a Jes\u00fas , el recurso de alabanza.<br>\u201cDir\u00e9 yo a Jehov\u00e1: Esperanza m\u00eda, y castillo m\u00edo; Mi Dios, en quien confiar\u00e9.\u201d<br>Salmos 91:2 RVR1960<\/li><li>Guarda tu paz en El Se\u00f1or.<\/li><\/ol>\n\n\n\n<p class=\"wp-block-paragraph\">\u201cCon sus plumas te cubrir\u00e1, Y debajo de sus alas estar\u00e1s seguro; Escudo y adarga es su verdad.\u201d<br>Salmos 91:4 RVR1960<\/p>\n\n\n\n<p class=\"wp-block-paragraph\">Jes\u00fas pag\u00f3 el precio tanto por lo visible y real as\u00ed como lo intangible y oscuro<br>Que debemos hacer? Corre al Se\u00f1or y busca \u201cHabitar a la sombra del Alt\u00edsimo\u201d.<\/p>\n\n\n\n<figure class=\"wp-block-embed-youtube wp-block-embed is-type-video is-provider-youtube wp-embed-aspect-16-9 wp-has-aspect-ratio\"><div class=\"wp-block-embed__wrapper\">\n<iframe loading=\"lazy\" title=\"\u201cDios nos libra del temor\u201d Salmo 91\/ Desde \u00e9l Aula 05\/04\/021 (Devocional 015)\" width=\"696\" height=\"392\" src=\"https:\/\/www.youtube.com\/embed\/I24jfdzPns0?feature=oembed&#038;enablejsapi=1\" frameborder=\"0\" allow=\"accelerometer; autoplay; clipboard-write; encrypted-media; gyroscope; picture-in-picture\" allowfullscreen><\/iframe>\n<\/div><\/figure>\n","protected":false},"excerpt":{"rendered":"<p>\u201cNo temer\u00e1s el terror nocturno, Ni saeta que vuele de d\u00eda, Ni pestilencia que ande en oscuridad, Ni mortandad que en medio del d\u00eda destruya.\u201dSalmos 91:5-6 Una de las implicaciones cuando se habla de la noche es la invisibilidad, la incapacidad de ver, ese miedo que nos hace sentir expuestos a cosas que no vemos [&hellip;]<\/p>\n","protected":false},"author":3,"featured_media":11705,"comment_status":"open","ping_status":"open","sticky":false,"template":"","format":"standard","meta":{"_exactmetrics_skip_tracking":false,"footnotes":""},"categories":[109],"tags":[],"class_list":["post-11704","post","type-post","status-publish","format-standard","has-post-thumbnail","category-desde-el-aula"],"yoast_head":"<!-- This site is optimized with the Yoast SEO plugin v28.3 - https:\/\/yoast.com\/product\/yoast-seo-wordpress\/ -->\n<title>Dios nos libra del temor - La Prensa Cristiana<\/title>\n<meta name=\"robots\" content=\"index, follow, max-snippet:-1, max-image-preview:large, max-video-preview:-1\" \/>\n<link rel=\"canonical\" href=\"https:\/\/laprensacristiana.com\/?p=11704\" \/>\n<meta property=\"og:locale\" content=\"es_ES\" \/>\n<meta property=\"og:type\" content=\"article\" \/>\n<meta property=\"og:title\" content=\"Dios nos libra del temor - La Prensa Cristiana\" \/>\n<meta property=\"og:description\" content=\"\u201cNo temer\u00e1s el terror nocturno, Ni saeta que vuele de d\u00eda, Ni pestilencia que ande en oscuridad, Ni mortandad que en medio del d\u00eda destruya.\u201dSalmos 91:5-6 Una de las implicaciones cuando se habla de la noche es la invisibilidad, la incapacidad de ver, ese miedo que nos hace sentir expuestos a cosas que no vemos [&hellip;]\" \/>\n<meta property=\"og:url\" content=\"https:\/\/laprensacristiana.com\/?p=11704\" \/>\n<meta property=\"og:site_name\" content=\"La Prensa Cristiana\" \/>\n<meta property=\"article:published_time\" content=\"2021-04-05T18:13:42+00:00\" \/>\n<meta property=\"article:modified_time\" content=\"2021-04-05T18:13:44+00:00\" \/>\n<meta property=\"og:image\" content=\"https:\/\/laprensacristiana.com\/wp-content\/uploads\/2021\/04\/IMG-20210405-WA0008.jpg\" \/>\n\t<meta property=\"og:image:width\" content=\"1080\" \/>\n\t<meta property=\"og:image:height\" content=\"607\" \/>\n\t<meta property=\"og:image:type\" content=\"image\/jpeg\" \/>\n<meta name=\"author\" content=\"EDITOR\" \/>\n<meta name=\"twitter:card\" content=\"summary_large_image\" \/>\n<meta name=\"twitter:label1\" content=\"Escrito por\" \/>\n\t<meta name=\"twitter:data1\" content=\"EDITOR\" \/>\n\t<meta name=\"twitter:label2\" content=\"Tiempo de lectura\" \/>\n\t<meta name=\"twitter:data2\" content=\"3 minutos\" \/>\n<script type=\"application\/ld+json\" class=\"yoast-schema-graph\">{\"@context\":\"https:\\\/\\\/schema.org\",\"@graph\":[{\"@type\":\"Article\",\"@id\":\"https:\\\/\\\/laprensacristiana.com\\\/?p=11704#article\",\"isPartOf\":{\"@id\":\"https:\\\/\\\/laprensacristiana.com\\\/?p=11704\"},\"author\":{\"name\":\"EDITOR\",\"@id\":\"https:\\\/\\\/laprensacristiana.com\\\/#\\\/schema\\\/person\\\/3e7d82c6bfd6b1fa67010f8f7cd5256e\"},\"headline\":\"Dios nos libra del temor\",\"datePublished\":\"2021-04-05T18:13:42+00:00\",\"dateModified\":\"2021-04-05T18:13:44+00:00\",\"mainEntityOfPage\":{\"@id\":\"https:\\\/\\\/laprensacristiana.com\\\/?p=11704\"},\"wordCount\":608,\"commentCount\":0,\"image\":{\"@id\":\"https:\\\/\\\/laprensacristiana.com\\\/?p=11704#primaryimage\"},\"thumbnailUrl\":\"https:\\\/\\\/laprensacristiana.com\\\/wp-content\\\/uploads\\\/2021\\\/04\\\/IMG-20210405-WA0008.jpg\",\"articleSection\":[\"DESDE EL AULA\"],\"inLanguage\":\"es\",\"potentialAction\":[{\"@type\":\"CommentAction\",\"name\":\"Comment\",\"target\":[\"https:\\\/\\\/laprensacristiana.com\\\/?p=11704#respond\"]}]},{\"@type\":\"WebPage\",\"@id\":\"https:\\\/\\\/laprensacristiana.com\\\/?p=11704\",\"url\":\"https:\\\/\\\/laprensacristiana.com\\\/?p=11704\",\"name\":\"Dios nos libra del temor - La Prensa Cristiana\",\"isPartOf\":{\"@id\":\"https:\\\/\\\/laprensacristiana.com\\\/#website\"},\"primaryImageOfPage\":{\"@id\":\"https:\\\/\\\/laprensacristiana.com\\\/?p=11704#primaryimage\"},\"image\":{\"@id\":\"https:\\\/\\\/laprensacristiana.com\\\/?p=11704#primaryimage\"},\"thumbnailUrl\":\"https:\\\/\\\/laprensacristiana.com\\\/wp-content\\\/uploads\\\/2021\\\/04\\\/IMG-20210405-WA0008.jpg\",\"datePublished\":\"2021-04-05T18:13:42+00:00\",\"dateModified\":\"2021-04-05T18:13:44+00:00\",\"author\":{\"@id\":\"https:\\\/\\\/laprensacristiana.com\\\/#\\\/schema\\\/person\\\/3e7d82c6bfd6b1fa67010f8f7cd5256e\"},\"breadcrumb\":{\"@id\":\"https:\\\/\\\/laprensacristiana.com\\\/?p=11704#breadcrumb\"},\"inLanguage\":\"es\",\"potentialAction\":[{\"@type\":\"ReadAction\",\"target\":[\"https:\\\/\\\/laprensacristiana.com\\\/?p=11704\"]}]},{\"@type\":\"ImageObject\",\"inLanguage\":\"es\",\"@id\":\"https:\\\/\\\/laprensacristiana.com\\\/?p=11704#primaryimage\",\"url\":\"https:\\\/\\\/laprensacristiana.com\\\/wp-content\\\/uploads\\\/2021\\\/04\\\/IMG-20210405-WA0008.jpg\",\"contentUrl\":\"https:\\\/\\\/laprensacristiana.com\\\/wp-content\\\/uploads\\\/2021\\\/04\\\/IMG-20210405-WA0008.jpg\",\"width\":1080,\"height\":607},{\"@type\":\"BreadcrumbList\",\"@id\":\"https:\\\/\\\/laprensacristiana.com\\\/?p=11704#breadcrumb\",\"itemListElement\":[{\"@type\":\"ListItem\",\"position\":1,\"name\":\"Portada\",\"item\":\"https:\\\/\\\/laprensacristiana.com\\\/\"},{\"@type\":\"ListItem\",\"position\":2,\"name\":\"Dios nos libra del temor\"}]},{\"@type\":\"WebSite\",\"@id\":\"https:\\\/\\\/laprensacristiana.com\\\/#website\",\"url\":\"https:\\\/\\\/laprensacristiana.com\\\/\",\"name\":\"La Prensa Cristiana\",\"description\":\"Anunciando Las Buenas Nuevas\",\"potentialAction\":[{\"@type\":\"SearchAction\",\"target\":{\"@type\":\"EntryPoint\",\"urlTemplate\":\"https:\\\/\\\/laprensacristiana.com\\\/?s={search_term_string}\"},\"query-input\":{\"@type\":\"PropertyValueSpecification\",\"valueRequired\":true,\"valueName\":\"search_term_string\"}}],\"inLanguage\":\"es\"},{\"@type\":\"Person\",\"@id\":\"https:\\\/\\\/laprensacristiana.com\\\/#\\\/schema\\\/person\\\/3e7d82c6bfd6b1fa67010f8f7cd5256e\",\"name\":\"EDITOR\",\"image\":{\"@type\":\"ImageObject\",\"inLanguage\":\"es\",\"@id\":\"https:\\\/\\\/secure.gravatar.com\\\/avatar\\\/2a6f80452f67b1b479b9184ac2138e768f5787dfe822c833f9a911d355587161?s=96&d=mm&r=g\",\"url\":\"https:\\\/\\\/secure.gravatar.com\\\/avatar\\\/2a6f80452f67b1b479b9184ac2138e768f5787dfe822c833f9a911d355587161?s=96&d=mm&r=g\",\"contentUrl\":\"https:\\\/\\\/secure.gravatar.com\\\/avatar\\\/2a6f80452f67b1b479b9184ac2138e768f5787dfe822c833f9a911d355587161?s=96&d=mm&r=g\",\"caption\":\"EDITOR\"},\"url\":\"https:\\\/\\\/laprensacristiana.com\\\/?author=3\"}]}<\/script>\n<!-- \/ Yoast SEO plugin. -->","yoast_head_json":{"title":"Dios nos libra del temor - La Prensa Cristiana","robots":{"index":"index","follow":"follow","max-snippet":"max-snippet:-1","max-image-preview":"max-image-preview:large","max-video-preview":"max-video-preview:-1"},"canonical":"https:\/\/laprensacristiana.com\/?p=11704","og_locale":"es_ES","og_type":"article","og_title":"Dios nos libra del temor - La Prensa Cristiana","og_description":"\u201cNo temer\u00e1s el terror nocturno, Ni saeta que vuele de d\u00eda, Ni pestilencia que ande en oscuridad, Ni mortandad que en medio del d\u00eda destruya.\u201dSalmos 91:5-6 Una de las implicaciones cuando se habla de la noche es la invisibilidad, la incapacidad de ver, ese miedo que nos hace sentir expuestos a cosas que no vemos [&hellip;]","og_url":"https:\/\/laprensacristiana.com\/?p=11704","og_site_name":"La Prensa Cristiana","article_published_time":"2021-04-05T18:13:42+00:00","article_modified_time":"2021-04-05T18:13:44+00:00","og_image":[{"width":1080,"height":607,"url":"https:\/\/laprensacristiana.com\/wp-content\/uploads\/2021\/04\/IMG-20210405-WA0008.jpg","type":"image\/jpeg"}],"author":"EDITOR","twitter_card":"summary_large_image","twitter_misc":{"Escrito por":"EDITOR","Tiempo de lectura":"3 minutos"},"schema":{"@context":"https:\/\/schema.org","@graph":[{"@type":"Article","@id":"https:\/\/laprensacristiana.com\/?p=11704#article","isPartOf":{"@id":"https:\/\/laprensacristiana.com\/?p=11704"},"author":{"name":"EDITOR","@id":"https:\/\/laprensacristiana.com\/#\/schema\/person\/3e7d82c6bfd6b1fa67010f8f7cd5256e"},"headline":"Dios nos libra del temor","datePublished":"2021-04-05T18:13:42+00:00","dateModified":"2021-04-05T18:13:44+00:00","mainEntityOfPage":{"@id":"https:\/\/laprensacristiana.com\/?p=11704"},"wordCount":608,"commentCount":0,"image":{"@id":"https:\/\/laprensacristiana.com\/?p=11704#primaryimage"},"thumbnailUrl":"https:\/\/laprensacristiana.com\/wp-content\/uploads\/2021\/04\/IMG-20210405-WA0008.jpg","articleSection":["DESDE EL AULA"],"inLanguage":"es","potentialAction":[{"@type":"CommentAction","name":"Comment","target":["https:\/\/laprensacristiana.com\/?p=11704#respond"]}]},{"@type":"WebPage","@id":"https:\/\/laprensacristiana.com\/?p=11704","url":"https:\/\/laprensacristiana.com\/?p=11704","name":"Dios nos libra del temor - La Prensa Cristiana","isPartOf":{"@id":"https:\/\/laprensacristiana.com\/#website"},"primaryImageOfPage":{"@id":"https:\/\/laprensacristiana.com\/?p=11704#primaryimage"},"image":{"@id":"https:\/\/laprensacristiana.com\/?p=11704#primaryimage"},"thumbnailUrl":"https:\/\/laprensacristiana.com\/wp-content\/uploads\/2021\/04\/IMG-20210405-WA0008.jpg","datePublished":"2021-04-05T18:13:42+00:00","dateModified":"2021-04-05T18:13:44+00:00","author":{"@id":"https:\/\/laprensacristiana.com\/#\/schema\/person\/3e7d82c6bfd6b1fa67010f8f7cd5256e"},"breadcrumb":{"@id":"https:\/\/laprensacristiana.com\/?p=11704#breadcrumb"},"inLanguage":"es","potentialAction":[{"@type":"ReadAction","target":["https:\/\/laprensacristiana.com\/?p=11704"]}]},{"@type":"ImageObject","inLanguage":"es","@id":"https:\/\/laprensacristiana.com\/?p=11704#primaryimage","url":"https:\/\/laprensacristiana.com\/wp-content\/uploads\/2021\/04\/IMG-20210405-WA0008.jpg","contentUrl":"https:\/\/laprensacristiana.com\/wp-content\/uploads\/2021\/04\/IMG-20210405-WA0008.jpg","width":1080,"height":607},{"@type":"BreadcrumbList","@id":"https:\/\/laprensacristiana.com\/?p=11704#breadcrumb","itemListElement":[{"@type":"ListItem","position":1,"name":"Portada","item":"https:\/\/laprensacristiana.com\/"},{"@type":"ListItem","position":2,"name":"Dios nos libra del temor"}]},{"@type":"WebSite","@id":"https:\/\/laprensacristiana.com\/#website","url":"https:\/\/laprensacristiana.com\/","name":"La Prensa Cristiana","description":"Anunciando Las Buenas Nuevas","potentialAction":[{"@type":"SearchAction","target":{"@type":"EntryPoint","urlTemplate":"https:\/\/laprensacristiana.com\/?s={search_term_string}"},"query-input":{"@type":"PropertyValueSpecification","valueRequired":true,"valueName":"search_term_string"}}],"inLanguage":"es"},{"@type":"Person","@id":"https:\/\/laprensacristiana.com\/#\/schema\/person\/3e7d82c6bfd6b1fa67010f8f7cd5256e","name":"EDITOR","image":{"@type":"ImageObject","inLanguage":"es","@id":"https:\/\/secure.gravatar.com\/avatar\/2a6f80452f67b1b479b9184ac2138e768f5787dfe822c833f9a911d355587161?s=96&d=mm&r=g","url":"https:\/\/secure.gravatar.com\/avatar\/2a6f80452f67b1b479b9184ac2138e768f5787dfe822c833f9a911d355587161?s=96&d=mm&r=g","contentUrl":"https:\/\/secure.gravatar.com\/avatar\/2a6f80452f67b1b479b9184ac2138e768f5787dfe822c833f9a911d355587161?s=96&d=mm&r=g","caption":"EDITOR"},"url":"https:\/\/laprensacristiana.com\/?author=3"}]}},"_links":{"self":[{"href":"https:\/\/laprensacristiana.com\/index.php?rest_route=\/wp\/v2\/posts\/11704","targetHints":{"allow":["GET"]}}],"collection":[{"href":"https:\/\/laprensacristiana.com\/index.php?rest_route=\/wp\/v2\/posts"}],"about":[{"href":"https:\/\/laprensacristiana.com\/index.php?rest_route=\/wp\/v2\/types\/post"}],"author":[{"embeddable":true,"href":"https:\/\/laprensacristiana.com\/index.php?rest_route=\/wp\/v2\/users\/3"}],"replies":[{"embeddable":true,"href":"https:\/\/laprensacristiana.com\/index.php?rest_route=%2Fwp%2Fv2%2Fcomments&post=11704"}],"version-history":[{"count":1,"href":"https:\/\/laprensacristiana.com\/index.php?rest_route=\/wp\/v2\/posts\/11704\/revisions"}],"predecessor-version":[{"id":11706,"href":"https:\/\/laprensacristiana.com\/index.php?rest_route=\/wp\/v2\/posts\/11704\/revisions\/11706"}],"wp:featuredmedia":[{"embeddable":true,"href":"https:\/\/laprensacristiana.com\/index.php?rest_route=\/wp\/v2\/media\/11705"}],"wp:attachment":[{"href":"https:\/\/laprensacristiana.com\/index.php?rest_route=%2Fwp%2Fv2%2Fmedia&parent=11704"}],"wp:term":[{"taxonomy":"category","embeddable":true,"href":"https:\/\/laprensacristiana.com\/index.php?rest_route=%2Fwp%2Fv2%2Fcategories&post=11704"},{"taxonomy":"post_tag","embeddable":true,"href":"https:\/\/laprensacristiana.com\/index.php?rest_route=%2Fwp%2Fv2%2Ftags&post=11704"}],"curies":[{"name":"wp","href":"https:\/\/api.w.org\/{rel}","templated":true}]}}