{"id":11792,"date":"2021-04-16T16:29:21","date_gmt":"2021-04-16T16:29:21","guid":{"rendered":"https:\/\/laprensacristiana.com\/?p=11792"},"modified":"2021-04-16T16:29:22","modified_gmt":"2021-04-16T16:29:22","slug":"dios-conmigo","status":"publish","type":"post","link":"https:\/\/laprensacristiana.com\/?p=11792","title":{"rendered":"\u00bfDios conmigo?"},"content":{"rendered":"\n<p>G\u00e9nesis 39:1-2 \u201cG\u00e9nesis 39:1-2 Cuando Jos\u00e9 fue llevado a Egipto, Potifar, un oficial egipcio de Fara\u00f3n, capit\u00e1n de la guardia, lo compr\u00f3 a los ismaelitas que lo hab\u00edan llevado all\u00e1.<br>Y el SE\u00d1OR estaba con Jos\u00e9, que lleg\u00f3 a ser un hombre pr\u00f3spero, y estaba en la casa de su amo el egipcio\u201d<\/p>\n\n\n\n<p>Ni siquiera tratemos de entenderlo porque no lo vamos a lograr. Nos vamos a quebrar la cabeza y no vamos a comprender los caminos que el Se\u00f1or usa para estar con nosotros. Y, lo peor de todo, es que nos costar\u00e1 creer que \u00e9l est\u00e1 a nuestro lado cuando estamos pasando por el valle ardiente lleno de animales salvajes, lleno de depredadores que nos amenazan con acabar con nosotros y nuestra fe.<\/p>\n\n\n\n<p>Vamos a hablar claro: Seguir a Dios nunca es f\u00e1cil. Es por eso que muchos abandonan el Camino a la primera cumbre que tienen que subir. Todos prefieren lo plano, el valle lleno de prados verdes y flores perfumadas. Porque cuando la refri se va quedando vac\u00eda, cuando la enfermedad nos visita, cuando el matrimonio empieza a naufragar, cuando la barca de nuestras finanzas empieza a quedarse en ceros, empezamos a creer que Dios nos ha abandonado. Cuantificamos el favor de Dios por las cosas materiales que nos da que por la Presencia espiritual que nos brinda.<\/p>\n\n\n\n<p>Jos\u00e9 ha sido vendido como un vil esclavo. En el mercado de esclavos el muchacho fue examinado ultrajantemente. Lo revisaron por todos lados de su anatom\u00eda f\u00edsica. Su moral ha sido vulnerada. Lo tocan, lo examinan, le abren la boca para ver si tiene dientes y como est\u00e1n, le dan vueltas y le examinan los m\u00fasculos, le tocan los huesos y revisan su cabeza para ver si tiene piojos.<\/p>\n\n\n\n<p>Si, al hijo consentido de Israel. Al hijo preferido del patriarca Jacob. Al que vest\u00edan con ropa de Hugo Boss. Al que ba\u00f1aban con el jab\u00f3n perfumado de marca, al que le compraban zapatos Florsheim. S\u00ed, al so\u00f1ador de sue\u00f1os, al visionario que ahora est\u00e1 desnudo y con un horizonte que nunca so\u00f1\u00f3 en sus noches de tranquilidad.<\/p>\n\n\n\n<p>Hasta que un se\u00f1or egipcio lo compra. Pero no lo compra para honrarlo ni para ponerlo en una oficina con aire acondicionado, para ponerlo ante un escritorio de madera noble, con un par de ayudantes a su servicio. No. Lo compraron para que fuera un esclavo. Un servidor. El que barre, el de los mandados pues. El que limpia los ba\u00f1os y saca la basura de la casa.<\/p>\n\n\n\n<p>Y precisamente es all\u00ed en donde Dios lo quiere tener. El camino a la gloria empieza en el servicio. Dios estaba con Jos\u00e9 el esclavo, para convertirlo en gobernador de Egipto. Pero hay una pregunta que no vemos escondida en esa historia: Si Dios estaba con Jos\u00e9, \u00bfpor qu\u00e9 no lo devolvi\u00f3 a su casa? \u00bfPor qu\u00e9 permiti\u00f3 que la mujer lo acusara falsamente? \u00bfPor qu\u00e9 permiti\u00f3 que lo abusaran? \u00bfPor qu\u00e9 permiti\u00f3 que lo alejaran de su familia? \u00bfPor qu\u00e9, por qu\u00e9, por qu\u00e9? Bueno, las respuestas las tenemos al final. Como su final y como el m\u00edo.<\/p>\n","protected":false},"excerpt":{"rendered":"<p>G\u00e9nesis 39:1-2 \u201cG\u00e9nesis 39:1-2 Cuando Jos\u00e9 fue llevado a Egipto, Potifar, un oficial egipcio de Fara\u00f3n, capit\u00e1n de la guardia, lo compr\u00f3 a los ismaelitas que lo hab\u00edan llevado all\u00e1.Y el SE\u00d1OR estaba con Jos\u00e9, que lleg\u00f3 a ser un hombre pr\u00f3spero, y estaba en la casa de su amo el egipcio\u201d Ni siquiera tratemos [&hellip;]<\/p>\n","protected":false},"author":3,"featured_media":11327,"comment_status":"open","ping_status":"open","sticky":false,"template":"","format":"standard","meta":[],"categories":[36],"tags":[],"yoast_head":"<!-- This site is optimized with the Yoast SEO plugin v20.8 - https:\/\/yoast.com\/wordpress\/plugins\/seo\/ -->\n<title>\u00bfDios conmigo? - La Prensa Cristiana<\/title>\n<meta name=\"robots\" content=\"index, follow, max-snippet:-1, max-image-preview:large, max-video-preview:-1\" \/>\n<link rel=\"canonical\" href=\"https:\/\/laprensacristiana.com\/?p=11792\" \/>\n<meta property=\"og:locale\" content=\"es_ES\" \/>\n<meta property=\"og:type\" content=\"article\" \/>\n<meta property=\"og:title\" content=\"\u00bfDios conmigo? - La Prensa Cristiana\" \/>\n<meta property=\"og:description\" content=\"G\u00e9nesis 39:1-2 \u201cG\u00e9nesis 39:1-2 Cuando Jos\u00e9 fue llevado a Egipto, Potifar, un oficial egipcio de Fara\u00f3n, capit\u00e1n de la guardia, lo compr\u00f3 a los ismaelitas que lo hab\u00edan llevado all\u00e1.Y el SE\u00d1OR estaba con Jos\u00e9, que lleg\u00f3 a ser un hombre pr\u00f3spero, y estaba en la casa de su amo el egipcio\u201d Ni siquiera tratemos [&hellip;]\" \/>\n<meta property=\"og:url\" content=\"https:\/\/laprensacristiana.com\/?p=11792\" \/>\n<meta property=\"og:site_name\" content=\"La Prensa Cristiana\" \/>\n<meta property=\"article:published_time\" content=\"2021-04-16T16:29:21+00:00\" \/>\n<meta property=\"article:modified_time\" content=\"2021-04-16T16:29:22+00:00\" \/>\n<meta property=\"og:image\" content=\"https:\/\/laprensacristiana.com\/wp-content\/uploads\/2021\/02\/IMG_20210215_163352_769.jpg\" \/>\n\t<meta property=\"og:image:width\" content=\"1280\" \/>\n\t<meta property=\"og:image:height\" content=\"714\" \/>\n\t<meta property=\"og:image:type\" content=\"image\/jpeg\" \/>\n<meta name=\"author\" content=\"EDITOR\" \/>\n<meta name=\"twitter:card\" content=\"summary_large_image\" \/>\n<meta name=\"twitter:label1\" content=\"Escrito por\" \/>\n\t<meta name=\"twitter:data1\" content=\"EDITOR\" \/>\n\t<meta name=\"twitter:label2\" content=\"Tiempo de lectura\" \/>\n\t<meta name=\"twitter:data2\" content=\"3 minutos\" \/>\n<script type=\"application\/ld+json\" class=\"yoast-schema-graph\">{\"@context\":\"https:\/\/schema.org\",\"@graph\":[{\"@type\":\"WebPage\",\"@id\":\"https:\/\/laprensacristiana.com\/?p=11792\",\"url\":\"https:\/\/laprensacristiana.com\/?p=11792\",\"name\":\"\u00bfDios conmigo? - La Prensa Cristiana\",\"isPartOf\":{\"@id\":\"https:\/\/laprensacristiana.com\/#website\"},\"datePublished\":\"2021-04-16T16:29:21+00:00\",\"dateModified\":\"2021-04-16T16:29:22+00:00\",\"author\":{\"@id\":\"https:\/\/laprensacristiana.com\/#\/schema\/person\/3e7d82c6bfd6b1fa67010f8f7cd5256e\"},\"breadcrumb\":{\"@id\":\"https:\/\/laprensacristiana.com\/?p=11792#breadcrumb\"},\"inLanguage\":\"es\",\"potentialAction\":[{\"@type\":\"ReadAction\",\"target\":[\"https:\/\/laprensacristiana.com\/?p=11792\"]}]},{\"@type\":\"BreadcrumbList\",\"@id\":\"https:\/\/laprensacristiana.com\/?p=11792#breadcrumb\",\"itemListElement\":[{\"@type\":\"ListItem\",\"position\":1,\"name\":\"Portada\",\"item\":\"https:\/\/laprensacristiana.com\/\"},{\"@type\":\"ListItem\",\"position\":2,\"name\":\"\u00bfDios conmigo?\"}]},{\"@type\":\"WebSite\",\"@id\":\"https:\/\/laprensacristiana.com\/#website\",\"url\":\"https:\/\/laprensacristiana.com\/\",\"name\":\"La Prensa Cristiana\",\"description\":\"Anunciando Las Buenas Nuevas\",\"potentialAction\":[{\"@type\":\"SearchAction\",\"target\":{\"@type\":\"EntryPoint\",\"urlTemplate\":\"https:\/\/laprensacristiana.com\/?s={search_term_string}\"},\"query-input\":\"required name=search_term_string\"}],\"inLanguage\":\"es\"},{\"@type\":\"Person\",\"@id\":\"https:\/\/laprensacristiana.com\/#\/schema\/person\/3e7d82c6bfd6b1fa67010f8f7cd5256e\",\"name\":\"EDITOR\",\"image\":{\"@type\":\"ImageObject\",\"inLanguage\":\"es\",\"@id\":\"https:\/\/laprensacristiana.com\/#\/schema\/person\/image\/\",\"url\":\"https:\/\/secure.gravatar.com\/avatar\/72069dfb6c13772d9e8381e3638666d2?s=96&d=mm&r=g\",\"contentUrl\":\"https:\/\/secure.gravatar.com\/avatar\/72069dfb6c13772d9e8381e3638666d2?s=96&d=mm&r=g\",\"caption\":\"EDITOR\"},\"url\":\"https:\/\/laprensacristiana.com\/?author=3\"}]}<\/script>\n<!-- \/ Yoast SEO plugin. -->","yoast_head_json":{"title":"\u00bfDios conmigo? - La Prensa Cristiana","robots":{"index":"index","follow":"follow","max-snippet":"max-snippet:-1","max-image-preview":"max-image-preview:large","max-video-preview":"max-video-preview:-1"},"canonical":"https:\/\/laprensacristiana.com\/?p=11792","og_locale":"es_ES","og_type":"article","og_title":"\u00bfDios conmigo? - La Prensa Cristiana","og_description":"G\u00e9nesis 39:1-2 \u201cG\u00e9nesis 39:1-2 Cuando Jos\u00e9 fue llevado a Egipto, Potifar, un oficial egipcio de Fara\u00f3n, capit\u00e1n de la guardia, lo compr\u00f3 a los ismaelitas que lo hab\u00edan llevado all\u00e1.Y el SE\u00d1OR estaba con Jos\u00e9, que lleg\u00f3 a ser un hombre pr\u00f3spero, y estaba en la casa de su amo el egipcio\u201d Ni siquiera tratemos [&hellip;]","og_url":"https:\/\/laprensacristiana.com\/?p=11792","og_site_name":"La Prensa Cristiana","article_published_time":"2021-04-16T16:29:21+00:00","article_modified_time":"2021-04-16T16:29:22+00:00","og_image":[{"width":1280,"height":714,"url":"https:\/\/laprensacristiana.com\/wp-content\/uploads\/2021\/02\/IMG_20210215_163352_769.jpg","type":"image\/jpeg"}],"author":"EDITOR","twitter_card":"summary_large_image","twitter_misc":{"Escrito por":"EDITOR","Tiempo de lectura":"3 minutos"},"schema":{"@context":"https:\/\/schema.org","@graph":[{"@type":"WebPage","@id":"https:\/\/laprensacristiana.com\/?p=11792","url":"https:\/\/laprensacristiana.com\/?p=11792","name":"\u00bfDios conmigo? - La Prensa Cristiana","isPartOf":{"@id":"https:\/\/laprensacristiana.com\/#website"},"datePublished":"2021-04-16T16:29:21+00:00","dateModified":"2021-04-16T16:29:22+00:00","author":{"@id":"https:\/\/laprensacristiana.com\/#\/schema\/person\/3e7d82c6bfd6b1fa67010f8f7cd5256e"},"breadcrumb":{"@id":"https:\/\/laprensacristiana.com\/?p=11792#breadcrumb"},"inLanguage":"es","potentialAction":[{"@type":"ReadAction","target":["https:\/\/laprensacristiana.com\/?p=11792"]}]},{"@type":"BreadcrumbList","@id":"https:\/\/laprensacristiana.com\/?p=11792#breadcrumb","itemListElement":[{"@type":"ListItem","position":1,"name":"Portada","item":"https:\/\/laprensacristiana.com\/"},{"@type":"ListItem","position":2,"name":"\u00bfDios conmigo?"}]},{"@type":"WebSite","@id":"https:\/\/laprensacristiana.com\/#website","url":"https:\/\/laprensacristiana.com\/","name":"La Prensa Cristiana","description":"Anunciando Las Buenas Nuevas","potentialAction":[{"@type":"SearchAction","target":{"@type":"EntryPoint","urlTemplate":"https:\/\/laprensacristiana.com\/?s={search_term_string}"},"query-input":"required name=search_term_string"}],"inLanguage":"es"},{"@type":"Person","@id":"https:\/\/laprensacristiana.com\/#\/schema\/person\/3e7d82c6bfd6b1fa67010f8f7cd5256e","name":"EDITOR","image":{"@type":"ImageObject","inLanguage":"es","@id":"https:\/\/laprensacristiana.com\/#\/schema\/person\/image\/","url":"https:\/\/secure.gravatar.com\/avatar\/72069dfb6c13772d9e8381e3638666d2?s=96&d=mm&r=g","contentUrl":"https:\/\/secure.gravatar.com\/avatar\/72069dfb6c13772d9e8381e3638666d2?s=96&d=mm&r=g","caption":"EDITOR"},"url":"https:\/\/laprensacristiana.com\/?author=3"}]}},"_links":{"self":[{"href":"https:\/\/laprensacristiana.com\/index.php?rest_route=\/wp\/v2\/posts\/11792"}],"collection":[{"href":"https:\/\/laprensacristiana.com\/index.php?rest_route=\/wp\/v2\/posts"}],"about":[{"href":"https:\/\/laprensacristiana.com\/index.php?rest_route=\/wp\/v2\/types\/post"}],"author":[{"embeddable":true,"href":"https:\/\/laprensacristiana.com\/index.php?rest_route=\/wp\/v2\/users\/3"}],"replies":[{"embeddable":true,"href":"https:\/\/laprensacristiana.com\/index.php?rest_route=%2Fwp%2Fv2%2Fcomments&post=11792"}],"version-history":[{"count":1,"href":"https:\/\/laprensacristiana.com\/index.php?rest_route=\/wp\/v2\/posts\/11792\/revisions"}],"predecessor-version":[{"id":11793,"href":"https:\/\/laprensacristiana.com\/index.php?rest_route=\/wp\/v2\/posts\/11792\/revisions\/11793"}],"wp:featuredmedia":[{"embeddable":true,"href":"https:\/\/laprensacristiana.com\/index.php?rest_route=\/wp\/v2\/media\/11327"}],"wp:attachment":[{"href":"https:\/\/laprensacristiana.com\/index.php?rest_route=%2Fwp%2Fv2%2Fmedia&parent=11792"}],"wp:term":[{"taxonomy":"category","embeddable":true,"href":"https:\/\/laprensacristiana.com\/index.php?rest_route=%2Fwp%2Fv2%2Fcategories&post=11792"},{"taxonomy":"post_tag","embeddable":true,"href":"https:\/\/laprensacristiana.com\/index.php?rest_route=%2Fwp%2Fv2%2Ftags&post=11792"}],"curies":[{"name":"wp","href":"https:\/\/api.w.org\/{rel}","templated":true}]}}