{"id":11806,"date":"2021-04-19T14:07:13","date_gmt":"2021-04-19T14:07:13","guid":{"rendered":"https:\/\/laprensacristiana.com\/?p=11806"},"modified":"2021-04-19T14:07:14","modified_gmt":"2021-04-19T14:07:14","slug":"en-donde-se-perdio-todo","status":"publish","type":"post","link":"https:\/\/laprensacristiana.com\/?p=11806","title":{"rendered":"\u00bfEn d\u00f3nde se perdi\u00f3 todo?"},"content":{"rendered":"\n<p>\u00a1C\u00f3mo extra\u00f1o aquellos tiempos! No s\u00e9 si soy retr\u00f3grado, chapado a la antigua o es que me formaron bajo la escuela de algo que se llama respeto, integridad y honestidad.<\/p>\n\n\n\n<p>En una ocasi\u00f3n, cuando era un ni\u00f1o de unos siete u ocho a\u00f1os, estaba jugando con mi trompo frente a mi casa all\u00e1 en un pueblo que se llama Popt\u00fan, en el Pet\u00e9n, Guatemala. No se como fue pero mi trompo sali\u00f3 volando y golpee la puerta de la se\u00f1ora que viv\u00eda enfrente de nosotros.&nbsp; La se\u00f1ora sali\u00f3 enojada y me dio un coscorr\u00f3n y me devolvi\u00f3 mi trompo. Enojado yo, fui con mi mam\u00e1 a quejarme y ella me tom\u00f3 de la mano, fuimos a la casa de enfrente y las dos se\u00f1oras se pusieron a platicar de muchas cosas, mientras yo esperaba que mi mam\u00e1 le reclamara por qu\u00e9 me hab\u00eda golpeado.&nbsp; Despu\u00e9s de mucha pl\u00e1tica, mi mam\u00e1 le pidi\u00f3 disculpas porque su hijo -que era yo- le hab\u00eda golpeado su puerta. Luego me oblig\u00f3 a pedirle disculpas tambi\u00e9n.&nbsp;<\/p>\n\n\n\n<p>Cuando entramos en nuestra casa, le pregunt\u00e9 a mi mam\u00e1 porqu\u00e9 no le hab\u00eda reclamado a la se\u00f1ora su acci\u00f3n.&nbsp; Y en su respuesta me dio una gran lecci\u00f3n que hasta el d\u00eda de hoy no olvido.<\/p>\n\n\n\n<p>Me dijo: T\u00fa no solo eres mi hijo, tambi\u00e9n eres hijo de los vecinos. Ellos son tambi\u00e9n tus pap\u00e1s. Ellos tienen la obligaci\u00f3n de velar por tu buena conducta. Ellos est\u00e1n a cargo tuyo para ense\u00f1arte buenos modales mientras nosotros no te vemos y ellos s\u00ed. Nosotros, los vecinos, nos ayudamos mutuamente para educar, corregir e instruir a nuestros hijos. Tenemos la obligaci\u00f3n de ense\u00f1arles a los ni\u00f1os que vemos haciendo algo malo, porque si no lo hacemos, somos responsables de manchar nuestro pueblo, nuestra aldea, nuestra cuadra y el buen nombre de nuestras familias.&nbsp; Yo no quiero que nadie pueda decir que mis hijos son malcriados ni maleducados teniendo vecinos que me pueden ayudar a ense\u00f1arte buena educaci\u00f3n.<\/p>\n\n\n\n<p>Hoy que soy pastor, trato de hacerlo con los ni\u00f1os de mi congregaci\u00f3n. Pero hay un problema: Los padres rechazan la instrucci\u00f3n y educaci\u00f3n que se les quiere ense\u00f1ar a sus hijos. Hoy no se puede corregir una conducta inapropiada en ning\u00fan ni\u00f1o ni joven porque los primeros en rechazar la ayuda son los mismos padres. Ha pasado el tiempo y ya se perdi\u00f3 el concepto de vecindario. Hoy no se puede rega\u00f1ar ni mucho menos llamar la atenci\u00f3n de un hijo de vecino porque se corre el peligro de ser insultado, ultrajado y amenazado por una madre o un padre sobreprotector.&nbsp; L\u00e1stima. Ver a un joven fumando y no poder decirle que eso es incorrecto. Escuchar a una joven hablar con palabras obscenas y vulgares es prohibido.<\/p>\n\n\n\n<p>Por eso estamos como estamos.<\/p>\n","protected":false},"excerpt":{"rendered":"<p>\u00a1C\u00f3mo extra\u00f1o aquellos tiempos! No s\u00e9 si soy retr\u00f3grado, chapado a la antigua o es que me formaron bajo la escuela de algo que se llama respeto, integridad y honestidad. En una ocasi\u00f3n, cuando era un ni\u00f1o de unos siete u ocho a\u00f1os, estaba jugando con mi trompo frente a mi casa all\u00e1 en un [&hellip;]<\/p>\n","protected":false},"author":3,"featured_media":11327,"comment_status":"open","ping_status":"open","sticky":false,"template":"","format":"standard","meta":[],"categories":[36],"tags":[],"yoast_head":"<!-- This site is optimized with the Yoast SEO plugin v20.8 - https:\/\/yoast.com\/wordpress\/plugins\/seo\/ -->\n<title>\u00bfEn d\u00f3nde se perdi\u00f3 todo? - La Prensa Cristiana<\/title>\n<meta name=\"robots\" content=\"index, follow, max-snippet:-1, max-image-preview:large, max-video-preview:-1\" \/>\n<link rel=\"canonical\" href=\"https:\/\/laprensacristiana.com\/?p=11806\" \/>\n<meta property=\"og:locale\" content=\"es_ES\" \/>\n<meta property=\"og:type\" content=\"article\" \/>\n<meta property=\"og:title\" content=\"\u00bfEn d\u00f3nde se perdi\u00f3 todo? - La Prensa Cristiana\" \/>\n<meta property=\"og:description\" content=\"\u00a1C\u00f3mo extra\u00f1o aquellos tiempos! No s\u00e9 si soy retr\u00f3grado, chapado a la antigua o es que me formaron bajo la escuela de algo que se llama respeto, integridad y honestidad. En una ocasi\u00f3n, cuando era un ni\u00f1o de unos siete u ocho a\u00f1os, estaba jugando con mi trompo frente a mi casa all\u00e1 en un [&hellip;]\" \/>\n<meta property=\"og:url\" content=\"https:\/\/laprensacristiana.com\/?p=11806\" \/>\n<meta property=\"og:site_name\" content=\"La Prensa Cristiana\" \/>\n<meta property=\"article:published_time\" content=\"2021-04-19T14:07:13+00:00\" \/>\n<meta property=\"article:modified_time\" content=\"2021-04-19T14:07:14+00:00\" \/>\n<meta property=\"og:image\" content=\"https:\/\/laprensacristiana.com\/wp-content\/uploads\/2021\/02\/IMG_20210215_163352_769.jpg\" \/>\n\t<meta property=\"og:image:width\" content=\"1280\" \/>\n\t<meta property=\"og:image:height\" content=\"714\" \/>\n\t<meta property=\"og:image:type\" content=\"image\/jpeg\" \/>\n<meta name=\"author\" content=\"EDITOR\" \/>\n<meta name=\"twitter:card\" content=\"summary_large_image\" \/>\n<meta name=\"twitter:label1\" content=\"Escrito por\" \/>\n\t<meta name=\"twitter:data1\" content=\"EDITOR\" \/>\n\t<meta name=\"twitter:label2\" content=\"Tiempo de lectura\" \/>\n\t<meta name=\"twitter:data2\" content=\"3 minutos\" \/>\n<script type=\"application\/ld+json\" class=\"yoast-schema-graph\">{\"@context\":\"https:\/\/schema.org\",\"@graph\":[{\"@type\":\"WebPage\",\"@id\":\"https:\/\/laprensacristiana.com\/?p=11806\",\"url\":\"https:\/\/laprensacristiana.com\/?p=11806\",\"name\":\"\u00bfEn d\u00f3nde se perdi\u00f3 todo? - La Prensa Cristiana\",\"isPartOf\":{\"@id\":\"https:\/\/laprensacristiana.com\/#website\"},\"datePublished\":\"2021-04-19T14:07:13+00:00\",\"dateModified\":\"2021-04-19T14:07:14+00:00\",\"author\":{\"@id\":\"https:\/\/laprensacristiana.com\/#\/schema\/person\/3e7d82c6bfd6b1fa67010f8f7cd5256e\"},\"breadcrumb\":{\"@id\":\"https:\/\/laprensacristiana.com\/?p=11806#breadcrumb\"},\"inLanguage\":\"es\",\"potentialAction\":[{\"@type\":\"ReadAction\",\"target\":[\"https:\/\/laprensacristiana.com\/?p=11806\"]}]},{\"@type\":\"BreadcrumbList\",\"@id\":\"https:\/\/laprensacristiana.com\/?p=11806#breadcrumb\",\"itemListElement\":[{\"@type\":\"ListItem\",\"position\":1,\"name\":\"Portada\",\"item\":\"https:\/\/laprensacristiana.com\/\"},{\"@type\":\"ListItem\",\"position\":2,\"name\":\"\u00bfEn d\u00f3nde se perdi\u00f3 todo?\"}]},{\"@type\":\"WebSite\",\"@id\":\"https:\/\/laprensacristiana.com\/#website\",\"url\":\"https:\/\/laprensacristiana.com\/\",\"name\":\"La Prensa Cristiana\",\"description\":\"Anunciando Las Buenas Nuevas\",\"potentialAction\":[{\"@type\":\"SearchAction\",\"target\":{\"@type\":\"EntryPoint\",\"urlTemplate\":\"https:\/\/laprensacristiana.com\/?s={search_term_string}\"},\"query-input\":\"required name=search_term_string\"}],\"inLanguage\":\"es\"},{\"@type\":\"Person\",\"@id\":\"https:\/\/laprensacristiana.com\/#\/schema\/person\/3e7d82c6bfd6b1fa67010f8f7cd5256e\",\"name\":\"EDITOR\",\"image\":{\"@type\":\"ImageObject\",\"inLanguage\":\"es\",\"@id\":\"https:\/\/laprensacristiana.com\/#\/schema\/person\/image\/\",\"url\":\"https:\/\/secure.gravatar.com\/avatar\/72069dfb6c13772d9e8381e3638666d2?s=96&d=mm&r=g\",\"contentUrl\":\"https:\/\/secure.gravatar.com\/avatar\/72069dfb6c13772d9e8381e3638666d2?s=96&d=mm&r=g\",\"caption\":\"EDITOR\"},\"url\":\"https:\/\/laprensacristiana.com\/?author=3\"}]}<\/script>\n<!-- \/ Yoast SEO plugin. -->","yoast_head_json":{"title":"\u00bfEn d\u00f3nde se perdi\u00f3 todo? - La Prensa Cristiana","robots":{"index":"index","follow":"follow","max-snippet":"max-snippet:-1","max-image-preview":"max-image-preview:large","max-video-preview":"max-video-preview:-1"},"canonical":"https:\/\/laprensacristiana.com\/?p=11806","og_locale":"es_ES","og_type":"article","og_title":"\u00bfEn d\u00f3nde se perdi\u00f3 todo? - La Prensa Cristiana","og_description":"\u00a1C\u00f3mo extra\u00f1o aquellos tiempos! No s\u00e9 si soy retr\u00f3grado, chapado a la antigua o es que me formaron bajo la escuela de algo que se llama respeto, integridad y honestidad. En una ocasi\u00f3n, cuando era un ni\u00f1o de unos siete u ocho a\u00f1os, estaba jugando con mi trompo frente a mi casa all\u00e1 en un [&hellip;]","og_url":"https:\/\/laprensacristiana.com\/?p=11806","og_site_name":"La Prensa Cristiana","article_published_time":"2021-04-19T14:07:13+00:00","article_modified_time":"2021-04-19T14:07:14+00:00","og_image":[{"width":1280,"height":714,"url":"https:\/\/laprensacristiana.com\/wp-content\/uploads\/2021\/02\/IMG_20210215_163352_769.jpg","type":"image\/jpeg"}],"author":"EDITOR","twitter_card":"summary_large_image","twitter_misc":{"Escrito por":"EDITOR","Tiempo de lectura":"3 minutos"},"schema":{"@context":"https:\/\/schema.org","@graph":[{"@type":"WebPage","@id":"https:\/\/laprensacristiana.com\/?p=11806","url":"https:\/\/laprensacristiana.com\/?p=11806","name":"\u00bfEn d\u00f3nde se perdi\u00f3 todo? - La Prensa Cristiana","isPartOf":{"@id":"https:\/\/laprensacristiana.com\/#website"},"datePublished":"2021-04-19T14:07:13+00:00","dateModified":"2021-04-19T14:07:14+00:00","author":{"@id":"https:\/\/laprensacristiana.com\/#\/schema\/person\/3e7d82c6bfd6b1fa67010f8f7cd5256e"},"breadcrumb":{"@id":"https:\/\/laprensacristiana.com\/?p=11806#breadcrumb"},"inLanguage":"es","potentialAction":[{"@type":"ReadAction","target":["https:\/\/laprensacristiana.com\/?p=11806"]}]},{"@type":"BreadcrumbList","@id":"https:\/\/laprensacristiana.com\/?p=11806#breadcrumb","itemListElement":[{"@type":"ListItem","position":1,"name":"Portada","item":"https:\/\/laprensacristiana.com\/"},{"@type":"ListItem","position":2,"name":"\u00bfEn d\u00f3nde se perdi\u00f3 todo?"}]},{"@type":"WebSite","@id":"https:\/\/laprensacristiana.com\/#website","url":"https:\/\/laprensacristiana.com\/","name":"La Prensa Cristiana","description":"Anunciando Las Buenas Nuevas","potentialAction":[{"@type":"SearchAction","target":{"@type":"EntryPoint","urlTemplate":"https:\/\/laprensacristiana.com\/?s={search_term_string}"},"query-input":"required name=search_term_string"}],"inLanguage":"es"},{"@type":"Person","@id":"https:\/\/laprensacristiana.com\/#\/schema\/person\/3e7d82c6bfd6b1fa67010f8f7cd5256e","name":"EDITOR","image":{"@type":"ImageObject","inLanguage":"es","@id":"https:\/\/laprensacristiana.com\/#\/schema\/person\/image\/","url":"https:\/\/secure.gravatar.com\/avatar\/72069dfb6c13772d9e8381e3638666d2?s=96&d=mm&r=g","contentUrl":"https:\/\/secure.gravatar.com\/avatar\/72069dfb6c13772d9e8381e3638666d2?s=96&d=mm&r=g","caption":"EDITOR"},"url":"https:\/\/laprensacristiana.com\/?author=3"}]}},"_links":{"self":[{"href":"https:\/\/laprensacristiana.com\/index.php?rest_route=\/wp\/v2\/posts\/11806"}],"collection":[{"href":"https:\/\/laprensacristiana.com\/index.php?rest_route=\/wp\/v2\/posts"}],"about":[{"href":"https:\/\/laprensacristiana.com\/index.php?rest_route=\/wp\/v2\/types\/post"}],"author":[{"embeddable":true,"href":"https:\/\/laprensacristiana.com\/index.php?rest_route=\/wp\/v2\/users\/3"}],"replies":[{"embeddable":true,"href":"https:\/\/laprensacristiana.com\/index.php?rest_route=%2Fwp%2Fv2%2Fcomments&post=11806"}],"version-history":[{"count":1,"href":"https:\/\/laprensacristiana.com\/index.php?rest_route=\/wp\/v2\/posts\/11806\/revisions"}],"predecessor-version":[{"id":11807,"href":"https:\/\/laprensacristiana.com\/index.php?rest_route=\/wp\/v2\/posts\/11806\/revisions\/11807"}],"wp:featuredmedia":[{"embeddable":true,"href":"https:\/\/laprensacristiana.com\/index.php?rest_route=\/wp\/v2\/media\/11327"}],"wp:attachment":[{"href":"https:\/\/laprensacristiana.com\/index.php?rest_route=%2Fwp%2Fv2%2Fmedia&parent=11806"}],"wp:term":[{"taxonomy":"category","embeddable":true,"href":"https:\/\/laprensacristiana.com\/index.php?rest_route=%2Fwp%2Fv2%2Fcategories&post=11806"},{"taxonomy":"post_tag","embeddable":true,"href":"https:\/\/laprensacristiana.com\/index.php?rest_route=%2Fwp%2Fv2%2Ftags&post=11806"}],"curies":[{"name":"wp","href":"https:\/\/api.w.org\/{rel}","templated":true}]}}