{"id":11815,"date":"2021-04-20T16:39:58","date_gmt":"2021-04-20T16:39:58","guid":{"rendered":"https:\/\/laprensacristiana.com\/?p=11815"},"modified":"2021-04-20T16:39:59","modified_gmt":"2021-04-20T16:39:59","slug":"premios-arpa-da-a-conocer-los-nominados-para-el-2021","status":"publish","type":"post","link":"https:\/\/laprensacristiana.com\/?p=11815","title":{"rendered":"Premios ARPA da a conocer los nominados para el 2021"},"content":{"rendered":"\n<p>La Academia Nacional de la M\u00fasica y las Artes Cristianas\u00ae Es la primera Asociaci\u00f3n Cristiana creada para el apoyo de la M\u00fasica y las Artes Cristianas en Espa\u00f1ol.<\/p>\n\n\n\n<p>En el a\u00f1o 2003 se realiz\u00f3 la primera entrega anual de premios Arpa, convirti\u00e9ndose en la primera entrega internacional de reconocimientos al g\u00e9nero cristiano hispanohablante en la historia y presentando al mundo la c\u00e1lidad del g\u00e9nero cristiano y el mensaje del Se\u00f1or Jesucristo.<\/p>\n\n\n\n<p>La Academia ARPA reconoce el m\u00e9rito&nbsp; art\u00edstico o t\u00e9cnico, los ganadores son elegidos por votos de los mismos colegas.<\/p>\n\n\n\n<p>Cada a\u00f1o la Academia hace entrega de los premios en un evento lleno de m\u00fasica, reuniendo a reconocidos exponentes de la m\u00fasica cristiana, considerado el evento m\u00e1s prestigioso transmitido por televisi\u00f3n,&nbsp; radio e Internet.<\/p>\n\n\n\n<p>Las categor\u00edas premiadas son:<\/p>\n\n\n\n<p>Canci\u00f3n del A\u00f1o<br>Lanzamiento del a\u00f1o Solista\/ Grupo<br>Album del A\u00f1o<br>\u00c1lbum en Vivo<br>Album Clasico \/ Instrumental \/ Coral<br>Productor del A\u00f1o<br>Album Regional\/Tropical<br>Compositor del A\u00f1o<br>Album del A\u00f1o<br>\u00c1lbum Vocal Masculino<br>Dise\u00f1o de Portada<br>Album Vocal Femenino<br>Video Musical<br>Album del A\u00f1o<br>\u00c1lbum de Rock<br>\u00c1lbum de Rock en Vivo<br>\u00c1lbum Urbano \/ Alternativo<br>Album Independiente<br>\u00c1lbum de Cantautor<br>Canci\u00f3n en Participaci\u00f3n<br>Premio Especial de la Academia<\/p>\n\n\n\n<p>La lista de nominados ya se encuentra disponible en el sitio oficial de Premios ARPA en el siguiente link:<\/p>\n\n\n\n<figure class=\"wp-block-embed-wordpress wp-block-embed is-type-wp-embed is-provider-premios-arpa\"><div class=\"wp-block-embed__wrapper\">\n<blockquote class=\"wp-embedded-content\" data-secret=\"FtExwNCrHX\"><a href=\"http:\/\/premiosarpa.org\/2021\/04\/14\/xvi-edicion-premios-arpa\/\">XVI EDICI\u00d3N PREMIOS ARPA<\/a><\/blockquote><iframe class=\"wp-embedded-content\" sandbox=\"allow-scripts\" security=\"restricted\" style=\"position: absolute; clip: rect(1px, 1px, 1px, 1px);\" title=\"&#8220;XVI EDICI\u00d3N PREMIOS ARPA&#8221; &#8212; Premios ARPA\" src=\"http:\/\/premiosarpa.org\/2021\/04\/14\/xvi-edicion-premios-arpa\/embed\/#?secret=FtExwNCrHX\" data-secret=\"FtExwNCrHX\" width=\"600\" height=\"338\" frameborder=\"0\" marginwidth=\"0\" marginheight=\"0\" scrolling=\"no\"><\/iframe>\n<\/div><\/figure>\n","protected":false},"excerpt":{"rendered":"<p>La Academia Nacional de la M\u00fasica y las Artes Cristianas\u00ae Es la primera Asociaci\u00f3n Cristiana creada para el apoyo de la M\u00fasica y las Artes Cristianas en Espa\u00f1ol. En el a\u00f1o 2003 se realiz\u00f3 la primera entrega anual de premios Arpa, convirti\u00e9ndose en la primera entrega internacional de reconocimientos al g\u00e9nero cristiano hispanohablante en la [&hellip;]<\/p>\n","protected":false},"author":3,"featured_media":11816,"comment_status":"open","ping_status":"open","sticky":false,"template":"","format":"standard","meta":[],"categories":[56],"tags":[],"yoast_head":"<!-- This site is optimized with the Yoast SEO plugin v20.8 - https:\/\/yoast.com\/wordpress\/plugins\/seo\/ -->\n<title>Premios ARPA da a conocer los nominados para el 2021 - La Prensa Cristiana<\/title>\n<meta name=\"robots\" content=\"index, follow, max-snippet:-1, max-image-preview:large, max-video-preview:-1\" \/>\n<link rel=\"canonical\" href=\"https:\/\/laprensacristiana.com\/?p=11815\" \/>\n<meta property=\"og:locale\" content=\"es_ES\" \/>\n<meta property=\"og:type\" content=\"article\" \/>\n<meta property=\"og:title\" content=\"Premios ARPA da a conocer los nominados para el 2021 - La Prensa Cristiana\" \/>\n<meta property=\"og:description\" content=\"La Academia Nacional de la M\u00fasica y las Artes Cristianas\u00ae Es la primera Asociaci\u00f3n Cristiana creada para el apoyo de la M\u00fasica y las Artes Cristianas en Espa\u00f1ol. En el a\u00f1o 2003 se realiz\u00f3 la primera entrega anual de premios Arpa, convirti\u00e9ndose en la primera entrega internacional de reconocimientos al g\u00e9nero cristiano hispanohablante en la [&hellip;]\" \/>\n<meta property=\"og:url\" content=\"https:\/\/laprensacristiana.com\/?p=11815\" \/>\n<meta property=\"og:site_name\" content=\"La Prensa Cristiana\" \/>\n<meta property=\"article:published_time\" content=\"2021-04-20T16:39:58+00:00\" \/>\n<meta property=\"article:modified_time\" content=\"2021-04-20T16:39:59+00:00\" \/>\n<meta property=\"og:image\" content=\"https:\/\/laprensacristiana.com\/wp-content\/uploads\/2021\/04\/WhatsApp-Image-2021-04-20-at-10.38.41-AM.jpeg\" \/>\n\t<meta property=\"og:image:width\" content=\"1920\" \/>\n\t<meta property=\"og:image:height\" content=\"1080\" \/>\n\t<meta property=\"og:image:type\" content=\"image\/jpeg\" \/>\n<meta name=\"author\" content=\"EDITOR\" \/>\n<meta name=\"twitter:card\" content=\"summary_large_image\" \/>\n<meta name=\"twitter:label1\" content=\"Escrito por\" \/>\n\t<meta name=\"twitter:data1\" content=\"EDITOR\" \/>\n\t<meta name=\"twitter:label2\" content=\"Tiempo de lectura\" \/>\n\t<meta name=\"twitter:data2\" content=\"1 minuto\" \/>\n<script type=\"application\/ld+json\" class=\"yoast-schema-graph\">{\"@context\":\"https:\/\/schema.org\",\"@graph\":[{\"@type\":\"WebPage\",\"@id\":\"https:\/\/laprensacristiana.com\/?p=11815\",\"url\":\"https:\/\/laprensacristiana.com\/?p=11815\",\"name\":\"Premios ARPA da a conocer los nominados para el 2021 - La Prensa Cristiana\",\"isPartOf\":{\"@id\":\"https:\/\/laprensacristiana.com\/#website\"},\"datePublished\":\"2021-04-20T16:39:58+00:00\",\"dateModified\":\"2021-04-20T16:39:59+00:00\",\"author\":{\"@id\":\"https:\/\/laprensacristiana.com\/#\/schema\/person\/3e7d82c6bfd6b1fa67010f8f7cd5256e\"},\"breadcrumb\":{\"@id\":\"https:\/\/laprensacristiana.com\/?p=11815#breadcrumb\"},\"inLanguage\":\"es\",\"potentialAction\":[{\"@type\":\"ReadAction\",\"target\":[\"https:\/\/laprensacristiana.com\/?p=11815\"]}]},{\"@type\":\"BreadcrumbList\",\"@id\":\"https:\/\/laprensacristiana.com\/?p=11815#breadcrumb\",\"itemListElement\":[{\"@type\":\"ListItem\",\"position\":1,\"name\":\"Portada\",\"item\":\"https:\/\/laprensacristiana.com\/\"},{\"@type\":\"ListItem\",\"position\":2,\"name\":\"Premios ARPA da a conocer los nominados para el 2021\"}]},{\"@type\":\"WebSite\",\"@id\":\"https:\/\/laprensacristiana.com\/#website\",\"url\":\"https:\/\/laprensacristiana.com\/\",\"name\":\"La Prensa Cristiana\",\"description\":\"Anunciando Las Buenas Nuevas\",\"potentialAction\":[{\"@type\":\"SearchAction\",\"target\":{\"@type\":\"EntryPoint\",\"urlTemplate\":\"https:\/\/laprensacristiana.com\/?s={search_term_string}\"},\"query-input\":\"required name=search_term_string\"}],\"inLanguage\":\"es\"},{\"@type\":\"Person\",\"@id\":\"https:\/\/laprensacristiana.com\/#\/schema\/person\/3e7d82c6bfd6b1fa67010f8f7cd5256e\",\"name\":\"EDITOR\",\"image\":{\"@type\":\"ImageObject\",\"inLanguage\":\"es\",\"@id\":\"https:\/\/laprensacristiana.com\/#\/schema\/person\/image\/\",\"url\":\"https:\/\/secure.gravatar.com\/avatar\/72069dfb6c13772d9e8381e3638666d2?s=96&d=mm&r=g\",\"contentUrl\":\"https:\/\/secure.gravatar.com\/avatar\/72069dfb6c13772d9e8381e3638666d2?s=96&d=mm&r=g\",\"caption\":\"EDITOR\"},\"url\":\"https:\/\/laprensacristiana.com\/?author=3\"}]}<\/script>\n<!-- \/ Yoast SEO plugin. -->","yoast_head_json":{"title":"Premios ARPA da a conocer los nominados para el 2021 - La Prensa Cristiana","robots":{"index":"index","follow":"follow","max-snippet":"max-snippet:-1","max-image-preview":"max-image-preview:large","max-video-preview":"max-video-preview:-1"},"canonical":"https:\/\/laprensacristiana.com\/?p=11815","og_locale":"es_ES","og_type":"article","og_title":"Premios ARPA da a conocer los nominados para el 2021 - La Prensa Cristiana","og_description":"La Academia Nacional de la M\u00fasica y las Artes Cristianas\u00ae Es la primera Asociaci\u00f3n Cristiana creada para el apoyo de la M\u00fasica y las Artes Cristianas en Espa\u00f1ol. En el a\u00f1o 2003 se realiz\u00f3 la primera entrega anual de premios Arpa, convirti\u00e9ndose en la primera entrega internacional de reconocimientos al g\u00e9nero cristiano hispanohablante en la [&hellip;]","og_url":"https:\/\/laprensacristiana.com\/?p=11815","og_site_name":"La Prensa Cristiana","article_published_time":"2021-04-20T16:39:58+00:00","article_modified_time":"2021-04-20T16:39:59+00:00","og_image":[{"width":1920,"height":1080,"url":"https:\/\/laprensacristiana.com\/wp-content\/uploads\/2021\/04\/WhatsApp-Image-2021-04-20-at-10.38.41-AM.jpeg","type":"image\/jpeg"}],"author":"EDITOR","twitter_card":"summary_large_image","twitter_misc":{"Escrito por":"EDITOR","Tiempo de lectura":"1 minuto"},"schema":{"@context":"https:\/\/schema.org","@graph":[{"@type":"WebPage","@id":"https:\/\/laprensacristiana.com\/?p=11815","url":"https:\/\/laprensacristiana.com\/?p=11815","name":"Premios ARPA da a conocer los nominados para el 2021 - La Prensa Cristiana","isPartOf":{"@id":"https:\/\/laprensacristiana.com\/#website"},"datePublished":"2021-04-20T16:39:58+00:00","dateModified":"2021-04-20T16:39:59+00:00","author":{"@id":"https:\/\/laprensacristiana.com\/#\/schema\/person\/3e7d82c6bfd6b1fa67010f8f7cd5256e"},"breadcrumb":{"@id":"https:\/\/laprensacristiana.com\/?p=11815#breadcrumb"},"inLanguage":"es","potentialAction":[{"@type":"ReadAction","target":["https:\/\/laprensacristiana.com\/?p=11815"]}]},{"@type":"BreadcrumbList","@id":"https:\/\/laprensacristiana.com\/?p=11815#breadcrumb","itemListElement":[{"@type":"ListItem","position":1,"name":"Portada","item":"https:\/\/laprensacristiana.com\/"},{"@type":"ListItem","position":2,"name":"Premios ARPA da a conocer los nominados para el 2021"}]},{"@type":"WebSite","@id":"https:\/\/laprensacristiana.com\/#website","url":"https:\/\/laprensacristiana.com\/","name":"La Prensa Cristiana","description":"Anunciando Las Buenas Nuevas","potentialAction":[{"@type":"SearchAction","target":{"@type":"EntryPoint","urlTemplate":"https:\/\/laprensacristiana.com\/?s={search_term_string}"},"query-input":"required name=search_term_string"}],"inLanguage":"es"},{"@type":"Person","@id":"https:\/\/laprensacristiana.com\/#\/schema\/person\/3e7d82c6bfd6b1fa67010f8f7cd5256e","name":"EDITOR","image":{"@type":"ImageObject","inLanguage":"es","@id":"https:\/\/laprensacristiana.com\/#\/schema\/person\/image\/","url":"https:\/\/secure.gravatar.com\/avatar\/72069dfb6c13772d9e8381e3638666d2?s=96&d=mm&r=g","contentUrl":"https:\/\/secure.gravatar.com\/avatar\/72069dfb6c13772d9e8381e3638666d2?s=96&d=mm&r=g","caption":"EDITOR"},"url":"https:\/\/laprensacristiana.com\/?author=3"}]}},"_links":{"self":[{"href":"https:\/\/laprensacristiana.com\/index.php?rest_route=\/wp\/v2\/posts\/11815"}],"collection":[{"href":"https:\/\/laprensacristiana.com\/index.php?rest_route=\/wp\/v2\/posts"}],"about":[{"href":"https:\/\/laprensacristiana.com\/index.php?rest_route=\/wp\/v2\/types\/post"}],"author":[{"embeddable":true,"href":"https:\/\/laprensacristiana.com\/index.php?rest_route=\/wp\/v2\/users\/3"}],"replies":[{"embeddable":true,"href":"https:\/\/laprensacristiana.com\/index.php?rest_route=%2Fwp%2Fv2%2Fcomments&post=11815"}],"version-history":[{"count":1,"href":"https:\/\/laprensacristiana.com\/index.php?rest_route=\/wp\/v2\/posts\/11815\/revisions"}],"predecessor-version":[{"id":11817,"href":"https:\/\/laprensacristiana.com\/index.php?rest_route=\/wp\/v2\/posts\/11815\/revisions\/11817"}],"wp:featuredmedia":[{"embeddable":true,"href":"https:\/\/laprensacristiana.com\/index.php?rest_route=\/wp\/v2\/media\/11816"}],"wp:attachment":[{"href":"https:\/\/laprensacristiana.com\/index.php?rest_route=%2Fwp%2Fv2%2Fmedia&parent=11815"}],"wp:term":[{"taxonomy":"category","embeddable":true,"href":"https:\/\/laprensacristiana.com\/index.php?rest_route=%2Fwp%2Fv2%2Fcategories&post=11815"},{"taxonomy":"post_tag","embeddable":true,"href":"https:\/\/laprensacristiana.com\/index.php?rest_route=%2Fwp%2Fv2%2Ftags&post=11815"}],"curies":[{"name":"wp","href":"https:\/\/api.w.org\/{rel}","templated":true}]}}