{"id":11821,"date":"2021-04-21T13:03:26","date_gmt":"2021-04-21T13:03:26","guid":{"rendered":"https:\/\/laprensacristiana.com\/?p=11821"},"modified":"2021-04-21T13:03:27","modified_gmt":"2021-04-21T13:03:27","slug":"que-haces-aqui-elias","status":"publish","type":"post","link":"https:\/\/laprensacristiana.com\/?p=11821","title":{"rendered":"\u00bfQu\u00e9 haces aqu\u00ed, El\u00edas?"},"content":{"rendered":"\n<p>Cuando el hombre llega al l\u00edmite de sus fuerzas, la tendencia es escondernos en alguna cueva. Algunos nos escondemos en la cueva del silencio. Otros en la cueva de la c\u00f3lera y el enojo. Otros m\u00e1s en las cuevas de alg\u00fan vicio oculto. Y es que el hombre no fue hecho para resistir mucha tensi\u00f3n. Como las cuerdas de una guitarra, si lo tensan demasiado ya no produce m\u00fasica ni entona melod\u00edas sino todo lo contrario: destila cansancio, apat\u00eda y neurastenia.<\/p>\n\n\n\n<p>Eso le sucedi\u00f3 a El\u00edas. Acaba de tener una extraordinaria experiencia m\u00edstica con Dios. Los profetas falsos fueron acabados por la fuerza de su brazo. El crepitar del fuego a\u00fan no se ha apagado cuando una noticia le llega al gran hombre de Israel. Jezabel le env\u00eda un mensaje. Solo uno. Pero ese uno fue suficiente para hacerlo caer en el abandono moral. Y cae rendido en los brazos de una depresi\u00f3n fulminante. Se pone a dormir. Pero no es un dormir en paz. Es dormir para huir. Para huir de la realidad que lo amenaza. Duerme para esconderse. Como el avestruz, entierra sus miedos en la oscuridad del sue\u00f1o.<\/p>\n\n\n\n<p>Era una noche de novilunio. El cielo de un azul violeta, envolv\u00eda el paisaje en una calma profunda, arengada y luminosa, la paz de la noche ca\u00eda de los cielos y las cimas, el llano suspira como un ni\u00f1o dormido, la selva moribunda vert\u00eda a distancia, el apaciguamiento de su sombra sagrada. En las manchas negruzcas de los estanques, la luna naciente vert\u00eda claridades verdes de algas marinas. Un jir\u00f3n del eterno misterio pesaba sobre el llano, atento, y en la paz religiosa de la hora, la sabana parec\u00eda recogida como para el engendramiento de un milagro, y el campo todo, pac\u00edfico y grave como si esperara el paso de un profeta.<\/p>\n\n\n\n<p>Y la Voz suave y tierna de Dios se hizo escuchar en el silbo apacible. Solo una pregunta reson\u00f3 en los o\u00eddos del profeta vencedor pero ahora vencido: \u00bfQue haces aqu\u00ed El\u00edas? Y esa es la pregunta para muchos de nosotros, los pregoneros de esperanza. Los mensajeros del Cielo, los que van por el camino de piedras abriendo el sendero para llevar ante la Presencia a aquellos que anhelan el descanso para sus almas agotadas y cansadas.<\/p>\n\n\n\n<p>\u00bfQue hace usted, querido hermano escondido en su cueva? \u00bfQue hace usted, apreciable hermana, hija del Dios Alt\u00edsimo, escondida en esa cueva de tristeza, amargura, soledad y apat\u00eda? Hay que salir de all\u00ed porque alguna viuda est\u00e1 esperando un milagro. Un milagro que solo usted o yo podemos llevar a cabo. El milagro del Silbo apacible. \u00a1Vamos! Coma de la Palabra de Dios que largo camino nos espera. Porque la mejor Cueva a la que podemos huir es el Corazon de Jesus, porque a\u00fan hay montes que subir, monta\u00f1as que vencer, metas que ganar, vidas que cambiar, sue\u00f1os que realizar\u2026<\/p>\n","protected":false},"excerpt":{"rendered":"<p>Cuando el hombre llega al l\u00edmite de sus fuerzas, la tendencia es escondernos en alguna cueva. Algunos nos escondemos en la cueva del silencio. Otros en la cueva de la c\u00f3lera y el enojo. Otros m\u00e1s en las cuevas de alg\u00fan vicio oculto. Y es que el hombre no fue hecho para resistir mucha tensi\u00f3n. [&hellip;]<\/p>\n","protected":false},"author":3,"featured_media":11327,"comment_status":"open","ping_status":"open","sticky":false,"template":"","format":"standard","meta":[],"categories":[36],"tags":[],"yoast_head":"<!-- This site is optimized with the Yoast SEO plugin v20.8 - https:\/\/yoast.com\/wordpress\/plugins\/seo\/ -->\n<title>\u00bfQu\u00e9 haces aqu\u00ed, El\u00edas? - La Prensa Cristiana<\/title>\n<meta name=\"robots\" content=\"index, follow, max-snippet:-1, max-image-preview:large, max-video-preview:-1\" \/>\n<link rel=\"canonical\" href=\"https:\/\/laprensacristiana.com\/?p=11821\" \/>\n<meta property=\"og:locale\" content=\"es_ES\" \/>\n<meta property=\"og:type\" content=\"article\" \/>\n<meta property=\"og:title\" content=\"\u00bfQu\u00e9 haces aqu\u00ed, El\u00edas? - La Prensa Cristiana\" \/>\n<meta property=\"og:description\" content=\"Cuando el hombre llega al l\u00edmite de sus fuerzas, la tendencia es escondernos en alguna cueva. Algunos nos escondemos en la cueva del silencio. Otros en la cueva de la c\u00f3lera y el enojo. Otros m\u00e1s en las cuevas de alg\u00fan vicio oculto. Y es que el hombre no fue hecho para resistir mucha tensi\u00f3n. [&hellip;]\" \/>\n<meta property=\"og:url\" content=\"https:\/\/laprensacristiana.com\/?p=11821\" \/>\n<meta property=\"og:site_name\" content=\"La Prensa Cristiana\" \/>\n<meta property=\"article:published_time\" content=\"2021-04-21T13:03:26+00:00\" \/>\n<meta property=\"article:modified_time\" content=\"2021-04-21T13:03:27+00:00\" \/>\n<meta property=\"og:image\" content=\"https:\/\/laprensacristiana.com\/wp-content\/uploads\/2021\/02\/IMG_20210215_163352_769.jpg\" \/>\n\t<meta property=\"og:image:width\" content=\"1280\" \/>\n\t<meta property=\"og:image:height\" content=\"714\" \/>\n\t<meta property=\"og:image:type\" content=\"image\/jpeg\" \/>\n<meta name=\"author\" content=\"EDITOR\" \/>\n<meta name=\"twitter:card\" content=\"summary_large_image\" \/>\n<meta name=\"twitter:label1\" content=\"Escrito por\" \/>\n\t<meta name=\"twitter:data1\" content=\"EDITOR\" \/>\n\t<meta name=\"twitter:label2\" content=\"Tiempo de lectura\" \/>\n\t<meta name=\"twitter:data2\" content=\"3 minutos\" \/>\n<script type=\"application\/ld+json\" class=\"yoast-schema-graph\">{\"@context\":\"https:\/\/schema.org\",\"@graph\":[{\"@type\":\"WebPage\",\"@id\":\"https:\/\/laprensacristiana.com\/?p=11821\",\"url\":\"https:\/\/laprensacristiana.com\/?p=11821\",\"name\":\"\u00bfQu\u00e9 haces aqu\u00ed, El\u00edas? - La Prensa Cristiana\",\"isPartOf\":{\"@id\":\"https:\/\/laprensacristiana.com\/#website\"},\"datePublished\":\"2021-04-21T13:03:26+00:00\",\"dateModified\":\"2021-04-21T13:03:27+00:00\",\"author\":{\"@id\":\"https:\/\/laprensacristiana.com\/#\/schema\/person\/3e7d82c6bfd6b1fa67010f8f7cd5256e\"},\"breadcrumb\":{\"@id\":\"https:\/\/laprensacristiana.com\/?p=11821#breadcrumb\"},\"inLanguage\":\"es\",\"potentialAction\":[{\"@type\":\"ReadAction\",\"target\":[\"https:\/\/laprensacristiana.com\/?p=11821\"]}]},{\"@type\":\"BreadcrumbList\",\"@id\":\"https:\/\/laprensacristiana.com\/?p=11821#breadcrumb\",\"itemListElement\":[{\"@type\":\"ListItem\",\"position\":1,\"name\":\"Portada\",\"item\":\"https:\/\/laprensacristiana.com\/\"},{\"@type\":\"ListItem\",\"position\":2,\"name\":\"\u00bfQu\u00e9 haces aqu\u00ed, El\u00edas?\"}]},{\"@type\":\"WebSite\",\"@id\":\"https:\/\/laprensacristiana.com\/#website\",\"url\":\"https:\/\/laprensacristiana.com\/\",\"name\":\"La Prensa Cristiana\",\"description\":\"Anunciando Las Buenas Nuevas\",\"potentialAction\":[{\"@type\":\"SearchAction\",\"target\":{\"@type\":\"EntryPoint\",\"urlTemplate\":\"https:\/\/laprensacristiana.com\/?s={search_term_string}\"},\"query-input\":\"required name=search_term_string\"}],\"inLanguage\":\"es\"},{\"@type\":\"Person\",\"@id\":\"https:\/\/laprensacristiana.com\/#\/schema\/person\/3e7d82c6bfd6b1fa67010f8f7cd5256e\",\"name\":\"EDITOR\",\"image\":{\"@type\":\"ImageObject\",\"inLanguage\":\"es\",\"@id\":\"https:\/\/laprensacristiana.com\/#\/schema\/person\/image\/\",\"url\":\"https:\/\/secure.gravatar.com\/avatar\/72069dfb6c13772d9e8381e3638666d2?s=96&d=mm&r=g\",\"contentUrl\":\"https:\/\/secure.gravatar.com\/avatar\/72069dfb6c13772d9e8381e3638666d2?s=96&d=mm&r=g\",\"caption\":\"EDITOR\"},\"url\":\"https:\/\/laprensacristiana.com\/?author=3\"}]}<\/script>\n<!-- \/ Yoast SEO plugin. -->","yoast_head_json":{"title":"\u00bfQu\u00e9 haces aqu\u00ed, El\u00edas? - La Prensa Cristiana","robots":{"index":"index","follow":"follow","max-snippet":"max-snippet:-1","max-image-preview":"max-image-preview:large","max-video-preview":"max-video-preview:-1"},"canonical":"https:\/\/laprensacristiana.com\/?p=11821","og_locale":"es_ES","og_type":"article","og_title":"\u00bfQu\u00e9 haces aqu\u00ed, El\u00edas? - La Prensa Cristiana","og_description":"Cuando el hombre llega al l\u00edmite de sus fuerzas, la tendencia es escondernos en alguna cueva. Algunos nos escondemos en la cueva del silencio. Otros en la cueva de la c\u00f3lera y el enojo. Otros m\u00e1s en las cuevas de alg\u00fan vicio oculto. Y es que el hombre no fue hecho para resistir mucha tensi\u00f3n. [&hellip;]","og_url":"https:\/\/laprensacristiana.com\/?p=11821","og_site_name":"La Prensa Cristiana","article_published_time":"2021-04-21T13:03:26+00:00","article_modified_time":"2021-04-21T13:03:27+00:00","og_image":[{"width":1280,"height":714,"url":"https:\/\/laprensacristiana.com\/wp-content\/uploads\/2021\/02\/IMG_20210215_163352_769.jpg","type":"image\/jpeg"}],"author":"EDITOR","twitter_card":"summary_large_image","twitter_misc":{"Escrito por":"EDITOR","Tiempo de lectura":"3 minutos"},"schema":{"@context":"https:\/\/schema.org","@graph":[{"@type":"WebPage","@id":"https:\/\/laprensacristiana.com\/?p=11821","url":"https:\/\/laprensacristiana.com\/?p=11821","name":"\u00bfQu\u00e9 haces aqu\u00ed, El\u00edas? - La Prensa Cristiana","isPartOf":{"@id":"https:\/\/laprensacristiana.com\/#website"},"datePublished":"2021-04-21T13:03:26+00:00","dateModified":"2021-04-21T13:03:27+00:00","author":{"@id":"https:\/\/laprensacristiana.com\/#\/schema\/person\/3e7d82c6bfd6b1fa67010f8f7cd5256e"},"breadcrumb":{"@id":"https:\/\/laprensacristiana.com\/?p=11821#breadcrumb"},"inLanguage":"es","potentialAction":[{"@type":"ReadAction","target":["https:\/\/laprensacristiana.com\/?p=11821"]}]},{"@type":"BreadcrumbList","@id":"https:\/\/laprensacristiana.com\/?p=11821#breadcrumb","itemListElement":[{"@type":"ListItem","position":1,"name":"Portada","item":"https:\/\/laprensacristiana.com\/"},{"@type":"ListItem","position":2,"name":"\u00bfQu\u00e9 haces aqu\u00ed, El\u00edas?"}]},{"@type":"WebSite","@id":"https:\/\/laprensacristiana.com\/#website","url":"https:\/\/laprensacristiana.com\/","name":"La Prensa Cristiana","description":"Anunciando Las Buenas Nuevas","potentialAction":[{"@type":"SearchAction","target":{"@type":"EntryPoint","urlTemplate":"https:\/\/laprensacristiana.com\/?s={search_term_string}"},"query-input":"required name=search_term_string"}],"inLanguage":"es"},{"@type":"Person","@id":"https:\/\/laprensacristiana.com\/#\/schema\/person\/3e7d82c6bfd6b1fa67010f8f7cd5256e","name":"EDITOR","image":{"@type":"ImageObject","inLanguage":"es","@id":"https:\/\/laprensacristiana.com\/#\/schema\/person\/image\/","url":"https:\/\/secure.gravatar.com\/avatar\/72069dfb6c13772d9e8381e3638666d2?s=96&d=mm&r=g","contentUrl":"https:\/\/secure.gravatar.com\/avatar\/72069dfb6c13772d9e8381e3638666d2?s=96&d=mm&r=g","caption":"EDITOR"},"url":"https:\/\/laprensacristiana.com\/?author=3"}]}},"_links":{"self":[{"href":"https:\/\/laprensacristiana.com\/index.php?rest_route=\/wp\/v2\/posts\/11821"}],"collection":[{"href":"https:\/\/laprensacristiana.com\/index.php?rest_route=\/wp\/v2\/posts"}],"about":[{"href":"https:\/\/laprensacristiana.com\/index.php?rest_route=\/wp\/v2\/types\/post"}],"author":[{"embeddable":true,"href":"https:\/\/laprensacristiana.com\/index.php?rest_route=\/wp\/v2\/users\/3"}],"replies":[{"embeddable":true,"href":"https:\/\/laprensacristiana.com\/index.php?rest_route=%2Fwp%2Fv2%2Fcomments&post=11821"}],"version-history":[{"count":1,"href":"https:\/\/laprensacristiana.com\/index.php?rest_route=\/wp\/v2\/posts\/11821\/revisions"}],"predecessor-version":[{"id":11822,"href":"https:\/\/laprensacristiana.com\/index.php?rest_route=\/wp\/v2\/posts\/11821\/revisions\/11822"}],"wp:featuredmedia":[{"embeddable":true,"href":"https:\/\/laprensacristiana.com\/index.php?rest_route=\/wp\/v2\/media\/11327"}],"wp:attachment":[{"href":"https:\/\/laprensacristiana.com\/index.php?rest_route=%2Fwp%2Fv2%2Fmedia&parent=11821"}],"wp:term":[{"taxonomy":"category","embeddable":true,"href":"https:\/\/laprensacristiana.com\/index.php?rest_route=%2Fwp%2Fv2%2Fcategories&post=11821"},{"taxonomy":"post_tag","embeddable":true,"href":"https:\/\/laprensacristiana.com\/index.php?rest_route=%2Fwp%2Fv2%2Ftags&post=11821"}],"curies":[{"name":"wp","href":"https:\/\/api.w.org\/{rel}","templated":true}]}}